{"id":9948,"date":"2018-07-18T12:36:44","date_gmt":"2018-07-18T12:36:44","guid":{"rendered":"https:\/\/infotorrent.es\/uncategorized\/la-torrentina-amparo-carratala-nominada-com-a-perruquera-de-lany-en-els-premis-tct-awards\/"},"modified":"2018-07-18T12:39:31","modified_gmt":"2018-07-18T12:39:31","slug":"la-torrentina-amparo-carratala-nominada-com-a-perruquera-de-lany-en-els-premis-tct-awards","status":"publish","type":"post","link":"https:\/\/infotorrent.es\/ca\/noticies\/la-torrentina-amparo-carratala-nominada-com-a-perruquera-de-lany-en-els-premis-tct-awards\/","title":{"rendered":"La torrentina Amparo Carratal\u00e1, nominada com a Perruquera de l&#8217;Any en els premis TCT Awards"},"content":{"rendered":"<p style=\"text-align: justify;\">La torrentina Amparo Carratal\u00e1 ha sigut nominada com a perruquera de l\u2019any en el premi internacional TCT Awards. A m\u00e9s, recentment tamb\u00e9 va ser nominada com a finalista en la categoria perruquer espanyol de l\u2019any en els Premis F\u00edgaro de la perruqueria espanyola. Amb nom\u00e9s 31 anys, Amparo ja ha aconseguit ser reconeguda amb prestigiosos premis: en 2012 va ser perruquera revelaci\u00f3 en Premis F\u00edgaro, en 2013 va aconseguir el <em>Book of the Year<\/em> de Toni&amp;Guy, i en 2015 va guanyar el 2n premi Shu Uemura. Va ser nominada al <em>Best Emergent Talent<\/em> en el Sal\u00f3 MTC Beaut\u00e9 de Par\u00eds i, a m\u00e9s a m\u00e9s, va aconseguir el Premi F\u00edgaro en la categoria d\u2019avantguarda. Eixe mateix any tamb\u00e9 va ser finalista en els AIPP International Awards, premi que va aconseguir en 2017 en la categoria d\u2019avantguarda.<\/p>\n","protected":false},"excerpt":{"rendered":"<p>La torrentina Amparo Carratal\u00e1 ha sigut nominada com a perruquera de l\u2019any en el premi internacional TCT Awards. A m\u00e9s, recentment tamb\u00e9 va ser nominada com a finalista en la categoria perruquer espanyol de l\u2019any en els Premis F\u00edgaro de la perruqueria espanyola. Amb nom\u00e9s 31 anys, Amparo ja ha aconseguit ser reconeguda amb prestigiosos [&hellip;]<\/p>\n","protected":false},"author":9,"featured_media":1137,"comment_status":"closed","ping_status":"open","sticky":false,"template":"","format":"standard","meta":{"_acf_changed":false,"footnotes":""},"categories":[126,116],"tags":[],"class_list":["post-9948","post","type-post","status-publish","format-standard","has-post-thumbnail","hentry","category-cultura-es-2","category-noticies"],"acf":[],"_links":{"self":[{"href":"https:\/\/infotorrent.es\/ca\/wp-json\/wp\/v2\/posts\/9948","targetHints":{"allow":["GET"]}}],"collection":[{"href":"https:\/\/infotorrent.es\/ca\/wp-json\/wp\/v2\/posts"}],"about":[{"href":"https:\/\/infotorrent.es\/ca\/wp-json\/wp\/v2\/types\/post"}],"author":[{"embeddable":true,"href":"https:\/\/infotorrent.es\/ca\/wp-json\/wp\/v2\/users\/9"}],"replies":[{"embeddable":true,"href":"https:\/\/infotorrent.es\/ca\/wp-json\/wp\/v2\/comments?post=9948"}],"version-history":[{"count":0,"href":"https:\/\/infotorrent.es\/ca\/wp-json\/wp\/v2\/posts\/9948\/revisions"}],"wp:featuredmedia":[{"embeddable":true,"href":"https:\/\/infotorrent.es\/ca\/wp-json\/wp\/v2\/media\/1137"}],"wp:attachment":[{"href":"https:\/\/infotorrent.es\/ca\/wp-json\/wp\/v2\/media?parent=9948"}],"wp:term":[{"taxonomy":"category","embeddable":true,"href":"https:\/\/infotorrent.es\/ca\/wp-json\/wp\/v2\/categories?post=9948"},{"taxonomy":"post_tag","embeddable":true,"href":"https:\/\/infotorrent.es\/ca\/wp-json\/wp\/v2\/tags?post=9948"}],"curies":[{"name":"wp","href":"https:\/\/api.w.org\/{rel}","templated":true}]}}