{"id":9923,"date":"2018-07-13T12:57:06","date_gmt":"2018-07-13T12:57:06","guid":{"rendered":"https:\/\/infotorrent.es\/uncategorized\/nous-espais-ajuda-als-veins-i-les-veines-de-torrent-a-sollicitar-les-ajudes-al-lloguer-de-la-generalitat\/"},"modified":"2018-07-13T12:57:37","modified_gmt":"2018-07-13T12:57:37","slug":"nous-espais-ajuda-als-veins-i-les-veines-de-torrent-a-sollicitar-les-ajudes-al-lloguer-de-la-generalitat","status":"publish","type":"post","link":"https:\/\/infotorrent.es\/ca\/noticies\/nous-espais-ajuda-als-veins-i-les-veines-de-torrent-a-sollicitar-les-ajudes-al-lloguer-de-la-generalitat\/","title":{"rendered":"Nous Espais ajuda als ve\u00efns i les ve\u00efnes de Torrent a sol\u00b7licitar les ajudes al lloguer de la Generalitat"},"content":{"rendered":"<p><strong>Les subvencions es poden sol\u00b7licitar fins al pr\u00f2xim 6 d&#8217;agost<\/strong><\/p>\n<p style=\"text-align: justify;\">L\u2019Ajuntament de Torrent, a trav\u00e9s de l\u2019empresa p\u00fablica Nous Espais, ajuda els ciutadans en la informaci\u00f3 pr\u00e8via i emplenament de la sol\u00b7licitud de les ajudes al lloguer de la Generalitat, aix\u00ed com en la presentaci\u00f3 a trav\u00e9s del servei de finestreta \u00fanica del TDIC. La Conselleria d\u2019Habitatge, Obres P\u00fabliques i Vertebraci\u00f3 del Territori ha publicat la resoluci\u00f3 per la qual es convoquen per a l\u2019exercici 2018 el Programa d\u2019ajudes al lloguer d\u2019habitatges i el Programa d\u2019ajudes al lloguer per a joves.<\/p>\n<p style=\"text-align: justify;\">L\u2019horari d\u2019atenci\u00f3 d\u2019este servei ser\u00e0 de dilluns a divendres de 9.00 a 14.00 hores en les oficines de Nous Espais Torrent (pla\u00e7a Major, 31), de l\u201911 de juliol al 6 d\u2019agost, els dos inclusivament. El termini de presentaci\u00f3 de sol\u00b7licituds en el TDIC de l\u2019Ajuntament acaba el dilluns 6 d\u2019agost. Els detalls de la convocat\u00f2ria, aix\u00ed com els beneficiaris, estan disponibles en la web de l\u2019empresa municipal Nous Espais www.nousespais.es.<\/p>\n<p>&nbsp;<\/p>\n","protected":false},"excerpt":{"rendered":"<p>Les subvencions es poden sol\u00b7licitar fins al pr\u00f2xim 6 d&#8217;agost L\u2019Ajuntament de Torrent, a trav\u00e9s de l\u2019empresa p\u00fablica Nous Espais, ajuda els ciutadans en la informaci\u00f3 pr\u00e8via i emplenament de la sol\u00b7licitud de les ajudes al lloguer de la Generalitat, aix\u00ed com en la presentaci\u00f3 a trav\u00e9s del servei de finestreta \u00fanica del TDIC. La [&hellip;]<\/p>\n","protected":false},"author":9,"featured_media":1137,"comment_status":"closed","ping_status":"open","sticky":false,"template":"","format":"standard","meta":{"_acf_changed":false,"footnotes":""},"categories":[129,116],"tags":[],"class_list":["post-9923","post","type-post","status-publish","format-standard","has-post-thumbnail","hentry","category-economia-es-2","category-noticies"],"acf":[],"_links":{"self":[{"href":"https:\/\/infotorrent.es\/ca\/wp-json\/wp\/v2\/posts\/9923","targetHints":{"allow":["GET"]}}],"collection":[{"href":"https:\/\/infotorrent.es\/ca\/wp-json\/wp\/v2\/posts"}],"about":[{"href":"https:\/\/infotorrent.es\/ca\/wp-json\/wp\/v2\/types\/post"}],"author":[{"embeddable":true,"href":"https:\/\/infotorrent.es\/ca\/wp-json\/wp\/v2\/users\/9"}],"replies":[{"embeddable":true,"href":"https:\/\/infotorrent.es\/ca\/wp-json\/wp\/v2\/comments?post=9923"}],"version-history":[{"count":0,"href":"https:\/\/infotorrent.es\/ca\/wp-json\/wp\/v2\/posts\/9923\/revisions"}],"wp:featuredmedia":[{"embeddable":true,"href":"https:\/\/infotorrent.es\/ca\/wp-json\/wp\/v2\/media\/1137"}],"wp:attachment":[{"href":"https:\/\/infotorrent.es\/ca\/wp-json\/wp\/v2\/media?parent=9923"}],"wp:term":[{"taxonomy":"category","embeddable":true,"href":"https:\/\/infotorrent.es\/ca\/wp-json\/wp\/v2\/categories?post=9923"},{"taxonomy":"post_tag","embeddable":true,"href":"https:\/\/infotorrent.es\/ca\/wp-json\/wp\/v2\/tags?post=9923"}],"curies":[{"name":"wp","href":"https:\/\/api.w.org\/{rel}","templated":true}]}}