{"id":9891,"date":"2018-07-06T10:26:18","date_gmt":"2018-07-06T10:26:18","guid":{"rendered":"https:\/\/infotorrent.es\/uncategorized\/professors-i-professores-reflexionen-sobre-laprenentatge-de-llengues\/"},"modified":"2018-07-06T10:26:50","modified_gmt":"2018-07-06T10:26:50","slug":"professors-i-professores-reflexionen-sobre-laprenentatge-de-llengues","status":"publish","type":"post","link":"https:\/\/infotorrent.es\/ca\/noticies\/professors-i-professores-reflexionen-sobre-laprenentatge-de-llengues\/","title":{"rendered":"Professors i professores reflexionen sobre l\u2019aprenentatge de lleng\u00fces"},"content":{"rendered":"<p><strong>L\u2019Antic Mercat acull una jornada sobre l\u2019aplicaci\u00f3 del Portfolio Europeu de les Lleng\u00fces<\/strong><\/p>\n<p style=\"text-align: justify;\">Reflexionar sobre l\u2019aprenentatge de les lleng\u00fces i les experi\u00e8ncies culturals. Este \u00e9s l\u2019objectiu de la jornada que ha tingut lloc este mat\u00ed en la sala c\u00edvica de l\u2019Antic Mercat sobre l\u2019aplicaci\u00f3 del Portfolio Europeu de les Lleng\u00fces als centres educatius. Es tracta d\u2019una eina dirigida als centres d\u2019educaci\u00f3 infantil i prim\u00e0ria, d\u2019educaci\u00f3 secund\u00e0ria i de formaci\u00f3 de persones adultes. \u00c9s un document personal, basat en el Marc Europeu Com\u00fa de Refer\u00e8ncia en Lleng\u00fces i promogut pel Consell d&#8217;Europa, en el qual les persones que aprenen o han apr\u00e9s una llengua poden registrar les experi\u00e8ncies d\u2019aprenentatge de lleng\u00fces i cultures i reflexionar sobre estes experi\u00e8ncies.<\/p>\n<p style=\"text-align: justify;\">En la presentaci\u00f3 de la jornada, amb desenes de professors i professores presents, ha participat la regidora d\u2019Educaci\u00f3 i Dinamitzaci\u00f3 Ling\u00fc\u00edstica, Patricia S\u00e1ez, i ha destacat la import\u00e0ncia de l\u2019aprenentatge de lleng\u00fces com a <strong>\u201cvehicle per a con\u00e9ixer no nom\u00e9s gent, sin\u00f3 tamb\u00e9 altres realitats i cultures\u201d<\/strong>. Per la seua banda, la cap de servei de Pol\u00edtica Ling\u00fc\u00edstica, Elsa Vilalta Fonfr\u00eda, ha recordat que el document recull tamb\u00e9 algunes recomanacions per a la did\u00e0ctica i l\u2019ensenyament de les lleng\u00fces.<\/p>\n","protected":false},"excerpt":{"rendered":"<p>L\u2019Antic Mercat acull una jornada sobre l\u2019aplicaci\u00f3 del Portfolio Europeu de les Lleng\u00fces Reflexionar sobre l\u2019aprenentatge de les lleng\u00fces i les experi\u00e8ncies culturals. Este \u00e9s l\u2019objectiu de la jornada que ha tingut lloc este mat\u00ed en la sala c\u00edvica de l\u2019Antic Mercat sobre l\u2019aplicaci\u00f3 del Portfolio Europeu de les Lleng\u00fces als centres educatius. Es tracta [&hellip;]<\/p>\n","protected":false},"author":9,"featured_media":1137,"comment_status":"closed","ping_status":"open","sticky":false,"template":"","format":"standard","meta":{"_acf_changed":false,"footnotes":""},"categories":[135,121,116],"tags":[],"class_list":["post-9891","post","type-post","status-publish","format-standard","has-post-thumbnail","hentry","category-dinamitzacio-linguistica","category-educacio","category-noticies"],"acf":[],"_links":{"self":[{"href":"https:\/\/infotorrent.es\/ca\/wp-json\/wp\/v2\/posts\/9891","targetHints":{"allow":["GET"]}}],"collection":[{"href":"https:\/\/infotorrent.es\/ca\/wp-json\/wp\/v2\/posts"}],"about":[{"href":"https:\/\/infotorrent.es\/ca\/wp-json\/wp\/v2\/types\/post"}],"author":[{"embeddable":true,"href":"https:\/\/infotorrent.es\/ca\/wp-json\/wp\/v2\/users\/9"}],"replies":[{"embeddable":true,"href":"https:\/\/infotorrent.es\/ca\/wp-json\/wp\/v2\/comments?post=9891"}],"version-history":[{"count":0,"href":"https:\/\/infotorrent.es\/ca\/wp-json\/wp\/v2\/posts\/9891\/revisions"}],"wp:featuredmedia":[{"embeddable":true,"href":"https:\/\/infotorrent.es\/ca\/wp-json\/wp\/v2\/media\/1137"}],"wp:attachment":[{"href":"https:\/\/infotorrent.es\/ca\/wp-json\/wp\/v2\/media?parent=9891"}],"wp:term":[{"taxonomy":"category","embeddable":true,"href":"https:\/\/infotorrent.es\/ca\/wp-json\/wp\/v2\/categories?post=9891"},{"taxonomy":"post_tag","embeddable":true,"href":"https:\/\/infotorrent.es\/ca\/wp-json\/wp\/v2\/tags?post=9891"}],"curies":[{"name":"wp","href":"https:\/\/api.w.org\/{rel}","templated":true}]}}