{"id":9890,"date":"2018-07-05T13:48:48","date_gmt":"2018-07-05T13:48:48","guid":{"rendered":"https:\/\/infotorrent.es\/uncategorized\/el-voluntariat-pel-valencia-de-torrent-tanca-la-seua-tretzena-edicio\/"},"modified":"2018-07-05T13:48:48","modified_gmt":"2018-07-05T13:48:48","slug":"el-voluntariat-pel-valencia-de-torrent-tanca-la-seua-tretzena-edicio","status":"publish","type":"post","link":"https:\/\/infotorrent.es\/ca\/noticies\/el-voluntariat-pel-valencia-de-torrent-tanca-la-seua-tretzena-edicio\/","title":{"rendered":"El Voluntariat pel Valenci\u00e0 de Torrent tanca la seua tretzena edici\u00f3"},"content":{"rendered":"<p><strong>La cloenda coincidix amb l\u2019\u00faltima sessi\u00f3 del club de lectura, amb la pres\u00e8ncia del poeta Berna Blanch <\/strong><\/p>\n<p style=\"text-align: justify;\">El Voluntariat pel Valenci\u00e0 de Torrent ha finalitzat l\u2019edici\u00f3 2017-2018, amb un acte al Museu Comarcal de l\u2019Horta Sud. Torrent, una de les primeres ciutats que se sum\u00e0 a esta iniciativa d\u2019Escola Valenciana, ha arribat enguany a l\u2019edici\u00f3 n\u00famero tretze. La cloenda de cada edici\u00f3 sempre vol ser un acte de reconeixement i agra\u00efment a la tasca que fan tant els voluntaris com els aprenents de les parelles ling\u00fc\u00edstiques.<\/p>\n<p style=\"text-align: justify;\">Enguany per a l&#8217;acte de cloenda, en qu\u00e8 participaren les regidores d\u2019Educaci\u00f3 i Dinamitzaci\u00f3 Ling\u00fc\u00edstica, Patricia S\u00e1ez, i la d\u2019Urbanisme, Inma Amat, i el regidor d\u2019Atenci\u00f3 a les Persones, Paco Carbonell,\u00a0 des de l\u2019Oficina de Promoci\u00f3 i \u00das del Valenci\u00e0 s\u2019ha volgut fer coincidir amb l&#8217;\u00faltima sessi\u00f3 del club de lectura que t\u00e9 el Voluntariat de Torrent, en qu\u00e8 han compartit impressions al voltant del poemari <em>Amb l\u00ednies vives<\/em>, del poeta Berna Blanch, present en l\u2019acte. El poemari, en paraules del seu autor, reflexiona sobre <strong>\u201cel pas del temps, la fusi\u00f3 amb l\u2019entorn, el sentit de l\u2019exist\u00e8ncia, la bellesa omnipresent i la paraula com a cam\u00ed\u201d<\/strong>.<\/p>\n<p style=\"text-align: justify;\">El club de lectura es cre\u00e0 en la desena edici\u00f3 del Voluntariat. Al llarg del curs es fan tres sessions en qu\u00e8 es tria un llibre en valenci\u00e0 que l&#8217;Oficina regala als membres, els quals despr\u00e9s fan una tert\u00falia per a xarrar sobre l&#8217;obra, si \u00e9s possible, amb la participaci\u00f3 de l\u2019autor o l\u2019autora.<\/p>\n<p style=\"text-align: justify;\">Des de la posada en marxa d\u2019esta proposta a Torrent que es remunta a l\u2019any 2005, entre 30 i 40 parelles ling\u00fc\u00edstiques han treballat juntes cada any per a aprendre i millorar amb el valenci\u00e0, a trav\u00e9s de l\u2019Oficina de Promoci\u00f3 i \u00das del Valenci\u00e0.<\/p>\n<p style=\"text-align: justify;\">Els interessats a participar en el voluntariat ling\u00fc\u00edstic poden posar-se en contacte amb l\u2019Oficina de Promoci\u00f3 i \u00das del Valenci\u00e0 a trav\u00e9s del correu electr\u00f2nic <a href=\"mailto:usvalencia@torrent.es\">usvalencia@torrent.es<\/a><\/p>\n","protected":false},"excerpt":{"rendered":"<p>La cloenda coincidix amb l\u2019\u00faltima sessi\u00f3 del club de lectura, amb la pres\u00e8ncia del poeta Berna Blanch El Voluntariat pel Valenci\u00e0 de Torrent ha finalitzat l\u2019edici\u00f3 2017-2018, amb un acte al Museu Comarcal de l\u2019Horta Sud. Torrent, una de les primeres ciutats que se sum\u00e0 a esta iniciativa d\u2019Escola Valenciana, ha arribat enguany a l\u2019edici\u00f3 [&hellip;]<\/p>\n","protected":false},"author":13,"featured_media":1137,"comment_status":"closed","ping_status":"open","sticky":false,"template":"","format":"standard","meta":{"_acf_changed":false,"footnotes":""},"categories":[135,116],"tags":[],"class_list":["post-9890","post","type-post","status-publish","format-standard","has-post-thumbnail","hentry","category-dinamitzacio-linguistica","category-noticies"],"acf":[],"_links":{"self":[{"href":"https:\/\/infotorrent.es\/ca\/wp-json\/wp\/v2\/posts\/9890","targetHints":{"allow":["GET"]}}],"collection":[{"href":"https:\/\/infotorrent.es\/ca\/wp-json\/wp\/v2\/posts"}],"about":[{"href":"https:\/\/infotorrent.es\/ca\/wp-json\/wp\/v2\/types\/post"}],"author":[{"embeddable":true,"href":"https:\/\/infotorrent.es\/ca\/wp-json\/wp\/v2\/users\/13"}],"replies":[{"embeddable":true,"href":"https:\/\/infotorrent.es\/ca\/wp-json\/wp\/v2\/comments?post=9890"}],"version-history":[{"count":0,"href":"https:\/\/infotorrent.es\/ca\/wp-json\/wp\/v2\/posts\/9890\/revisions"}],"wp:featuredmedia":[{"embeddable":true,"href":"https:\/\/infotorrent.es\/ca\/wp-json\/wp\/v2\/media\/1137"}],"wp:attachment":[{"href":"https:\/\/infotorrent.es\/ca\/wp-json\/wp\/v2\/media?parent=9890"}],"wp:term":[{"taxonomy":"category","embeddable":true,"href":"https:\/\/infotorrent.es\/ca\/wp-json\/wp\/v2\/categories?post=9890"},{"taxonomy":"post_tag","embeddable":true,"href":"https:\/\/infotorrent.es\/ca\/wp-json\/wp\/v2\/tags?post=9890"}],"curies":[{"name":"wp","href":"https:\/\/api.w.org\/{rel}","templated":true}]}}