{"id":9888,"date":"2018-07-05T13:38:52","date_gmt":"2018-07-05T13:38:52","guid":{"rendered":"https:\/\/infotorrent.es\/uncategorized\/pymes-y-autonomos-participan-en-una-jornada-sobre-la-nueva-de-ley-de-contratacion-del-sector-publico\/"},"modified":"2018-07-05T13:38:52","modified_gmt":"2018-07-05T13:38:52","slug":"pymes-y-autonomos-participan-en-una-jornada-sobre-la-nueva-de-ley-de-contratacion-del-sector-publico","status":"publish","type":"post","link":"https:\/\/infotorrent.es\/ca\/noticies\/pymes-y-autonomos-participan-en-una-jornada-sobre-la-nueva-de-ley-de-contratacion-del-sector-publico\/","title":{"rendered":"Pimes i aut\u00f2noms participen en una jornada sobre la nova de llei de contractaci\u00f3 del sector p\u00fablic"},"content":{"rendered":"<p style=\"text-align: justify;\"><strong>La sessi\u00f3 busca promoure i millorar l&#8217;acc\u00e9s als processos de contractaci\u00f3 municipals<\/strong><\/p>\n<p>Xicotets empresaris i aut\u00f2noms han participat aquest mat\u00ed en una jornada informativa sobre la nova llei de contractaci\u00f3 en el sector p\u00fablic, novetats LCSP i com afecten directament les pimes i aut\u00f2noms, eines per a accedir a la contractaci\u00f3 p\u00fablica municipal i documents essencials en els procediments de contractaci\u00f3.<\/p>\n<p>La sessi\u00f3, organitzada per l&#8217;Ajuntament de Torrent a trav\u00e9s de l&#8217;empresa municipal IDEA\u2019T i impartida per Eva Monge Mart\u00ednez, Cap del Servei de Contractaci\u00f3 i Compres de l&#8217;Ajuntament de Torrent\u00a0d\u00f3na resposta a les demandes dels xicotets empresaris i els aut\u00f2noms, agents imprescindibles per a la creaci\u00f3 i el manteniment de l&#8217;ocupaci\u00f3, del creixement i la innovaci\u00f3.<\/p>\n<p style=\"text-align: justify;\">L&#8217;entrada en vigor de la nova llei de contractes del sector p\u00fablic suposa una oportunitat per a les pimes i els aut\u00f2noms. La jornada, en la qual ha participat l&#8217;alcalde Jes\u00fas Ros, acompanyat del regidor d&#8217;Hisenda, Andr\u00e9s Campos, i la regidora de Participaci\u00f3, Susi Ferrer. Campos ha assenyalat que la reuni\u00f3 informativa \u201ccerca tamb\u00e9 promoure i millorar l&#8217;acc\u00e9s d&#8217;aquests agents econ\u00f2mics als processos de contractaci\u00f3 a l&#8217;Ajuntament de Torrent\u201d.<\/p>\n","protected":false},"excerpt":{"rendered":"<p>La sessi\u00f3 busca promoure i millorar l&#8217;acc\u00e9s als processos de contractaci\u00f3 municipals Xicotets empresaris i aut\u00f2noms han participat aquest mat\u00ed en una jornada informativa sobre la nova llei de contractaci\u00f3 en el sector p\u00fablic, novetats LCSP i com afecten directament les pimes i aut\u00f2noms, eines per a accedir a la contractaci\u00f3 p\u00fablica municipal i documents [&hellip;]<\/p>\n","protected":false},"author":13,"featured_media":1137,"comment_status":"closed","ping_status":"open","sticky":false,"template":"","format":"standard","meta":{"_acf_changed":false,"footnotes":""},"categories":[120,129,116],"tags":[],"class_list":["post-9888","post","type-post","status-publish","format-standard","has-post-thumbnail","hentry","category-economia","category-economia-es-2","category-noticies"],"acf":[],"_links":{"self":[{"href":"https:\/\/infotorrent.es\/ca\/wp-json\/wp\/v2\/posts\/9888","targetHints":{"allow":["GET"]}}],"collection":[{"href":"https:\/\/infotorrent.es\/ca\/wp-json\/wp\/v2\/posts"}],"about":[{"href":"https:\/\/infotorrent.es\/ca\/wp-json\/wp\/v2\/types\/post"}],"author":[{"embeddable":true,"href":"https:\/\/infotorrent.es\/ca\/wp-json\/wp\/v2\/users\/13"}],"replies":[{"embeddable":true,"href":"https:\/\/infotorrent.es\/ca\/wp-json\/wp\/v2\/comments?post=9888"}],"version-history":[{"count":0,"href":"https:\/\/infotorrent.es\/ca\/wp-json\/wp\/v2\/posts\/9888\/revisions"}],"wp:featuredmedia":[{"embeddable":true,"href":"https:\/\/infotorrent.es\/ca\/wp-json\/wp\/v2\/media\/1137"}],"wp:attachment":[{"href":"https:\/\/infotorrent.es\/ca\/wp-json\/wp\/v2\/media?parent=9888"}],"wp:term":[{"taxonomy":"category","embeddable":true,"href":"https:\/\/infotorrent.es\/ca\/wp-json\/wp\/v2\/categories?post=9888"},{"taxonomy":"post_tag","embeddable":true,"href":"https:\/\/infotorrent.es\/ca\/wp-json\/wp\/v2\/tags?post=9888"}],"curies":[{"name":"wp","href":"https:\/\/api.w.org\/{rel}","templated":true}]}}