{"id":9868,"date":"2018-07-02T14:02:42","date_gmt":"2018-07-02T14:02:42","guid":{"rendered":"https:\/\/infotorrent.es\/uncategorized\/torrent-recorda-a-les-victimes-de-laccident-de-metro-de-2006\/"},"modified":"2018-07-02T14:05:18","modified_gmt":"2018-07-02T14:05:18","slug":"torrent-recorda-a-les-victimes-de-laccident-de-metro-de-2006","status":"publish","type":"post","link":"https:\/\/infotorrent.es\/ca\/noticies\/torrent-recorda-a-les-victimes-de-laccident-de-metro-de-2006\/","title":{"rendered":"Torrent recorda les v\u00edctimes de l&#8217;accident de metro de 2006"},"content":{"rendered":"<p><strong>El certamen en mem\u00f2ria de les v\u00edctimes del metro i de la festivitat de Sant Pere feren sonar les cornetes i els tambors a Torrent\u00a0 <\/strong><\/p>\n<p style=\"text-align: justify;\">Dissabte passat, Torrent va retre homenatge a les v\u00edctimes de l\u2019accident de metro del 3 de juliol de 2006 en el qual van morir 43 persones. La pla\u00e7a de la Uni\u00f3 Musical va ser el lloc triat per a este concert homenatge en qu\u00e8 participaren les bandes de cornetes i tambors del Canyamelar de Val\u00e8ncia, Veterans d&#8217;Aldaia i El Nostre Pare Jes\u00fas del Gran Poder de Torrent. La presidenta de l&#8217;Associaci\u00f3 de V\u00edctimes del Metro 3 de juliol, Rosa Garrote, agra\u00ed als assistents el suport en este moment de record. L&#8217;alcalde Jes\u00fas Ros, acompanyat de diversos membres de la corporaci\u00f3, tamb\u00e9 estigu\u00e9 present en este acte de record i homenatge. Les tres bandes participants desfilaren fins a la pla\u00e7a de la Uni\u00f3 Musical des de la pla\u00e7a de la Llibertat. Despr\u00e9s del certamen, els assistents es dirigiren al monument en mem\u00f2ria de les v\u00edctimes de l\u2019accident i totes les bandes tocaren juntes la marxa reial en el seu honor.<\/p>\n<p><strong>Festa de Sant Pere<\/strong><\/p>\n<p style=\"text-align: justify;\">D&#8217;altra banda, la Banda de Cornetes i Tambors de les Negacions de Pere de Torrent celebr\u00e0 la festa del seu patr\u00f3. La celebraci\u00f3 comen\u00e7\u00e0 amb la missa i benedicci\u00f3 de claus en la parr\u00f2quia de Sant Llu\u00eds Bertran. A continuaci\u00f3, les bandes participants desfilaren cap al carrer de Sedav\u00ed on es celebr\u00e0 el certamen. Les bandes de Cornetes i Tambors Jes\u00fas Natzar\u00e9 de Torrent, Mare de D\u00e9u dels Dolors de Torrent, Negacions de Pere de Torrent, SIM de Manises, la banda de cornetes, tambors i gaites ACM GAR de Val\u00e8ncia i els guitarristes Prudencio Gil i Juan Vicente Gil participaren en l\u2019acte.<\/p>\n<p>&nbsp;<\/p>\n<p><img fetchpriority=\"high\" decoding=\"async\" class=\"size-full wp-image-15928 aligncenter\" src=\"https:\/\/www.infotorrent.es\/wp-content\/uploads\/2018\/07\/San-Pedro-Copy.jpg\" alt=\"\" width=\"750\" height=\"500\" \/><\/p>\n","protected":false},"excerpt":{"rendered":"<p>El certamen en mem\u00f2ria de les v\u00edctimes del metro i de la festivitat de Sant Pere feren sonar les cornetes i els tambors a Torrent\u00a0 Dissabte passat, Torrent va retre homenatge a les v\u00edctimes de l\u2019accident de metro del 3 de juliol de 2006 en el qual van morir 43 persones. La pla\u00e7a de la [&hellip;]<\/p>\n","protected":false},"author":9,"featured_media":9870,"comment_status":"closed","ping_status":"open","sticky":false,"template":"","format":"standard","meta":{"_acf_changed":false,"footnotes":""},"categories":[117,126,127,116],"tags":[912],"class_list":["post-9868","post","type-post","status-publish","format-standard","has-post-thumbnail","hentry","category-cultura","category-cultura-es-2","category-noticias-2","category-noticies","tag-nuestro-padre-jesus-del-gran-podersant-pere"],"acf":[],"_links":{"self":[{"href":"https:\/\/infotorrent.es\/ca\/wp-json\/wp\/v2\/posts\/9868","targetHints":{"allow":["GET"]}}],"collection":[{"href":"https:\/\/infotorrent.es\/ca\/wp-json\/wp\/v2\/posts"}],"about":[{"href":"https:\/\/infotorrent.es\/ca\/wp-json\/wp\/v2\/types\/post"}],"author":[{"embeddable":true,"href":"https:\/\/infotorrent.es\/ca\/wp-json\/wp\/v2\/users\/9"}],"replies":[{"embeddable":true,"href":"https:\/\/infotorrent.es\/ca\/wp-json\/wp\/v2\/comments?post=9868"}],"version-history":[{"count":0,"href":"https:\/\/infotorrent.es\/ca\/wp-json\/wp\/v2\/posts\/9868\/revisions"}],"wp:featuredmedia":[{"embeddable":true,"href":"https:\/\/infotorrent.es\/ca\/wp-json\/wp\/v2\/media\/9870"}],"wp:attachment":[{"href":"https:\/\/infotorrent.es\/ca\/wp-json\/wp\/v2\/media?parent=9868"}],"wp:term":[{"taxonomy":"category","embeddable":true,"href":"https:\/\/infotorrent.es\/ca\/wp-json\/wp\/v2\/categories?post=9868"},{"taxonomy":"post_tag","embeddable":true,"href":"https:\/\/infotorrent.es\/ca\/wp-json\/wp\/v2\/tags?post=9868"}],"curies":[{"name":"wp","href":"https:\/\/api.w.org\/{rel}","templated":true}]}}