{"id":9849,"date":"2018-06-29T13:48:30","date_gmt":"2018-06-29T13:48:30","guid":{"rendered":"https:\/\/infotorrent.es\/uncategorized\/comencen-els-treballs-de-conservacio-del-patrimoni-forestal-de-torrent\/"},"modified":"2018-06-29T13:48:44","modified_gmt":"2018-06-29T13:48:44","slug":"comencen-els-treballs-de-conservacio-del-patrimoni-forestal-de-torrent","status":"publish","type":"post","link":"https:\/\/infotorrent.es\/ca\/noticies\/comencen-els-treballs-de-conservacio-del-patrimoni-forestal-de-torrent\/","title":{"rendered":"Comencen els treballs de conservaci\u00f3 del patrimoni forestal de Torrent"},"content":{"rendered":"<p><strong>Per a realitzar la primera fase del projecte s&#8217;han contractat 4 capatassos i 20 peons agr\u00edcoles i durant juliol, agost i setembre s&#8217;incorporar\u00e0n un total de 40 peons agr\u00edcoles i 8 capatassos<\/strong><\/p>\n<p>Amb la finalitat de millorar la conservaci\u00f3 del patrimoni forestal de Torrent, al mateix temps que es milloren les infraestructures en la muntanya p\u00fablica i es realitzen tasques de prevenci\u00f3 d&#8217;incendis, el consistori torrent\u00ed ha iniciat els treballs de neteja i manteniment de les zones forestals del municipi. Les actuacions es realitzaran en dos fases que tenen com a durada un mes i mig, entre el 15 de juny i el 14 de setembre de 2018. Per a realitzar la primera fase del projecte, del 15 de juny al 30 de juliol, l&#8217;ajuntament ha contractat 4 capatassos i 20 peons agr\u00edcoles. Durant juliol, agost i setembre s&#8217;incorporar\u00e0n un total de 40 peons agr\u00edcoles i 8 capatassos.<\/p>\n<p>La iniciativa s&#8217;emmarca dins del Programa de Foment d&#8217;Ocupaci\u00f3 Agr\u00e0ria i Zones Rurals Deprimides, del Ministeri d&#8217;Ocupaci\u00f3 i Seguretat Social, seguint els criteris aplicats i valorats per la Comissi\u00f3 Executiva Provincial del Servei P\u00fablic d&#8217;Ocupaci\u00f3 Estatal (SEPE).<\/p>\n<p>Una de les actuacions que es duran a terme en la zona forestal del Vedat i en els barrancs \u00e9s el manteniment de les faixes de protecci\u00f3, on s&#8217;est\u00e0 realitzant un desbrossament selectiu en una franja d&#8217;uns 20 metres als costats de camins, carrers i carreteres en les zones del Vedat proper a la muntanya, donat l&#8217;elevat perill d&#8217;incendi que representa l&#8217;exc\u00e9s de vegetaci\u00f3.<\/p>\n<p style=\"text-align: justify;\"><a href=\"https:\/\/www.infotorrent.es\/wp-content\/uploads\/2018\/06\/Peones1.jpg\"><img fetchpriority=\"high\" decoding=\"async\" class=\"size-full wp-image-15834 aligncenter\" src=\"https:\/\/www.infotorrent.es\/wp-content\/uploads\/2018\/06\/Peones1.jpg\" alt=\"\" width=\"700\" height=\"467\" \/><\/a><br \/>\nD&#8217;igual manera s&#8217;estan realitzant desbrossaments selectius en les parcel\u00b7les de titularitat municipal del Vedat, on es practica el tall de matoll sense afectar a les esp\u00e8cies protegides o de representativitat de la zona, <strong>\u201cde manera que es redu\u00efsca el risc de propagaci\u00f3 d&#8217;incendis i es permeta l&#8217;accessibilitat a certes zones\u201d,<\/strong> ha assenyalat la regidora de Medi ambient, Inma Amat.<\/p>\n<p style=\"text-align: justify;\">Una altra de les mesures, que \u00e9s la neteja i condicionament de llits de barrancs, consisteix, b\u00e0sicament, en l&#8217;eliminaci\u00f3 de canyes i altres esp\u00e8cies al\u00f3ctones del llits i marges dels barrancs, evitant intervenir en talusos per a impedir episodis d&#8217;erosi\u00f3.<\/p>\n","protected":false},"excerpt":{"rendered":"<p>Per a realitzar la primera fase del projecte s&#8217;han contractat 4 capatassos i 20 peons agr\u00edcoles i durant juliol, agost i setembre s&#8217;incorporar\u00e0n un total de 40 peons agr\u00edcoles i 8 capatassos Amb la finalitat de millorar la conservaci\u00f3 del patrimoni forestal de Torrent, al mateix temps que es milloren les infraestructures en la muntanya [&hellip;]<\/p>\n","protected":false},"author":4,"featured_media":9851,"comment_status":"closed","ping_status":"open","sticky":false,"template":"","format":"standard","meta":{"_acf_changed":false,"footnotes":""},"categories":[119,116],"tags":[840],"class_list":["post-9849","post","type-post","status-publish","format-standard","has-post-thumbnail","hentry","category-medi-ambient","category-noticies","tag-medi-ambient"],"acf":[],"_links":{"self":[{"href":"https:\/\/infotorrent.es\/ca\/wp-json\/wp\/v2\/posts\/9849","targetHints":{"allow":["GET"]}}],"collection":[{"href":"https:\/\/infotorrent.es\/ca\/wp-json\/wp\/v2\/posts"}],"about":[{"href":"https:\/\/infotorrent.es\/ca\/wp-json\/wp\/v2\/types\/post"}],"author":[{"embeddable":true,"href":"https:\/\/infotorrent.es\/ca\/wp-json\/wp\/v2\/users\/4"}],"replies":[{"embeddable":true,"href":"https:\/\/infotorrent.es\/ca\/wp-json\/wp\/v2\/comments?post=9849"}],"version-history":[{"count":0,"href":"https:\/\/infotorrent.es\/ca\/wp-json\/wp\/v2\/posts\/9849\/revisions"}],"wp:featuredmedia":[{"embeddable":true,"href":"https:\/\/infotorrent.es\/ca\/wp-json\/wp\/v2\/media\/9851"}],"wp:attachment":[{"href":"https:\/\/infotorrent.es\/ca\/wp-json\/wp\/v2\/media?parent=9849"}],"wp:term":[{"taxonomy":"category","embeddable":true,"href":"https:\/\/infotorrent.es\/ca\/wp-json\/wp\/v2\/categories?post=9849"},{"taxonomy":"post_tag","embeddable":true,"href":"https:\/\/infotorrent.es\/ca\/wp-json\/wp\/v2\/tags?post=9849"}],"curies":[{"name":"wp","href":"https:\/\/api.w.org\/{rel}","templated":true}]}}