{"id":9811,"date":"2018-06-22T11:44:36","date_gmt":"2018-06-22T11:44:36","guid":{"rendered":"https:\/\/infotorrent.es\/uncategorized\/saproven-les-normes-per-a-lus-dedificis-i-espais-dels-centres-publics-docents-de-torrent\/"},"modified":"2018-06-22T11:46:33","modified_gmt":"2018-06-22T11:46:33","slug":"saproven-les-normes-per-a-lus-dedificis-i-espais-dels-centres-publics-docents-de-torrent","status":"publish","type":"post","link":"https:\/\/infotorrent.es\/ca\/noticies\/saproven-les-normes-per-a-lus-dedificis-i-espais-dels-centres-publics-docents-de-torrent\/","title":{"rendered":"S&#8217;aproven les normes per a l&#8217;\u00fas d&#8217;edificis i espais dels centres p\u00fablics docents de Torrent"},"content":{"rendered":"<p><strong>Fins al 15 de juliol es pot sol\u00b7licitar l&#8217;\u00fas de depend\u00e8ncies dels col\u00b7legis durant el curs 2018-2019<\/strong><\/p>\n<p style=\"text-align: justify;\">El Consell Escolar Municipal ha aprovat les normes reguladores per a la utilitzaci\u00f3 d&#8217;instal\u00b7lacions i depend\u00e8ncies escolars dels centres docents p\u00fablics de Torrent per al curs 2018-2019. La normativa, disponible en la web municipal (<a href=\"http:\/\/www.torrent.es\" target=\"_blank\" rel=\"noopener\">www.torrent.es<\/a>) regula la cessi\u00f3 d&#8217;espais de centres docents per a la realitzaci\u00f3 d&#8217;activitats no incloses en el Pla Anual dels centres. Segons la norma, totes les activitats tindran com a l\u00edmit temporal el curs escolar, segons el calendari establit per la conselleria d&#8217;Educaci\u00f3, de manera que les activitats previstes fora del temps lectiu (Nadal, Pasqua, estiu) precisaran una nova autoritzaci\u00f3.<\/p>\n<p style=\"text-align: justify;\">Poden sol\u00b7licitar l&#8217;\u00fas d&#8217;edificis i instal\u00b7lacions les delegacions municipals, els membres de la comunitat educativa dels centres, les entitats i les associacions sense \u00e0nim de lucre i els clubs esportius. La sol\u00b7licitud d&#8217;autoritzacions d&#8217;\u00fas d&#8217;espais en per\u00edode escolar es poden realitzar davant el Consell Escolar Municipal fins al pr\u00f2xim 15 de juliol.<\/p>\n","protected":false},"excerpt":{"rendered":"<p>Fins al 15 de juliol es pot sol\u00b7licitar l&#8217;\u00fas de depend\u00e8ncies dels col\u00b7legis durant el curs 2018-2019 El Consell Escolar Municipal ha aprovat les normes reguladores per a la utilitzaci\u00f3 d&#8217;instal\u00b7lacions i depend\u00e8ncies escolars dels centres docents p\u00fablics de Torrent per al curs 2018-2019. La normativa, disponible en la web municipal (www.torrent.es) regula la cessi\u00f3 [&hellip;]<\/p>\n","protected":false},"author":9,"featured_media":1137,"comment_status":"closed","ping_status":"open","sticky":false,"template":"","format":"standard","meta":{"_acf_changed":false,"footnotes":""},"categories":[121,132,127,116],"tags":[909],"class_list":["post-9811","post","type-post","status-publish","format-standard","has-post-thumbnail","hentry","category-educacio","category-educacion-2","category-noticias-2","category-noticies","tag-educacioeducacion"],"acf":[],"_links":{"self":[{"href":"https:\/\/infotorrent.es\/ca\/wp-json\/wp\/v2\/posts\/9811","targetHints":{"allow":["GET"]}}],"collection":[{"href":"https:\/\/infotorrent.es\/ca\/wp-json\/wp\/v2\/posts"}],"about":[{"href":"https:\/\/infotorrent.es\/ca\/wp-json\/wp\/v2\/types\/post"}],"author":[{"embeddable":true,"href":"https:\/\/infotorrent.es\/ca\/wp-json\/wp\/v2\/users\/9"}],"replies":[{"embeddable":true,"href":"https:\/\/infotorrent.es\/ca\/wp-json\/wp\/v2\/comments?post=9811"}],"version-history":[{"count":0,"href":"https:\/\/infotorrent.es\/ca\/wp-json\/wp\/v2\/posts\/9811\/revisions"}],"wp:featuredmedia":[{"embeddable":true,"href":"https:\/\/infotorrent.es\/ca\/wp-json\/wp\/v2\/media\/1137"}],"wp:attachment":[{"href":"https:\/\/infotorrent.es\/ca\/wp-json\/wp\/v2\/media?parent=9811"}],"wp:term":[{"taxonomy":"category","embeddable":true,"href":"https:\/\/infotorrent.es\/ca\/wp-json\/wp\/v2\/categories?post=9811"},{"taxonomy":"post_tag","embeddable":true,"href":"https:\/\/infotorrent.es\/ca\/wp-json\/wp\/v2\/tags?post=9811"}],"curies":[{"name":"wp","href":"https:\/\/api.w.org\/{rel}","templated":true}]}}