{"id":95922,"date":"2026-04-30T18:31:49","date_gmt":"2026-04-30T16:31:49","guid":{"rendered":"https:\/\/infotorrent.es\/?p=95922"},"modified":"2026-04-30T18:32:08","modified_gmt":"2026-04-30T16:32:08","slug":"torrent-acull-este-dissabte-el-meeting-internacional-datletisme-adaptat-amb-mes-de-120-participants","status":"publish","type":"post","link":"https:\/\/infotorrent.es\/ca\/deporte-ca\/torrent-acull-este-dissabte-el-meeting-internacional-datletisme-adaptat-amb-mes-de-120-participants\/","title":{"rendered":"Torrent acull este dissabte el Meeting Internacional d&#8217;Atletisme Adaptat amb m\u00e9s de 120 participants"},"content":{"rendered":"\n<p>La Ciutat de l&#8217;Esport ser\u00e0 l&#8217;escenari per a la gran competici\u00f3<\/p>\n\n\n\n<p>La Ciutat de l&#8217;Esport de Torrent ser\u00e0 l&#8217;escenari, este dissabte dia 2 de maig, del Meeting Internacional \u2013 Open Comunitat Valenciana d&#8217;Atletisme Adaptat &#8211; JECV, una competici\u00f3 organitzada per la Federaci\u00f3 d&#8217;Esports Adaptats de la Comunitat Valenciana (FESA) que reunir\u00e0 m\u00e9s de 120 atletes.<\/p>\n\n\n\n<p>La prova arrancar\u00e0 a les 09.30 hores i comptar\u00e0 amb representaci\u00f3 internacional, amb esportistes procedents d&#8217;Espanya, Bulg\u00e0ria, Portugal, Rep\u00fablica Dominicana, Vene\u00e7uela, Col\u00f2mbia i el Marroc. Esta diversitat consolida el creixement de l&#8217;esdeveniment i el seu posicionament dins del circuit d&#8217;atletisme adaptat.<\/p>\n\n\n\n<p>Al llarg de la jornada es disputaran diferents proves en un context en el qual el rendiment esportiu conviu amb valors com la inclusi\u00f3 i la superaci\u00f3. Un dels aspectes m\u00e9s destacats tornar\u00e0 a ser la conviv\u00e8ncia en pista entre j\u00f3vens promeses dels Jocs Esportius de la Comunitat Valenciana i atletes d&#8217;alt nivell, inclosos campions paral\u00edmpics.<\/p>\n\n\n\n<p>Des de l&#8217;Ajuntament de Torrent, la regidor d&#8217;Esports, M\u00aa \u00c1ngeles Lerma, ha destacat la import\u00e0ncia d&#8217;acollir este tipus d&#8217;iniciatives<strong>: \u201cEsdeveniments com este reforcen el paper de Torrent com a ciutat compromesa amb l&#8217;esport per a tots. \u00c9s una oportunitat per a visibilitzar el talent dels esportistes i per a continuar avan\u00e7ant cap a una pr\u00e0ctica esportiva m\u00e9s inclusiva i accessible\u201d<\/strong>. A m\u00e9s, Lerma ha subratllat la necessitat de l&#8217;esport com a motor de canvi: <strong>\u201cL&#8217;esport t\u00e9 una capacitat \u00fanica per a transformar vides. \u00c9s una ferramenta que impulsa l&#8217;autonomia i refor\u00e7a l&#8217;autoestima. Per aix\u00f2 \u00e9s tan important continuar apostant per iniciatives com esta, que no sols s\u00f3n competicions, sin\u00f3 espais on l&#8217;esfor\u00e7 constant i la superaci\u00f3 es fan visibles\u201d.<\/strong><\/p>\n\n\n\n<p>El director t\u00e8cnic esportiu del meeting, per part seua, ha posat l&#8217;accent en l&#8217;impacte de l&#8217;esdeveniment: \u201cEste meeting \u00e9s un espai on l&#8217;esport demostra el seu verdader poder transformador. Comptar amb m\u00e9s de 120 atletes i representaci\u00f3 internacional confirma que estem construint un esdeveniment de gran nivell i projecci\u00f3\u201d, ha declarat Anderson Naranjo.<\/p>\n\n\n\n<p><strong>Torrent refor\u00e7a la seua aposta per l&#8217;esport inclusiu<\/strong><\/p>\n\n\n\n<p>En este sentit, Torrent ha vingut consolidant la seua traject\u00f2ria com a organitzador de competicions d&#8217;esport adaptat en els \u00faltims anys. La Ciutat de l&#8217;Esport ha acollit de forma continuada proves auton\u00f2miques i nacionals d&#8217;atletisme adaptat, aix\u00ed com jornades esportives inclusives en col\u00b7laboraci\u00f3 amb entitats socials i federacions. Estes iniciatives han perm\u00e9s no sols augmentar la pr\u00e0ctica esportiva entre persones amb discapacitat, sin\u00f3 tamb\u00e9 sensibilitzar a la ciutadania i generar un entorn cada vegada m\u00e9s integrador.<\/p>\n\n\n\n<p>La celebraci\u00f3 d&#8217;estos esdeveniments ha anat acompanyada d&#8217;una millora progressiva de les instal\u00b7lacions i de la capacitat organitzativa local, posicionant a Torrent com un enclavament preparat per a albergar competicions d&#8217;alt nivell. La continu\u00eftat de cites com el Meeting Internacional refor\u00e7a esta l\u00ednia de treball i consolida a la ciutat dins del circuit esportiu adaptat.<\/p>\n\n\n\n<p>Amb esta trobada, incl\u00f2s entre els m\u00e9s destacats del calendari anual, l&#8217;Ajuntament de Torrent continua impulsant el desenrotllament de l&#8217;atletisme adaptat i fomentant la participaci\u00f3 de les persones amb discapacitat en l&#8217;\u00e0mbit esportiu.<\/p>\n\n\n\n<figure class=\"wp-block-image size-large\"><img fetchpriority=\"high\" decoding=\"async\" width=\"1024\" height=\"683\" src=\"https:\/\/infotorrent.es\/wp-content\/uploads\/2026\/04\/1-6-1024x683.jpg\" alt=\"\" class=\"wp-image-95923\" srcset=\"https:\/\/infotorrent.es\/wp-content\/uploads\/2026\/04\/1-6-1024x683.jpg 1024w, https:\/\/infotorrent.es\/wp-content\/uploads\/2026\/04\/1-6-300x200.jpg 300w, https:\/\/infotorrent.es\/wp-content\/uploads\/2026\/04\/1-6-768x512.jpg 768w, https:\/\/infotorrent.es\/wp-content\/uploads\/2026\/04\/1-6-1536x1024.jpg 1536w, https:\/\/infotorrent.es\/wp-content\/uploads\/2026\/04\/1-6.jpg 1620w\" sizes=\"(max-width: 1024px) 100vw, 1024px\" \/><\/figure>\n","protected":false},"excerpt":{"rendered":"<p>La Ciutat de l&#8217;Esport ser\u00e0 l&#8217;escenari per a la gran competici\u00f3 La Ciutat de l&#8217;Esport de Torrent ser\u00e0 l&#8217;escenari, este dissabte dia 2 de maig, del Meeting Internacional \u2013 Open Comunitat Valenciana d&#8217;Atletisme Adaptat &#8211; JECV, una competici\u00f3 organitzada per la Federaci\u00f3 d&#8217;Esports Adaptats de la Comunitat Valenciana (FESA) que reunir\u00e0 m\u00e9s de 120 atletes. [&hellip;]<\/p>\n","protected":false},"author":20,"featured_media":95925,"comment_status":"open","ping_status":"open","sticky":false,"template":"","format":"standard","meta":{"_acf_changed":false,"footnotes":""},"categories":[1186],"tags":[],"class_list":["post-95922","post","type-post","status-publish","format-standard","has-post-thumbnail","hentry","category-deporte-ca"],"acf":[],"_links":{"self":[{"href":"https:\/\/infotorrent.es\/ca\/wp-json\/wp\/v2\/posts\/95922","targetHints":{"allow":["GET"]}}],"collection":[{"href":"https:\/\/infotorrent.es\/ca\/wp-json\/wp\/v2\/posts"}],"about":[{"href":"https:\/\/infotorrent.es\/ca\/wp-json\/wp\/v2\/types\/post"}],"author":[{"embeddable":true,"href":"https:\/\/infotorrent.es\/ca\/wp-json\/wp\/v2\/users\/20"}],"replies":[{"embeddable":true,"href":"https:\/\/infotorrent.es\/ca\/wp-json\/wp\/v2\/comments?post=95922"}],"version-history":[{"count":1,"href":"https:\/\/infotorrent.es\/ca\/wp-json\/wp\/v2\/posts\/95922\/revisions"}],"predecessor-version":[{"id":95926,"href":"https:\/\/infotorrent.es\/ca\/wp-json\/wp\/v2\/posts\/95922\/revisions\/95926"}],"wp:featuredmedia":[{"embeddable":true,"href":"https:\/\/infotorrent.es\/ca\/wp-json\/wp\/v2\/media\/95925"}],"wp:attachment":[{"href":"https:\/\/infotorrent.es\/ca\/wp-json\/wp\/v2\/media?parent=95922"}],"wp:term":[{"taxonomy":"category","embeddable":true,"href":"https:\/\/infotorrent.es\/ca\/wp-json\/wp\/v2\/categories?post=95922"},{"taxonomy":"post_tag","embeddable":true,"href":"https:\/\/infotorrent.es\/ca\/wp-json\/wp\/v2\/tags?post=95922"}],"curies":[{"name":"wp","href":"https:\/\/api.w.org\/{rel}","templated":true}]}}