{"id":95913,"date":"2026-04-30T13:52:37","date_gmt":"2026-04-30T11:52:37","guid":{"rendered":"https:\/\/infotorrent.es\/?p=95913"},"modified":"2026-04-30T14:14:52","modified_gmt":"2026-04-30T12:14:52","slug":"torrent-activa-lhorari-especial-dexamens-a-les-biblioteques-municipals-des-del-4-de-maig-fins-al-3-de-juliol","status":"publish","type":"post","link":"https:\/\/infotorrent.es\/ca\/noticies\/cultura\/torrent-activa-lhorari-especial-dexamens-a-les-biblioteques-municipals-des-del-4-de-maig-fins-al-3-de-juliol\/","title":{"rendered":"Torrent activa l&#8217;horari especial d&#8217;ex\u00e0mens a les biblioteques municipals des del 4 de maig fins al 3 de juliol"},"content":{"rendered":"\n<p><strong>Les biblioteques obriran de 8.00 a 3.00 hores, de dilluns a diumenge, per a facilitar l&#8217;estudi durant el per\u00edode acad\u00e8mic<\/strong><\/p>\n\n\n\n<p><strong>La xarxa municipal consolida la seua modernitzaci\u00f3 amb m\u00e9s places, millors instal\u00b7lacions i horaris adaptats a la demanda estudiantil<\/strong><\/p>\n\n\n\n<p>L&#8217;Ajuntament de Torrent, a trav\u00e9s de la Regidoria de Cultura i la Secci\u00f3 d&#8217;Arxius i Biblioteques, ha posat en marxa el nou horari especial d&#8217;ex\u00e0mens a la Biblioteca Metre i a la Casa de la Cultura, una mesura dirigida a oferir a estudiants, opositors i usuaris un espai adequat per a l&#8217;estudi durant un dels per\u00edodes de major exig\u00e8ncia acad\u00e8mica.<\/p>\n\n\n\n<p>L&#8217;horari extraordinari estar\u00e0 vigent del 4 de maig al 3 de juliol, amb obertura ininterrompuda de 8.00 a 3.00 hores, de dilluns a diumenge, ampliant significativament el temps d&#8217;\u00fas de les instal\u00b7lacions municipals i adaptant-se a les necessitats reals dels usuaris.<\/p>\n\n\n\n<p><strong>Un servici consolidat que respon a la demanda<\/strong><\/p>\n\n\n\n<p>Esta iniciativa dona continu\u00eftat a la l\u00ednia de treball impulsada per l&#8217;Ajuntament en els \u00faltims mesos, despr\u00e9s de la implantaci\u00f3 de l&#8217;horari especial nocturn durant el passat hivern, que ja va permetre ampliar el servici bibliotecari fins a la matinada i va registrar una alta participaci\u00f3 ciutadana.<\/p>\n\n\n\n<p>L&#8217;experi\u00e8ncia acumulada ha confirmat la necessitat de mantindre i refor\u00e7ar estos horaris en \u00e8poques clau del calendari acad\u00e8mic, consolidant a Torrent com una ciutat que aposta pel suport directe a la seua comunitat educativa.<\/p>\n\n\n\n<p><strong>Biblioteques m\u00e9s modernes, accessibles i preparades<\/strong><\/p>\n\n\n\n<p>El nou horari es recolza en el proc\u00e9s de modernitzaci\u00f3 i ampliaci\u00f3 de la xarxa municipal de biblioteques, especialment a la Biblioteca Metre, on recentment s&#8217;han incorporat nous llocs d&#8217;estudi i millores en equipament, confort i il\u00b7luminaci\u00f3, pensades per a afavorir la concentraci\u00f3 durant llargues jornades.<\/p>\n\n\n\n<p>En l&#8217;actualitat, Torrent compta amb 287 places d&#8217;estudi distribu\u00efdes entre la Biblioteca Metre i la Casa de la Cultura, una capacitat que permet donar resposta a l&#8217;elevada demanda en per\u00edodes d&#8217;ex\u00e0mens i garantir espais adequats per a tots els usuaris.<\/p>\n\n\n\n<p><strong>Dos espais de refer\u00e8ncia oberts tots els dies<\/strong><\/p>\n\n\n\n<p>L&#8217;horari especial es prestar\u00e0 en:<\/p>\n\n\n\n<p>\u2022&nbsp;&nbsp;&nbsp;&nbsp;&nbsp;&nbsp;&nbsp;&nbsp;Biblioteca Metre (Av. al Vedat, 103)<\/p>\n\n\n\n<p>\u2022&nbsp;&nbsp;&nbsp;&nbsp;&nbsp;&nbsp;&nbsp;&nbsp;Casa de la Cultura (C\/ Sagra, 17)<\/p>\n\n\n\n<p>Les dos instal\u00b7lacions romandran obertes tots els dies de la setmana, incloent-hi caps de setmana, refor\u00e7ant aix\u00ed l&#8217;acc\u00e9s igualitari a l&#8217;estudi i facilitant l&#8217;organitzaci\u00f3 del temps als estudiants.<\/p>\n\n\n\n<p>El regidor de Cultura, Aitor S\u00e1nchez, ha destacat que&nbsp;<strong>\u201ceste horari especial torna a situar a Torrent com una ciutat compromesa amb els seus estudiants, oferint m\u00e9s temps, m\u00e9s espais i millors condicions per a preparar ex\u00e0mens en un entorn adequat\u201d.<\/strong><\/p>\n\n\n\n<p>S\u00e1nchez ha subratllat que&nbsp;<strong>\u201cl&#8217;ampliaci\u00f3 fins a les 3 de la matinada \u00e9s una resposta directa al que ens traslladen els propis usuaris. Sabem que este esfor\u00e7 marca la difer\u00e8ncia en moments clau i volem estar a l&#8217;altura d&#8217;eixa necessitat\u201d.<\/strong><\/p>\n\n\n\n<p>Aix\u00ed mateix, ha posat en valor el treball realitzat en els \u00faltims mesos, assenyalant que&nbsp;<strong>\u201cno sols ampliem horaris, sin\u00f3 que tamb\u00e9 hem millorat i modernitzat les nostres biblioteques, incrementant places i adaptant els espais a les noves formes d&#8217;estudi, m\u00e9s digitals, m\u00e9s flexibles i m\u00e9s exigents\u201d.<\/strong><\/p>\n\n\n\n<p>Finalment, el regidor ha remarcat que&nbsp;<strong>\u201ccontinuarem treballant per a consolidar una xarxa bibliotec\u00e0ria moderna, accessible i \u00fatil, que acompanye als nostres j\u00f3vens en la seua formaci\u00f3 i contribu\u00efsca a generar oportunitats des del local\u201d.<\/strong><\/p>\n\n\n\n<p><strong>Torrent, una ciutat que dona suport al talent i la formaci\u00f3<\/strong><\/p>\n\n\n\n<p>Amb esta mesura, l&#8217;Ajuntament refor\u00e7a la seua aposta per l&#8217;educaci\u00f3, la igualtat d&#8217;oportunitats i l&#8217;acc\u00e9s a recursos p\u00fablics de qualitat, consolidant un model de ciutat que acompanya als seus estudiants i facilita el seu desenrotllament acad\u00e8mic en les millors condicions possibles.<\/p>\n\n\n\n<figure class=\"wp-block-image size-large\"><img fetchpriority=\"high\" decoding=\"async\" width=\"1024\" height=\"682\" src=\"https:\/\/infotorrent.es\/wp-content\/uploads\/2026\/04\/1-98-1024x682.jpg\" alt=\"\" class=\"wp-image-95910\" srcset=\"https:\/\/infotorrent.es\/wp-content\/uploads\/2026\/04\/1-98-1024x682.jpg 1024w, https:\/\/infotorrent.es\/wp-content\/uploads\/2026\/04\/1-98-300x200.jpg 300w, https:\/\/infotorrent.es\/wp-content\/uploads\/2026\/04\/1-98-768x512.jpg 768w, https:\/\/infotorrent.es\/wp-content\/uploads\/2026\/04\/1-98-1536x1023.jpg 1536w, https:\/\/infotorrent.es\/wp-content\/uploads\/2026\/04\/1-98.jpg 1600w\" sizes=\"(max-width: 1024px) 100vw, 1024px\" \/><\/figure>\n\n\n\n<figure class=\"wp-block-gallery has-nested-images columns-default is-cropped wp-block-gallery-1 is-layout-flex wp-block-gallery-is-layout-flex\">\n<figure class=\"wp-block-image size-large\"><img decoding=\"async\" width=\"1024\" height=\"682\" data-id=\"95908\" src=\"https:\/\/infotorrent.es\/wp-content\/uploads\/2026\/04\/4-60-1024x682.jpg\" alt=\"\" class=\"wp-image-95908\" srcset=\"https:\/\/infotorrent.es\/wp-content\/uploads\/2026\/04\/4-60-1024x682.jpg 1024w, https:\/\/infotorrent.es\/wp-content\/uploads\/2026\/04\/4-60-300x200.jpg 300w, https:\/\/infotorrent.es\/wp-content\/uploads\/2026\/04\/4-60-768x512.jpg 768w, https:\/\/infotorrent.es\/wp-content\/uploads\/2026\/04\/4-60-1536x1023.jpg 1536w, https:\/\/infotorrent.es\/wp-content\/uploads\/2026\/04\/4-60.jpg 1600w\" sizes=\"(max-width: 1024px) 100vw, 1024px\" \/><\/figure>\n\n\n\n<figure class=\"wp-block-image size-large\"><img decoding=\"async\" width=\"1024\" height=\"576\" data-id=\"95906\" src=\"https:\/\/infotorrent.es\/wp-content\/uploads\/2026\/04\/8-7-1024x576.jpg\" alt=\"\" class=\"wp-image-95906\" srcset=\"https:\/\/infotorrent.es\/wp-content\/uploads\/2026\/04\/8-7-1024x576.jpg 1024w, https:\/\/infotorrent.es\/wp-content\/uploads\/2026\/04\/8-7-300x169.jpg 300w, https:\/\/infotorrent.es\/wp-content\/uploads\/2026\/04\/8-7-768x432.jpg 768w, https:\/\/infotorrent.es\/wp-content\/uploads\/2026\/04\/8-7-1536x864.jpg 1536w, https:\/\/infotorrent.es\/wp-content\/uploads\/2026\/04\/8-7.jpg 1600w\" sizes=\"(max-width: 1024px) 100vw, 1024px\" \/><\/figure>\n\n\n\n<figure class=\"wp-block-image size-large\"><img loading=\"lazy\" decoding=\"async\" width=\"1024\" height=\"768\" data-id=\"95904\" src=\"https:\/\/infotorrent.es\/wp-content\/uploads\/2026\/04\/2-84-1024x768.jpg\" alt=\"\" class=\"wp-image-95904\" srcset=\"https:\/\/infotorrent.es\/wp-content\/uploads\/2026\/04\/2-84-1024x768.jpg 1024w, https:\/\/infotorrent.es\/wp-content\/uploads\/2026\/04\/2-84-300x225.jpg 300w, https:\/\/infotorrent.es\/wp-content\/uploads\/2026\/04\/2-84-768x576.jpg 768w, https:\/\/infotorrent.es\/wp-content\/uploads\/2026\/04\/2-84-1536x1152.jpg 1536w, https:\/\/infotorrent.es\/wp-content\/uploads\/2026\/04\/2-84.jpg 1600w\" sizes=\"(max-width: 1024px) 100vw, 1024px\" \/><\/figure>\n\n\n\n<figure class=\"wp-block-image size-large\"><img loading=\"lazy\" decoding=\"async\" width=\"1024\" height=\"1024\" data-id=\"95902\" src=\"https:\/\/infotorrent.es\/wp-content\/uploads\/2026\/04\/7-17-1024x1024.jpg\" alt=\"\" class=\"wp-image-95902\" srcset=\"https:\/\/infotorrent.es\/wp-content\/uploads\/2026\/04\/7-17-1024x1024.jpg 1024w, https:\/\/infotorrent.es\/wp-content\/uploads\/2026\/04\/7-17-300x300.jpg 300w, https:\/\/infotorrent.es\/wp-content\/uploads\/2026\/04\/7-17-150x150.jpg 150w, https:\/\/infotorrent.es\/wp-content\/uploads\/2026\/04\/7-17-768x768.jpg 768w, https:\/\/infotorrent.es\/wp-content\/uploads\/2026\/04\/7-17-1536x1536.jpg 1536w, https:\/\/infotorrent.es\/wp-content\/uploads\/2026\/04\/7-17-700x700.jpg 700w, https:\/\/infotorrent.es\/wp-content\/uploads\/2026\/04\/7-17.jpg 1600w\" sizes=\"(max-width: 1024px) 100vw, 1024px\" \/><\/figure>\n\n\n\n<figure class=\"wp-block-image size-large\"><img loading=\"lazy\" decoding=\"async\" width=\"1024\" height=\"1024\" data-id=\"95900\" src=\"https:\/\/infotorrent.es\/wp-content\/uploads\/2026\/04\/9-9-1024x1024.jpg\" alt=\"\" class=\"wp-image-95900\" srcset=\"https:\/\/infotorrent.es\/wp-content\/uploads\/2026\/04\/9-9-1024x1024.jpg 1024w, https:\/\/infotorrent.es\/wp-content\/uploads\/2026\/04\/9-9-300x300.jpg 300w, https:\/\/infotorrent.es\/wp-content\/uploads\/2026\/04\/9-9-150x150.jpg 150w, https:\/\/infotorrent.es\/wp-content\/uploads\/2026\/04\/9-9-768x768.jpg 768w, https:\/\/infotorrent.es\/wp-content\/uploads\/2026\/04\/9-9-1536x1536.jpg 1536w, https:\/\/infotorrent.es\/wp-content\/uploads\/2026\/04\/9-9-700x700.jpg 700w, https:\/\/infotorrent.es\/wp-content\/uploads\/2026\/04\/9-9.jpg 1600w\" sizes=\"(max-width: 1024px) 100vw, 1024px\" \/><\/figure>\n<\/figure>\n","protected":false},"excerpt":{"rendered":"<p>Les biblioteques obriran de 8.00 a 3.00 hores, de dilluns a diumenge, per a facilitar l&#8217;estudi durant el per\u00edode acad\u00e8mic La xarxa municipal consolida la seua modernitzaci\u00f3 amb m\u00e9s places, millors instal\u00b7lacions i horaris adaptats a la demanda estudiantil L&#8217;Ajuntament de Torrent, a trav\u00e9s de la Regidoria de Cultura i la Secci\u00f3 d&#8217;Arxius i Biblioteques, [&hellip;]<\/p>\n","protected":false},"author":21,"featured_media":95910,"comment_status":"open","ping_status":"open","sticky":false,"template":"","format":"standard","meta":{"_acf_changed":false,"footnotes":""},"categories":[756,1132,117,126],"tags":[],"class_list":["post-95913","post","type-post","status-publish","format-standard","has-post-thumbnail","hentry","category-cultura-noticias-2","category-cultura-ca","category-cultura","category-cultura-es-2"],"acf":[],"_links":{"self":[{"href":"https:\/\/infotorrent.es\/ca\/wp-json\/wp\/v2\/posts\/95913","targetHints":{"allow":["GET"]}}],"collection":[{"href":"https:\/\/infotorrent.es\/ca\/wp-json\/wp\/v2\/posts"}],"about":[{"href":"https:\/\/infotorrent.es\/ca\/wp-json\/wp\/v2\/types\/post"}],"author":[{"embeddable":true,"href":"https:\/\/infotorrent.es\/ca\/wp-json\/wp\/v2\/users\/21"}],"replies":[{"embeddable":true,"href":"https:\/\/infotorrent.es\/ca\/wp-json\/wp\/v2\/comments?post=95913"}],"version-history":[{"count":1,"href":"https:\/\/infotorrent.es\/ca\/wp-json\/wp\/v2\/posts\/95913\/revisions"}],"predecessor-version":[{"id":95915,"href":"https:\/\/infotorrent.es\/ca\/wp-json\/wp\/v2\/posts\/95913\/revisions\/95915"}],"wp:featuredmedia":[{"embeddable":true,"href":"https:\/\/infotorrent.es\/ca\/wp-json\/wp\/v2\/media\/95910"}],"wp:attachment":[{"href":"https:\/\/infotorrent.es\/ca\/wp-json\/wp\/v2\/media?parent=95913"}],"wp:term":[{"taxonomy":"category","embeddable":true,"href":"https:\/\/infotorrent.es\/ca\/wp-json\/wp\/v2\/categories?post=95913"},{"taxonomy":"post_tag","embeddable":true,"href":"https:\/\/infotorrent.es\/ca\/wp-json\/wp\/v2\/tags?post=95913"}],"curies":[{"name":"wp","href":"https:\/\/api.w.org\/{rel}","templated":true}]}}