{"id":95866,"date":"2026-04-29T14:41:48","date_gmt":"2026-04-29T12:41:48","guid":{"rendered":"https:\/\/infotorrent.es\/?p=95866"},"modified":"2026-04-29T14:46:08","modified_gmt":"2026-04-29T12:46:08","slug":"el-nou-comissari-cap-de-la-policia-nacional-a-torrent-realitza-la-seua-primera-visita-institucional-a-lajuntament","status":"publish","type":"post","link":"https:\/\/infotorrent.es\/ca\/noticies\/seguretat-ciutadana\/el-nou-comissari-cap-de-la-policia-nacional-a-torrent-realitza-la-seua-primera-visita-institucional-a-lajuntament\/","title":{"rendered":"El nou Comissari Cap de la Policia Nacional a Torrent realitza la seua primera visita institucional a l&#8217;Ajuntament"},"content":{"rendered":"\n<p><strong>D. Onofre Salvador Monchol\u00ed Tudela assumix la direcci\u00f3 amb una \u00e0mplia traject\u00f2ria en la Policia Nacional i experi\u00e8ncia pr\u00e8via a la ciutat<\/strong><\/p>\n\n\n\n<p>L&#8217;Ajuntament de Torrent ha rebut la visita institucional del nou Comissari Cap de la Policia Nacional a la ciutat, D. Onofre Salvador Monchol\u00ed Tudela, qui ha mantingut una trobada amb l&#8217;alcaldessa, Amparo Folgado, amb l&#8217;objectiu de refor\u00e7ar la coordinaci\u00f3 i col\u00b7laboraci\u00f3 entre les dos institucions en mat\u00e8ria de seguretat ciutadana.<\/p>\n\n\n\n<p>Durant la reuni\u00f3, celebrada en alcaldia, s&#8217;han abordat les principals l\u00ednies d&#8217;actuaci\u00f3 en mat\u00e8ria de seguretat, aix\u00ed com la import\u00e0ncia de continuar avan\u00e7ant en la cooperaci\u00f3 entre la Policia Nacional i la Policia Local per a garantir la seguretat i el benestar dels ve\u00efns de Torrent.<\/p>\n\n\n\n<p>El nou Comissari Cap, D. Onofre Salvador Monchol\u00ed Tudela, compta amb una dilatada traject\u00f2ria professional en el cos, al qual va ingressar en 1987. Despr\u00e9s de la seua formaci\u00f3, va iniciar la seua carrera com a Inspector en la Comissaria Provincial de Sant Sebasti\u00e0 i, posteriorment, va desenrotllar bona part de la seua carrera en la Unitat d&#8217;Helic\u00f2pters de la Prefectura superior de policia de la Comunitat Valenciana, on va ascendir a Inspector Cap en 2010 i a Comissari en 2022.<\/p>\n\n\n\n<p>A m\u00e9s, ja coneix la realitat de Torrent, ja que va exercir el c\u00e0rrec de cap de la Comissaria Local durant un breu per\u00edode, abans d&#8217;assumir la responsabilitat com a Secretari General en la Prefectura superior de policia de la Comunitat Valenciana entre 2022 i 2026, tornant ara a la ciutat com a m\u00e0xim responsable policial.<\/p>\n\n\n\n<p><strong>Comprom\u00eds amb la seguretat i la col\u00b7laboraci\u00f3 institucional<\/strong><\/p>\n\n\n\n<p>L&#8217;alcaldessa de Torrent, Amparo Folgado, ha volgut donar la benvinguda al nou Comissari Cap, destacant la seua experi\u00e8ncia i coneixement del municipi,&nbsp;<strong>\u201c\u00e9s una satisfacci\u00f3 rebre a l&#8217;Ajuntament al nou Comissari Cap de la Policia Nacional a Torrent, una persona amb una traject\u00f2ria impecable i que, a m\u00e9s, ja coneix la nostra ciutat. Aix\u00f2 \u00e9s, sens dubte, una garantia per a continuar enfortint la seguretat i la coordinaci\u00f3 entre administracions.\u201d<\/strong><\/p>\n\n\n\n<p>En esta l\u00ednia, Folgado ha subratllat la import\u00e0ncia del treball conjunt entre cossos de seguretat,&nbsp;<strong>\u201cdes de l&#8217;Ajuntament de Torrent continuarem treballant de la m\u00e0 de la Policia Nacional, refor\u00e7ant la col\u00b7laboraci\u00f3 amb la Policia Local per a continuar fent de Torrent una ciutat segura, en la qual els nostres ve\u00efns puguen viure amb tranquil\u00b7litat i confian\u00e7a.\u201d<\/strong><\/p>\n\n\n\n<p><strong>Refor\u00e7 de la coordinaci\u00f3 en mat\u00e8ria de seguretat<\/strong><\/p>\n\n\n\n<p>La visita institucional ha servit tamb\u00e9 per a reafirmar el comprom\u00eds conjunt de les dos institucions en la millora cont\u00ednua dels dispositius de seguretat, especialment en esdeveniments, prevenci\u00f3 i atenci\u00f3 ciutadana, aix\u00ed com en la resposta coordinada davant qualsevol situaci\u00f3 que puga afectar el municipi.<\/p>\n\n\n\n<p>Amb esta trobada, l&#8217;Ajuntament de Torrent i la Policia Nacional consoliden una relaci\u00f3 de cooperaci\u00f3 estreta i permanent, clau per a continuar avan\u00e7ant en la protecci\u00f3 dels ciutadans i en la millora de la qualitat de vida a la ciutat.<\/p>\n\n\n\n<figure class=\"wp-block-image size-large\"><img fetchpriority=\"high\" decoding=\"async\" width=\"1024\" height=\"682\" src=\"https:\/\/infotorrent.es\/wp-content\/uploads\/2026\/04\/WhatsApp-Image-2026-04-29-at-14.38.42-2-1024x682.jpeg\" alt=\"\" class=\"wp-image-95859\" srcset=\"https:\/\/infotorrent.es\/wp-content\/uploads\/2026\/04\/WhatsApp-Image-2026-04-29-at-14.38.42-2-1024x682.jpeg 1024w, https:\/\/infotorrent.es\/wp-content\/uploads\/2026\/04\/WhatsApp-Image-2026-04-29-at-14.38.42-2-300x200.jpeg 300w, https:\/\/infotorrent.es\/wp-content\/uploads\/2026\/04\/WhatsApp-Image-2026-04-29-at-14.38.42-2-768x512.jpeg 768w, https:\/\/infotorrent.es\/wp-content\/uploads\/2026\/04\/WhatsApp-Image-2026-04-29-at-14.38.42-2-1536x1023.jpeg 1536w, https:\/\/infotorrent.es\/wp-content\/uploads\/2026\/04\/WhatsApp-Image-2026-04-29-at-14.38.42-2.jpeg 1600w\" sizes=\"(max-width: 1024px) 100vw, 1024px\" \/><\/figure>\n\n\n\n<figure class=\"wp-block-gallery has-nested-images columns-default is-cropped wp-block-gallery-1 is-layout-flex wp-block-gallery-is-layout-flex\">\n<figure class=\"wp-block-image size-large\"><img decoding=\"async\" width=\"1024\" height=\"682\" data-id=\"95863\" src=\"https:\/\/infotorrent.es\/wp-content\/uploads\/2026\/04\/WhatsApp-Image-2026-04-29-at-14.38.42-1024x682.jpeg\" alt=\"\" class=\"wp-image-95863\" srcset=\"https:\/\/infotorrent.es\/wp-content\/uploads\/2026\/04\/WhatsApp-Image-2026-04-29-at-14.38.42-1024x682.jpeg 1024w, https:\/\/infotorrent.es\/wp-content\/uploads\/2026\/04\/WhatsApp-Image-2026-04-29-at-14.38.42-300x200.jpeg 300w, https:\/\/infotorrent.es\/wp-content\/uploads\/2026\/04\/WhatsApp-Image-2026-04-29-at-14.38.42-768x512.jpeg 768w, https:\/\/infotorrent.es\/wp-content\/uploads\/2026\/04\/WhatsApp-Image-2026-04-29-at-14.38.42-1536x1023.jpeg 1536w, https:\/\/infotorrent.es\/wp-content\/uploads\/2026\/04\/WhatsApp-Image-2026-04-29-at-14.38.42.jpeg 1600w\" sizes=\"(max-width: 1024px) 100vw, 1024px\" \/><\/figure>\n\n\n\n<figure class=\"wp-block-image size-large\"><img decoding=\"async\" width=\"1024\" height=\"682\" data-id=\"95861\" src=\"https:\/\/infotorrent.es\/wp-content\/uploads\/2026\/04\/WhatsApp-Image-2026-04-29-at-14.38.42-1-1024x682.jpeg\" alt=\"\" class=\"wp-image-95861\" srcset=\"https:\/\/infotorrent.es\/wp-content\/uploads\/2026\/04\/WhatsApp-Image-2026-04-29-at-14.38.42-1-1024x682.jpeg 1024w, https:\/\/infotorrent.es\/wp-content\/uploads\/2026\/04\/WhatsApp-Image-2026-04-29-at-14.38.42-1-300x200.jpeg 300w, https:\/\/infotorrent.es\/wp-content\/uploads\/2026\/04\/WhatsApp-Image-2026-04-29-at-14.38.42-1-768x512.jpeg 768w, https:\/\/infotorrent.es\/wp-content\/uploads\/2026\/04\/WhatsApp-Image-2026-04-29-at-14.38.42-1-1536x1023.jpeg 1536w, https:\/\/infotorrent.es\/wp-content\/uploads\/2026\/04\/WhatsApp-Image-2026-04-29-at-14.38.42-1.jpeg 1600w\" sizes=\"(max-width: 1024px) 100vw, 1024px\" \/><\/figure>\n\n\n\n<figure class=\"wp-block-image size-large\"><img loading=\"lazy\" decoding=\"async\" width=\"1024\" height=\"682\" data-id=\"95855\" src=\"https:\/\/infotorrent.es\/wp-content\/uploads\/2026\/04\/WhatsApp-Image-2026-04-29-at-14.38.42-4-1024x682.jpeg\" alt=\"\" class=\"wp-image-95855\" srcset=\"https:\/\/infotorrent.es\/wp-content\/uploads\/2026\/04\/WhatsApp-Image-2026-04-29-at-14.38.42-4-1024x682.jpeg 1024w, https:\/\/infotorrent.es\/wp-content\/uploads\/2026\/04\/WhatsApp-Image-2026-04-29-at-14.38.42-4-300x200.jpeg 300w, https:\/\/infotorrent.es\/wp-content\/uploads\/2026\/04\/WhatsApp-Image-2026-04-29-at-14.38.42-4-768x512.jpeg 768w, https:\/\/infotorrent.es\/wp-content\/uploads\/2026\/04\/WhatsApp-Image-2026-04-29-at-14.38.42-4-1536x1023.jpeg 1536w, https:\/\/infotorrent.es\/wp-content\/uploads\/2026\/04\/WhatsApp-Image-2026-04-29-at-14.38.42-4.jpeg 1600w\" sizes=\"(max-width: 1024px) 100vw, 1024px\" \/><\/figure>\n\n\n\n<figure class=\"wp-block-image size-large\"><img loading=\"lazy\" decoding=\"async\" width=\"1024\" height=\"682\" data-id=\"95857\" src=\"https:\/\/infotorrent.es\/wp-content\/uploads\/2026\/04\/WhatsApp-Image-2026-04-29-at-14.38.42-3-1024x682.jpeg\" alt=\"\" class=\"wp-image-95857\" srcset=\"https:\/\/infotorrent.es\/wp-content\/uploads\/2026\/04\/WhatsApp-Image-2026-04-29-at-14.38.42-3-1024x682.jpeg 1024w, https:\/\/infotorrent.es\/wp-content\/uploads\/2026\/04\/WhatsApp-Image-2026-04-29-at-14.38.42-3-300x200.jpeg 300w, https:\/\/infotorrent.es\/wp-content\/uploads\/2026\/04\/WhatsApp-Image-2026-04-29-at-14.38.42-3-768x512.jpeg 768w, https:\/\/infotorrent.es\/wp-content\/uploads\/2026\/04\/WhatsApp-Image-2026-04-29-at-14.38.42-3-1536x1023.jpeg 1536w, https:\/\/infotorrent.es\/wp-content\/uploads\/2026\/04\/WhatsApp-Image-2026-04-29-at-14.38.42-3.jpeg 1600w\" sizes=\"(max-width: 1024px) 100vw, 1024px\" \/><\/figure>\n<\/figure>\n","protected":false},"excerpt":{"rendered":"<p>D. Onofre Salvador Monchol\u00ed Tudela assumix la direcci\u00f3 amb una \u00e0mplia traject\u00f2ria en la Policia Nacional i experi\u00e8ncia pr\u00e8via a la ciutat L&#8217;Ajuntament de Torrent ha rebut la visita institucional del nou Comissari Cap de la Policia Nacional a la ciutat, D. Onofre Salvador Monchol\u00ed Tudela, qui ha mantingut una trobada amb l&#8217;alcaldessa, Amparo Folgado, [&hellip;]<\/p>\n","protected":false},"author":21,"featured_media":95859,"comment_status":"open","ping_status":"open","sticky":false,"template":"","format":"standard","meta":{"_acf_changed":false,"footnotes":""},"categories":[141,1199,124,1145],"tags":[],"class_list":["post-95866","post","type-post","status-publish","format-standard","has-post-thumbnail","hentry","category-alcaldia-2","category-policia-local-ca","category-seguretat-ciutadana","category-seguridad-ciudadana-y-movilidad-ca"],"acf":[],"_links":{"self":[{"href":"https:\/\/infotorrent.es\/ca\/wp-json\/wp\/v2\/posts\/95866","targetHints":{"allow":["GET"]}}],"collection":[{"href":"https:\/\/infotorrent.es\/ca\/wp-json\/wp\/v2\/posts"}],"about":[{"href":"https:\/\/infotorrent.es\/ca\/wp-json\/wp\/v2\/types\/post"}],"author":[{"embeddable":true,"href":"https:\/\/infotorrent.es\/ca\/wp-json\/wp\/v2\/users\/21"}],"replies":[{"embeddable":true,"href":"https:\/\/infotorrent.es\/ca\/wp-json\/wp\/v2\/comments?post=95866"}],"version-history":[{"count":1,"href":"https:\/\/infotorrent.es\/ca\/wp-json\/wp\/v2\/posts\/95866\/revisions"}],"predecessor-version":[{"id":95868,"href":"https:\/\/infotorrent.es\/ca\/wp-json\/wp\/v2\/posts\/95866\/revisions\/95868"}],"wp:featuredmedia":[{"embeddable":true,"href":"https:\/\/infotorrent.es\/ca\/wp-json\/wp\/v2\/media\/95859"}],"wp:attachment":[{"href":"https:\/\/infotorrent.es\/ca\/wp-json\/wp\/v2\/media?parent=95866"}],"wp:term":[{"taxonomy":"category","embeddable":true,"href":"https:\/\/infotorrent.es\/ca\/wp-json\/wp\/v2\/categories?post=95866"},{"taxonomy":"post_tag","embeddable":true,"href":"https:\/\/infotorrent.es\/ca\/wp-json\/wp\/v2\/tags?post=95866"}],"curies":[{"name":"wp","href":"https:\/\/api.w.org\/{rel}","templated":true}]}}