{"id":95850,"date":"2026-04-29T13:42:17","date_gmt":"2026-04-29T11:42:17","guid":{"rendered":"https:\/\/infotorrent.es\/?p=95850"},"modified":"2026-04-29T13:48:08","modified_gmt":"2026-04-29T11:48:08","slug":"torrent-es-prepara-per-a-les-solemnes-festes-de-la-mare-de-deu-dels-desamparats-patrona-de-la-ciutat","status":"publish","type":"post","link":"https:\/\/infotorrent.es\/ca\/festes-i-turisme\/torrent-es-prepara-per-a-les-solemnes-festes-de-la-mare-de-deu-dels-desamparats-patrona-de-la-ciutat\/","title":{"rendered":"Torrent es prepara per a les Solemnes Festes de la Mare de D\u00e9u dels Desamparats, patrona de la ciutat"},"content":{"rendered":"\n<p><strong>Torrent inicia este dissabte les Festes de la Mare de D\u00e9u dels Desamparats amb una nit de Cant d\u2019Estil des de l\u2019Assumpci\u00f3 i que recorrer\u00e0 diferents carrers del Centre Hist\u00f2ric de la ciutat.<\/strong><\/p>\n\n\n\n<p>Torrent ja calfa motors per a celebrar les Solemnes Festes en honor a la Mare de D\u00e9u dels Desamparats, patrona de la ciutat, unes celebracions profundament arrelades en la tradici\u00f3 i en el sentiment dels torrentins i torrentines. La programaci\u00f3 arrancar\u00e0 este dissabte 2 de maig i es prolongar\u00e0 fins al dimarts 12 de maig, amb intenses jornades religioses, culturals i festives organitzades per la Confraria de la Mare de D\u00e9u dels Desamparats i els clavaris de 2026, encap\u00e7alats pel clavari major, Rub\u00e9n Mora Cervera, i que compten amb la col\u00b7laboraci\u00f3 de l\u2019Ajuntament de Torrent.<\/p>\n\n\n\n<p>Des de la Confraria, presidida per Vicent Benavent, es treballa des de fa mesos per a ultimar tots els detalls d\u2019unes festes que cada any congreguen milers de ve\u00efns al voltant de la patrona. A m\u00e9s, el passat mes de novembre l\u2019entitat va presentar el llibre que arreplega la hist\u00f2ria de la Confraria, una obra elaborada pel cronista oficial de la ciutat, Jos\u00e9 Royo.<\/p>\n\n\n\n<p>L\u2019alcaldessa de Torrent, Amparo Folgado, ha destacat la import\u00e0ncia d\u2019estes celebracions per a la ciutat: \u201cLes festes de la Mare de D\u00e9u dels Desamparats formen part de l\u2019\u00e0nima de Torrent. S\u00f3n dies en qu\u00e8 tradici\u00f3, fe i sentiment s\u2019unixen per a mostrar l\u2019estima immensa que el nostre poble sent per la seua patrona\u201d. Aix\u00ed mateix, ha agra\u00eft \u201cl\u2019esfor\u00e7 de la Confraria, dels clavaris de 2026 i de totes les persones que fan possible mantindre viva i engrandir cada any una celebraci\u00f3 tan volguda per generacions de torrentins\u201d.<\/p>\n\n\n\n<p>Folgado tamb\u00e9 ha animat la ciutadania a participar: \u201cConvide tots els ve\u00efns i visitants a acompanyar-nos en estos dies tan especials, que reflectixen el millor de Torrent: les nostres arrels, la nostra identitat valenciana i la nostra capacitat de reunir-nos al voltant d\u2019all\u00f2 que ens unix\u201d.<\/p>\n\n\n\n<p>El primer dels actes arribar\u00e0 este dissabte 2 de maig, a les 23 hores, quan en la Pla\u00e7a de l\u2019Esgl\u00e9sia s\u2019iniciaran les festes amb una nit de Cant d\u2019Estil en honor a la Mare de D\u00e9u com a mostra d\u2019agra\u00efment i devoci\u00f3. A continuaci\u00f3, es retr\u00e0 homenatge als sacerdots de la ciutat i es realitzar\u00e0 un recorregut amb tres parades festives acompanyats per l\u2019Associaci\u00f3 Dol\u00e7ainers Cercle de Torrent.<\/p>\n\n\n\n<p>Les jornades m\u00e9s multitudin\u00e0ries es viuran especialment durant el trasllat del dissabte 9 de maig des de la Parr\u00f2quia de Sant Joan Bosco; la Missa Major i la Solemne Process\u00f3 General del diumenge 10 de maig; aix\u00ed com el trasllat del dilluns 11 de maig des de la Parr\u00f2quia de l\u2019Assumpci\u00f3 de Nostra Senyora fins a Sant Llu\u00eds Bertran. Com \u00e9s tradici\u00f3, la imatge realitzar\u00e0 una parada en l\u2019Ajuntament de Torrent, on rebr\u00e0 els versos de les representants de les festes de la ciutat i una pluja de milers de p\u00e8tals de flors.<\/p>\n\n\n\n<p><strong>Programa complet de les Solemnes Festes de la Mare de D\u00e9u dels Desamparats 2026<\/strong><\/p>\n\n\n\n<p><strong>Dissabte, 2 de maig \u2013 23:00 hores<\/strong><\/p>\n\n\n\n<p>Inici en la Pla\u00e7a de l\u2019Esgl\u00e9sia amb un emotiu cant en honor a la Mare de D\u00e9u, com a mostra d\u2019agra\u00efment i devoci\u00f3.<\/p>\n\n\n\n<p>A continuaci\u00f3, homenatge als sacerdots, reconeixent la seua labor i dedicaci\u00f3 a la comunitat. El recorregut finalitzar\u00e0 amb tres parades on es compartiran moments d\u2019alegria.<\/p>\n\n\n\n<p>Acompanyar\u00e0 l\u2019Associaci\u00f3 Dol\u00e7ainers Cercle de Torrent.<\/p>\n\n\n\n<p><strong>Dimecres, 6 de maig \u2013 19:30 hores<\/strong><\/p>\n\n\n\n<p>Primer dia de Tridu, que se celebrar\u00e0 en l\u2019Esgl\u00e9sia de Santa Maria del Monte Vedat, en honor a la Mare de D\u00e9u dels Desamparats.<\/p>\n\n\n\n<p>Durant l\u2019acte es procedir\u00e0 a la benedicci\u00f3 de les medalles dels clavaris.<\/p>\n\n\n\n<p><strong>Dijous, 7 de maig \u2013 19:30 hores<\/strong><\/p>\n\n\n\n<p>Segon dia de Tridu en l\u2019Esgl\u00e9sia de Santa Maria del Monte Vedat.<\/p>\n\n\n\n<p>En finalitzar la missa tindr\u00e0 lloc la tradicional Ronda a la Mare de D\u00e9u, a c\u00e0rrec de la Banda Simf\u00f2nica del C\u00edrcul Cat\u00f2lic de Torrent i l\u2019Orfe\u00f3 Polif\u00f2nic Torrent.<\/p>\n\n\n\n<p><strong>Divendres, 8 de maig \u2013 19:30 hores<\/strong><\/p>\n\n\n\n<p>Tercer dia de Tridu en l\u2019Esgl\u00e9sia de Santa Maria del Monte Vedat.<\/p>\n\n\n\n<p><strong>22:30 hores<\/strong><\/p>\n\n\n\n<p>En la Pla\u00e7a de l\u2019Esgl\u00e9sia se celebraran els tradicionals Balls i Can\u00e7ons per a la Mare de D\u00e9u, amb l\u2019actuaci\u00f3 de:<\/p>\n\n\n\n<p>\u2022 Colla de Tabal i Dol\u00e7aina de Torrent<br>\u2022 Agrupaci\u00f3 de Dol\u00e7ainers Cercle Cat\u00f2lic de Torrent<br>\u2022 Grup de Ball L\u2019U i Dos de Torrent (Llar Antoni\u00e0)<\/p>\n\n\n\n<p>En cas de pluja, l\u2019acte se celebrar\u00e0 en la Sala C\u00edvica de l\u2019Antic Mercat.<\/p>\n\n\n\n<p><strong>Dissabte, 9 de maig \u2013 19:30 hores<\/strong><\/p>\n\n\n\n<p>Missa de campanya a les portes de la Parr\u00f2quia de Sant Joan Bosco.<\/p>\n\n\n\n<p><strong>21:00 hores<\/strong><\/p>\n\n\n\n<p>Trasllat de la Mare de D\u00e9u amb el seg\u00fcent itinerari: Orfe\u00f3 C\u00edrcul Cat\u00f2lic, Comare Pilar Mart\u00ed, Avinguda al Vedat, El Marquesat, Verge del Puig, Lope de Rueda, Pare M\u00e9ndez, 6 de Desembre, Avinguda al Vedat, Professor Idilio Gimeno, Pare M\u00e9ndez, Bisbe Benlloch, G\u00f3mez Ferrer, Marco, Esgl\u00e9sia i Pla\u00e7a de l\u2019Esgl\u00e9sia.<\/p>\n\n\n\n<p>Acompanyar\u00e0 l\u2019Associaci\u00f3 Dol\u00e7ainers Cercle de Torrent.<\/p>\n\n\n\n<p><strong>Diumenge, 10 de maig<\/strong><\/p>\n\n\n\n<p>A l\u2019alba i al toc de l\u2019\u00c0ngelus<\/p>\n\n\n\n<p>Volteig general de campanes.<\/p>\n\n\n\n<p><strong>11:00 hores<\/strong><br>Trobada de clavaris en el domicili del Clavari Major.<\/p>\n\n\n\n<p><strong>12:00 hores<\/strong><br>Solemne Missa Major en la Parr\u00f2quia de l\u2019Assumpci\u00f3 de Nostra Senyora, acompanyada per l\u2019Orfe\u00f3 Polif\u00f2nic Torrent del C\u00edrcul Cat\u00f2lic, amb grup de cambra.<\/p>\n\n\n\n<p>Assistiran clavaris, Junta de la Confraria, cambreres de la Mare de D\u00e9u, autoritats, confrares i fidels.<\/p>\n\n\n\n<p><strong>19:15 hores<\/strong><br>En la Casa Abadia i en els locals del carrer Sant Dom\u00e9nec es repartiran ciris als membres de la Confraria per a participar en la solemne process\u00f3.<\/p>\n\n\n\n<p>Despr\u00e9s de la missa vespertina de les 19:30 hores<\/p>\n\n\n\n<p>Solemne Process\u00f3 General amb el seg\u00fcent itinerari: Parr\u00f2quia de l\u2019Assumpci\u00f3, carrer Sant Dom\u00e9nec, carrer Mare de D\u00e9u de l\u2019Olivar, carrer Sant Crist\u00f2fol, pla\u00e7a Bisbe Benlloch, carrer Sagra, Pla\u00e7a Major, carrer de l\u2019Esgl\u00e9sia i retorn a la Parr\u00f2quia.<\/p>\n\n\n\n<p>La process\u00f3 estar\u00e0 precedida pels Dol\u00e7ainers Cercle de Torrent i presidida per autoritats eclesi\u00e0stiques, l\u2019alcaldessa i la corporaci\u00f3, cambreres de la Mare de D\u00e9u, clavaris i Junta de la Confraria. Acompanyar\u00e0 la Banda de la Uni\u00f3 Musical de Torrent.<\/p>\n\n\n\n<p>En finalitzar, en la parr\u00f2quia, s\u2019entonar\u00e0 l\u2019Himne de la Coronaci\u00f3 de la Mare de D\u00e9u dels Desamparats, es realitzar\u00e0 el sorteig d\u2019un record entre els confrares presents i es designaran els clavaris de 2027.<\/p>\n\n\n\n<p>Com a clausura, en la Pla\u00e7a Major es disparar\u00e0 un castell de focs artificials a c\u00e0rrec de la pirot\u00e8cnia Germans Caballer.<\/p>\n\n\n\n<p><strong>Dilluns, 11 de maig \u2013 21:00 hores<\/strong><\/p>\n\n\n\n<p>Trasllat de la Mare de D\u00e9u des de la Parr\u00f2quia de l\u2019Assumpci\u00f3 de Nostra Senyora fins a la Parr\u00f2quia de Sant Llu\u00eds Bertran, amb el seg\u00fcent itinerari: Parr\u00f2quia de l\u2019Assumpci\u00f3, carrer de l\u2019Esgl\u00e9sia, Pla\u00e7a Major, carrer Sant Crist\u00f2fol, pla\u00e7a Bisbe Benlloch, carrer Ram\u00f3n y Cajal i Parr\u00f2quia de Sant Llu\u00eds Bertran.<\/p>\n\n\n\n<p><strong>Dimarts, 12 de maig<\/strong><\/p>\n\n\n\n<p>Des d\u2019aproximadament les 10:00 hores i fins poc abans de la missa vespertina tindr\u00e0 lloc un besamans a la imatge de la Mare de D\u00e9u dels Desamparats en la Parr\u00f2quia de Sant Llu\u00eds Bertran.<\/p>\n\n\n\n<p><strong>19:30 hores<\/strong><br>Missa en sufragi dels confrares difunts.<\/p>\n\n\n\n<figure class=\"wp-block-image size-large\"><img fetchpriority=\"high\" decoding=\"async\" width=\"1024\" height=\"682\" src=\"https:\/\/infotorrent.es\/wp-content\/uploads\/2026\/04\/WhatsApp-Image-2026-04-29-at-13.34.01-1024x682.jpeg\" alt=\"\" class=\"wp-image-95845\" srcset=\"https:\/\/infotorrent.es\/wp-content\/uploads\/2026\/04\/WhatsApp-Image-2026-04-29-at-13.34.01-1024x682.jpeg 1024w, https:\/\/infotorrent.es\/wp-content\/uploads\/2026\/04\/WhatsApp-Image-2026-04-29-at-13.34.01-300x200.jpeg 300w, https:\/\/infotorrent.es\/wp-content\/uploads\/2026\/04\/WhatsApp-Image-2026-04-29-at-13.34.01-768x512.jpeg 768w, https:\/\/infotorrent.es\/wp-content\/uploads\/2026\/04\/WhatsApp-Image-2026-04-29-at-13.34.01-1536x1023.jpeg 1536w, https:\/\/infotorrent.es\/wp-content\/uploads\/2026\/04\/WhatsApp-Image-2026-04-29-at-13.34.01.jpeg 1600w\" sizes=\"(max-width: 1024px) 100vw, 1024px\" \/><\/figure>\n\n\n\n<figure class=\"wp-block-gallery has-nested-images columns-default is-cropped wp-block-gallery-1 is-layout-flex wp-block-gallery-is-layout-flex\">\n<figure class=\"wp-block-image size-large\"><img decoding=\"async\" width=\"723\" height=\"1024\" data-id=\"95843\" src=\"https:\/\/infotorrent.es\/wp-content\/uploads\/2026\/04\/WhatsApp-Image-2026-04-29-at-13.31.46-723x1024.jpeg\" alt=\"\" class=\"wp-image-95843\" srcset=\"https:\/\/infotorrent.es\/wp-content\/uploads\/2026\/04\/WhatsApp-Image-2026-04-29-at-13.31.46-723x1024.jpeg 723w, https:\/\/infotorrent.es\/wp-content\/uploads\/2026\/04\/WhatsApp-Image-2026-04-29-at-13.31.46-212x300.jpeg 212w, https:\/\/infotorrent.es\/wp-content\/uploads\/2026\/04\/WhatsApp-Image-2026-04-29-at-13.31.46-768x1088.jpeg 768w, https:\/\/infotorrent.es\/wp-content\/uploads\/2026\/04\/WhatsApp-Image-2026-04-29-at-13.31.46.jpeg 1080w\" sizes=\"(max-width: 723px) 100vw, 723px\" \/><\/figure>\n\n\n\n<figure class=\"wp-block-image size-large\"><img decoding=\"async\" width=\"724\" height=\"1024\" data-id=\"95847\" src=\"https:\/\/infotorrent.es\/wp-content\/uploads\/2026\/04\/CARTEL-FIESTAS-VIRGEN-724x1024.jpeg\" alt=\"\" class=\"wp-image-95847\" srcset=\"https:\/\/infotorrent.es\/wp-content\/uploads\/2026\/04\/CARTEL-FIESTAS-VIRGEN-724x1024.jpeg 724w, https:\/\/infotorrent.es\/wp-content\/uploads\/2026\/04\/CARTEL-FIESTAS-VIRGEN-212x300.jpeg 212w, https:\/\/infotorrent.es\/wp-content\/uploads\/2026\/04\/CARTEL-FIESTAS-VIRGEN-768x1086.jpeg 768w, https:\/\/infotorrent.es\/wp-content\/uploads\/2026\/04\/CARTEL-FIESTAS-VIRGEN-1086x1536.jpeg 1086w, https:\/\/infotorrent.es\/wp-content\/uploads\/2026\/04\/CARTEL-FIESTAS-VIRGEN.jpeg 1131w\" sizes=\"(max-width: 724px) 100vw, 724px\" \/><\/figure>\n<\/figure>\n","protected":false},"excerpt":{"rendered":"<p>Torrent inicia este dissabte les Festes de la Mare de D\u00e9u dels Desamparats amb una nit de Cant d\u2019Estil des de l\u2019Assumpci\u00f3 i que recorrer\u00e0 diferents carrers del Centre Hist\u00f2ric de la ciutat. Torrent ja calfa motors per a celebrar les Solemnes Festes en honor a la Mare de D\u00e9u dels Desamparats, patrona de la [&hellip;]<\/p>\n","protected":false},"author":21,"featured_media":95845,"comment_status":"open","ping_status":"open","sticky":false,"template":"","format":"standard","meta":{"_acf_changed":false,"footnotes":""},"categories":[141,156,136,143],"tags":[],"class_list":["post-95850","post","type-post","status-publish","format-standard","has-post-thumbnail","hentry","category-alcaldia-2","category-festes-i-tradicions-2","category-festes-i-turisme","category-fiestas-y-tradiciones"],"acf":[],"_links":{"self":[{"href":"https:\/\/infotorrent.es\/ca\/wp-json\/wp\/v2\/posts\/95850","targetHints":{"allow":["GET"]}}],"collection":[{"href":"https:\/\/infotorrent.es\/ca\/wp-json\/wp\/v2\/posts"}],"about":[{"href":"https:\/\/infotorrent.es\/ca\/wp-json\/wp\/v2\/types\/post"}],"author":[{"embeddable":true,"href":"https:\/\/infotorrent.es\/ca\/wp-json\/wp\/v2\/users\/21"}],"replies":[{"embeddable":true,"href":"https:\/\/infotorrent.es\/ca\/wp-json\/wp\/v2\/comments?post=95850"}],"version-history":[{"count":1,"href":"https:\/\/infotorrent.es\/ca\/wp-json\/wp\/v2\/posts\/95850\/revisions"}],"predecessor-version":[{"id":95852,"href":"https:\/\/infotorrent.es\/ca\/wp-json\/wp\/v2\/posts\/95850\/revisions\/95852"}],"wp:featuredmedia":[{"embeddable":true,"href":"https:\/\/infotorrent.es\/ca\/wp-json\/wp\/v2\/media\/95845"}],"wp:attachment":[{"href":"https:\/\/infotorrent.es\/ca\/wp-json\/wp\/v2\/media?parent=95850"}],"wp:term":[{"taxonomy":"category","embeddable":true,"href":"https:\/\/infotorrent.es\/ca\/wp-json\/wp\/v2\/categories?post=95850"},{"taxonomy":"post_tag","embeddable":true,"href":"https:\/\/infotorrent.es\/ca\/wp-json\/wp\/v2\/tags?post=95850"}],"curies":[{"name":"wp","href":"https:\/\/api.w.org\/{rel}","templated":true}]}}