{"id":95832,"date":"2026-04-29T10:45:06","date_gmt":"2026-04-29T08:45:06","guid":{"rendered":"https:\/\/infotorrent.es\/?p=95832"},"modified":"2026-04-29T10:51:16","modified_gmt":"2026-04-29T08:51:16","slug":"torrent-impulsa-locupacio-amb-una-nova-edicio-de-som-talent-la-gran-marato-dentrevistes-laborals-a-la-ciutat","status":"publish","type":"post","link":"https:\/\/infotorrent.es\/ca\/comercio-2-ca\/torrent-impulsa-locupacio-amb-una-nova-edicio-de-som-talent-la-gran-marato-dentrevistes-laborals-a-la-ciutat\/","title":{"rendered":"Torrent impulsa l&#8217;ocupaci\u00f3 amb una nova edici\u00f3 de \u201cSom Talent\u201d, la gran marat\u00f3 d&#8217;entrevistes laborals a la ciutat"},"content":{"rendered":"\n<p><strong>Quasi 40 empreses, de moment, s&#8217;interessen per participar en una jornada que connectar\u00e0 talent local amb oportunitats reals d&#8217;ocupaci\u00f3<\/strong><\/p>\n\n\n\n<p><strong>Les empreses poden inscriure&#8217;s en&nbsp;<a href=\"http:\/\/torrent.somtalent.es\/\" target=\"_blank\" rel=\"noreferrer noopener\">torrent.somtalent.es<\/a>&nbsp;per a participar en l&#8217;esdeveniment que se celebrar\u00e0 el 22 de maig, de 9.00 a 14.00 hores, en el Centre Comercial Les Am\u00e8riques<\/strong><\/p>\n\n\n\n<p>L&#8217;Ajuntament de Torrent, a trav\u00e9s d&#8217;IDEA\u2019T (Innovaci\u00f3 i Desenvolupament Econ\u00f3mic Actiu Torrent), organitza una nova edici\u00f3 de \u201cSom Talent. Marat\u00f3 d\u2019Entrevistes\u201d, un esdeveniment consolidat com una de les principals iniciatives de foment de l&#8217;ocupaci\u00f3 en el municipi. La jornada se celebrar\u00e0 divendres que ve 22 de maig, de 9.00 a 14.00 hores, en el Centre Comercial Les Am\u00e8riques, i reunir\u00e0 desenes d&#8217;empreses i candidats en un mateix espai per a facilitar processos de selecci\u00f3 \u00e0gils i eficaces. la nova edici\u00f3 compta amb la col\u00b7laboraci\u00f3 del Centre Comercial les Am\u00e8riques i l&#8217;empresa RH en positiu, empresa consultora de recursos humans.<\/p>\n\n\n\n<p>Esta trobada t\u00e9 com a objectiu principal posar en contacte directe a empreses que busquen talent amb persones en busca activa d&#8217;ocupaci\u00f3, en un format din\u00e0mic que permet realitzar entrevistes r\u00e0pides en un sol dia, optimitzant temps tant per a ocupadors com per a candidats.<\/p>\n\n\n\n<p>\u201cSom Talent\u201d s&#8217;ha consolidat en els \u00faltims anys com un referent a Torrent en mat\u00e8ria d&#8217;ocupaci\u00f3, oferint entrevistes cara a cara amb empreses de diferents sectors que busquen cobrir llocs de treball de manera immediata o futura.<\/p>\n\n\n\n<p><strong>Un format \u00e0gil que connecta a les empreses d&#8217;un ampli ventall de sectors i el talent local<\/strong><\/p>\n\n\n\n<p>La nova edici\u00f3 comptar\u00e0 amb la implicaci\u00f3 de diverses desenes d&#8217;empreses, la qual cosa posa de manifest la confian\u00e7a del teixit empresarial en este format. En la jornada estaran representats sectors clau com el comer\u00e7, l&#8217;hostaleria, la log\u00edstica, la ind\u00fastria, els recursos humans, els servicis, l&#8217;atenci\u00f3 sociosanit\u00e0ria, l&#8217;administraci\u00f3, el m\u00e0rqueting o les noves tecnologies, entre altres.<\/p>\n\n\n\n<p>En este sentit, ja s&#8217;han interessat per participar un total de 37 empreses, entre les quals es troben Alnut, Asione Val\u00e8ncia, Atenzia, Aura CEE, Bojuna, Carrefour market \/ Supeco, Chov\u00ed, COMELSA, Comismar &#8211; Serveis Futurs Cooperativa, Consum Cooperativa, DEKRA HR Solutions, Escata, FEMEVAL, FERVI OCUPACI\u00d3 ETT, GA TORRES S.L.-CAROB PROCESSORS, Crit-Treballem Junts, GRUP EULEN, IBERGEST GRUP, IMPROVING Logistics &amp; Consulting, INDEREN, Fundaci\u00f3 ONCE-Inserida, INTEGRA CEE-CENTRE ESPECIAL D&#8217;OCUPACI\u00d3, INTERIM GROUP-Global_HR_Solutions, LAC, McDonald\u2019s Torrent-A7-Alaqu\u00e0s, PARADA-Projectes T\u00e8cnics d&#8217;Envasament, +Q CUIDATS-persones que cuidem de persones, Nealis, Osmofilter, Taujanes MARPA, SABA residencies, Securitas, SMART TOP SERVICES, TOP TALENT, Transports OC\u00d3N, Verisure i Tombarella.<\/p>\n\n\n\n<p>Participaran tant grans companyies com pimes locals, generant una oferta variada de llocs que abasta des de perfils d&#8217;incorporaci\u00f3 immediata fins a posicions m\u00e9s qualificades, la qual cosa incrementa les possibilitats reals d&#8217;inserci\u00f3 laboral per als assistents.<\/p>\n\n\n\n<p><strong>Inscripci\u00f3 pr\u00e8via i acc\u00e9s a ofertes reals<\/strong><\/p>\n\n\n\n<p>Les empreses interessades a participar han d&#8217;inscriure&#8217;s, a trav\u00e9s de la plataforma oficial&nbsp;<a href=\"http:\/\/torrent.somtalent.es\/\" target=\"_blank\" rel=\"noreferrer noopener\">torrent.somtalent.es<\/a>, on podran consultar les ofertes disponibles i presentar la seua candidatura. Este proc\u00e9s permet a les empreses seleccionar perfils adequats abans de l&#8217;esdeveniment, facilitant entrevistes m\u00e9s efica\u00e7os i ajustades a les necessitats reals.<\/p>\n\n\n\n<p>El format de la marat\u00f3 est\u00e0 dissenyat per a agilitzar els processos de selecci\u00f3 i generar oportunitats reals de contractaci\u00f3, convertint-se en una ferramenta efectiva dins de les pol\u00edtiques actives d&#8217;ocupaci\u00f3 que impulsa l&#8217;Ajuntament.<\/p>\n\n\n\n<p><strong>Una aposta ferma per l&#8217;ocupaci\u00f3 i el teixit empresarial<\/strong><\/p>\n\n\n\n<p>La regidora d&#8217;Ocupaci\u00f3 i responsable d&#8217;IDEA\u2019T, Sandra Fas, ha destacat la import\u00e0ncia d&#8217;esta iniciativa dins de l&#8217;estrat\u00e8gia municipal,&nbsp;<strong>\u201cdes de l&#8217;Ajuntament de Torrent continuem apostant per pol\u00edtiques actives d&#8217;ocupaci\u00f3 que generen oportunitats reals per als nostres ve\u00efns. \u2018Som Talent\u2019 \u00e9s molt m\u00e9s que una jornada d&#8217;entrevistes: \u00e9s un punt de trobada directa entre empreses i talent local, que permet acurtar els processos de selecci\u00f3 i afavorir la contractaci\u00f3\u201d.<\/strong><\/p>\n\n\n\n<p>Aix\u00ed mateix, ha subratllat el paper clau del teixit empresarial en l&#8217;\u00e8xit de l&#8217;esdeveniment,&nbsp;<strong>\u201cl&#8217;elevada participaci\u00f3 empresarial demostra la utilitat d&#8217;este format. Estem creant un espai \u00e0gil, pr\u00f2xim i efica\u00e7, on les empreses troben perfils adequats i els ciutadans accedixen a oportunitats laborals reals sense eixir de Torrent\u201d.<\/strong><\/p>\n\n\n\n<p><strong>Un esdeveniment consolidat al servici de la ciutadania<\/strong><\/p>\n\n\n\n<p>Amb esta nova edici\u00f3, l&#8217;Ajuntament de Torrent i IDEA\u2019T reforcen el seu comprom\u00eds amb l&#8217;ocupabilitat, la dinamitzaci\u00f3 econ\u00f2mica i la millora de la qualitat de vida dels ciutadans.<\/p>\n\n\n\n<p>\u201cSom Talent\u201d es consolida aix\u00ed com una ferramenta efica\u00e7 per a impulsar l&#8217;ocupaci\u00f3 local, fomentar la connexi\u00f3 entre empreses i treballadors, i continuar posicionant a Torrent com un municipi actiu en la generaci\u00f3 d&#8217;oportunitats.<\/p>\n\n\n\n<p>L&#8217;ajuntament anima a totes les empreses que busquen talent i a les persones en busca d&#8217;ocupaci\u00f3 a participar en esta jornada, que torna a situar a Torrent com a epicentre de l&#8217;ocupaci\u00f3 a l&#8217;Horta Sud.<\/p>\n\n\n\n<figure class=\"wp-block-image size-large\"><img fetchpriority=\"high\" decoding=\"async\" width=\"1024\" height=\"682\" src=\"https:\/\/infotorrent.es\/wp-content\/uploads\/2026\/04\/1-26-1024x682.jpeg\" alt=\"\" class=\"wp-image-95821\" srcset=\"https:\/\/infotorrent.es\/wp-content\/uploads\/2026\/04\/1-26-1024x682.jpeg 1024w, https:\/\/infotorrent.es\/wp-content\/uploads\/2026\/04\/1-26-300x200.jpeg 300w, https:\/\/infotorrent.es\/wp-content\/uploads\/2026\/04\/1-26-768x512.jpeg 768w, https:\/\/infotorrent.es\/wp-content\/uploads\/2026\/04\/1-26-1536x1023.jpeg 1536w, https:\/\/infotorrent.es\/wp-content\/uploads\/2026\/04\/1-26.jpeg 1600w\" sizes=\"(max-width: 1024px) 100vw, 1024px\" \/><\/figure>\n\n\n\n<figure class=\"wp-block-gallery has-nested-images columns-default is-cropped wp-block-gallery-1 is-layout-flex wp-block-gallery-is-layout-flex\">\n<figure class=\"wp-block-image size-large\"><img decoding=\"async\" width=\"1024\" height=\"682\" data-id=\"95823\" src=\"https:\/\/infotorrent.es\/wp-content\/uploads\/2026\/04\/4-59-1024x682.jpg\" alt=\"\" class=\"wp-image-95823\" srcset=\"https:\/\/infotorrent.es\/wp-content\/uploads\/2026\/04\/4-59-1024x682.jpg 1024w, https:\/\/infotorrent.es\/wp-content\/uploads\/2026\/04\/4-59-300x200.jpg 300w, https:\/\/infotorrent.es\/wp-content\/uploads\/2026\/04\/4-59-768x512.jpg 768w, https:\/\/infotorrent.es\/wp-content\/uploads\/2026\/04\/4-59-1536x1023.jpg 1536w, https:\/\/infotorrent.es\/wp-content\/uploads\/2026\/04\/4-59.jpg 1600w\" sizes=\"(max-width: 1024px) 100vw, 1024px\" \/><\/figure>\n\n\n\n<figure class=\"wp-block-image size-large\"><img decoding=\"async\" width=\"1024\" height=\"683\" data-id=\"95825\" src=\"https:\/\/infotorrent.es\/wp-content\/uploads\/2026\/04\/7-8-1024x683.jpeg\" alt=\"\" class=\"wp-image-95825\" srcset=\"https:\/\/infotorrent.es\/wp-content\/uploads\/2026\/04\/7-8-1024x683.jpeg 1024w, https:\/\/infotorrent.es\/wp-content\/uploads\/2026\/04\/7-8-300x200.jpeg 300w, https:\/\/infotorrent.es\/wp-content\/uploads\/2026\/04\/7-8-768x512.jpeg 768w, https:\/\/infotorrent.es\/wp-content\/uploads\/2026\/04\/7-8-1536x1024.jpeg 1536w, https:\/\/infotorrent.es\/wp-content\/uploads\/2026\/04\/7-8.jpeg 1599w\" sizes=\"(max-width: 1024px) 100vw, 1024px\" \/><\/figure>\n\n\n\n<figure class=\"wp-block-image size-large\"><img loading=\"lazy\" decoding=\"async\" width=\"1024\" height=\"682\" data-id=\"95827\" src=\"https:\/\/infotorrent.es\/wp-content\/uploads\/2026\/04\/3-21-1024x682.jpeg\" alt=\"\" class=\"wp-image-95827\" srcset=\"https:\/\/infotorrent.es\/wp-content\/uploads\/2026\/04\/3-21-1024x682.jpeg 1024w, https:\/\/infotorrent.es\/wp-content\/uploads\/2026\/04\/3-21-300x200.jpeg 300w, https:\/\/infotorrent.es\/wp-content\/uploads\/2026\/04\/3-21-768x512.jpeg 768w, https:\/\/infotorrent.es\/wp-content\/uploads\/2026\/04\/3-21-1536x1023.jpeg 1536w, https:\/\/infotorrent.es\/wp-content\/uploads\/2026\/04\/3-21.jpeg 1600w\" sizes=\"(max-width: 1024px) 100vw, 1024px\" \/><\/figure>\n\n\n\n<figure class=\"wp-block-image size-large\"><img loading=\"lazy\" decoding=\"async\" width=\"576\" height=\"1024\" data-id=\"95829\" src=\"https:\/\/infotorrent.es\/wp-content\/uploads\/2026\/04\/cartel-11-576x1024.jpg\" alt=\"\" class=\"wp-image-95829\" srcset=\"https:\/\/infotorrent.es\/wp-content\/uploads\/2026\/04\/cartel-11-576x1024.jpg 576w, https:\/\/infotorrent.es\/wp-content\/uploads\/2026\/04\/cartel-11-169x300.jpg 169w, https:\/\/infotorrent.es\/wp-content\/uploads\/2026\/04\/cartel-11-768x1365.jpg 768w, https:\/\/infotorrent.es\/wp-content\/uploads\/2026\/04\/cartel-11-864x1536.jpg 864w, https:\/\/infotorrent.es\/wp-content\/uploads\/2026\/04\/cartel-11.jpg 1080w\" sizes=\"(max-width: 576px) 100vw, 576px\" \/><\/figure>\n<\/figure>\n","protected":false},"excerpt":{"rendered":"<p>Quasi 40 empreses, de moment, s&#8217;interessen per participar en una jornada que connectar\u00e0 talent local amb oportunitats reals d&#8217;ocupaci\u00f3 Les empreses poden inscriure&#8217;s en&nbsp;torrent.somtalent.es&nbsp;per a participar en l&#8217;esdeveniment que se celebrar\u00e0 el 22 de maig, de 9.00 a 14.00 hores, en el Centre Comercial Les Am\u00e8riques L&#8217;Ajuntament de Torrent, a trav\u00e9s d&#8217;IDEA\u2019T (Innovaci\u00f3 i Desenvolupament [&hellip;]<\/p>\n","protected":false},"author":21,"featured_media":95821,"comment_status":"open","ping_status":"open","sticky":false,"template":"","format":"standard","meta":{"_acf_changed":false,"footnotes":""},"categories":[1181,1205,1194],"tags":[],"class_list":["post-95832","post","type-post","status-publish","format-standard","has-post-thumbnail","hentry","category-comercio-2-ca","category-comercio-mercados-y-empleo-ca","category-ideat-ca"],"acf":[],"_links":{"self":[{"href":"https:\/\/infotorrent.es\/ca\/wp-json\/wp\/v2\/posts\/95832","targetHints":{"allow":["GET"]}}],"collection":[{"href":"https:\/\/infotorrent.es\/ca\/wp-json\/wp\/v2\/posts"}],"about":[{"href":"https:\/\/infotorrent.es\/ca\/wp-json\/wp\/v2\/types\/post"}],"author":[{"embeddable":true,"href":"https:\/\/infotorrent.es\/ca\/wp-json\/wp\/v2\/users\/21"}],"replies":[{"embeddable":true,"href":"https:\/\/infotorrent.es\/ca\/wp-json\/wp\/v2\/comments?post=95832"}],"version-history":[{"count":1,"href":"https:\/\/infotorrent.es\/ca\/wp-json\/wp\/v2\/posts\/95832\/revisions"}],"predecessor-version":[{"id":95834,"href":"https:\/\/infotorrent.es\/ca\/wp-json\/wp\/v2\/posts\/95832\/revisions\/95834"}],"wp:featuredmedia":[{"embeddable":true,"href":"https:\/\/infotorrent.es\/ca\/wp-json\/wp\/v2\/media\/95821"}],"wp:attachment":[{"href":"https:\/\/infotorrent.es\/ca\/wp-json\/wp\/v2\/media?parent=95832"}],"wp:term":[{"taxonomy":"category","embeddable":true,"href":"https:\/\/infotorrent.es\/ca\/wp-json\/wp\/v2\/categories?post=95832"},{"taxonomy":"post_tag","embeddable":true,"href":"https:\/\/infotorrent.es\/ca\/wp-json\/wp\/v2\/tags?post=95832"}],"curies":[{"name":"wp","href":"https:\/\/api.w.org\/{rel}","templated":true}]}}