{"id":9580,"date":"2018-05-02T13:58:10","date_gmt":"2018-05-02T13:58:10","guid":{"rendered":"https:\/\/infotorrent.es\/uncategorized\/sinicia-a-torrent-la-campanya-informativa-contra-el-mosquit-tigre-amb-la-xarrada-del-catedratic-en-control-de-plagues-ricardo-jimenez\/"},"modified":"2018-05-02T14:05:58","modified_gmt":"2018-05-02T14:05:58","slug":"sinicia-a-torrent-la-campanya-informativa-contra-el-mosquit-tigre-amb-la-xarrada-del-catedratic-en-control-de-plagues-ricardo-jimenez","status":"publish","type":"post","link":"https:\/\/infotorrent.es\/ca\/noticies\/sinicia-a-torrent-la-campanya-informativa-contra-el-mosquit-tigre-amb-la-xarrada-del-catedratic-en-control-de-plagues-ricardo-jimenez\/","title":{"rendered":"S&#8217;inicia a Torrent la campanya informativa contra el mosquit tigre amb la xarrada del catedr\u00e0tic en control de plagues, Ricardo Jim\u00e9nez"},"content":{"rendered":"<p><strong>El pr\u00f2xim 10 de maig tindr\u00e0 lloc la primera de les pon\u00e8ncies previstes en l&#8217;A.VV. El Vedat<\/strong><\/p>\n<p style=\"text-align: justify;\">Des de principis del mes de mar\u00e7 s&#8217;estan duent a terme a Torrent actuacions preventives contra el mosquit tigre, centrades principalment en pluvials i zones d&#8217;estancament d&#8217;aigua. L&#8217;edil de Sanitat, Encarna Lerma Bes\u00f3 ha puntualitzat que \u201caquests treballs preventius per a evitar les plagues, prioritzen les actuacions en els principals focus de reproducci\u00f3 obstaculitzant aix\u00ed la seua proliferaci\u00f3\u201d. Els operaris estan treballant de forma sectoritzada fins a arribar a la totalitat del territori municipal.<\/p>\n<p style=\"text-align: justify;\">En el pr\u00f2xims mesos i, paral\u00b7lelament a aquestes actuacions, des de la delegaci\u00f3 de Sanitat del consistori s&#8217;est\u00e0 refor\u00e7ant la campanya informativa sobre el mosquit tigre per a aconseguir la col\u00b7laboraci\u00f3 ciutadana en les \u00e0rees privades. Com l&#8217;any passat, l&#8217;\u00faltima factura d&#8217;Aig\u00fces de l&#8217;Horta explica en el seu revers la informaci\u00f3 b\u00e0sica per a evitar la proliferaci\u00f3 d&#8217;aquest mosquit; i, complementant a aquesta iniciativa, es tornar\u00e0 a comptar amb mupis i, el pr\u00f2xim 10 de maig, a les 18.30 hores, en l&#8217;Associaci\u00f3 de Ve\u00efns el Vedat, s&#8217;oferir\u00e0 la confer\u00e8ncia: \u201cEl mosquit tigre \u00e9s tan perill\u00f3s i molest? Solucions reals al problema\u201d, a c\u00e0rrec del ponent Ricardo Jim\u00e9nez Peydr\u00f3, catedr\u00e0tic de Control de plagues de l&#8217;Institut Cavanilles de Biodiversitat de la Universitat de Val\u00e8ncia.<\/p>\n<p style=\"text-align: justify;\">Aquestes xarrades informatives, que a m\u00e9s d&#8217;en El Vedat es pret\u00e9n que tinguen continu\u00eftat en altres zones de Torrent com La Marxadella o El Pant\u00e0, persegueixen l&#8217;objectiu de proporcionar als ve\u00efns una s\u00e8rie de pautes per a aconseguir que el mosquit tigre no es propague en la nostra localitat. Una tasca en zones privades que est\u00e0 a m\u00e0 de tots i totes i que refor\u00e7a les labors de control que es realitzen durant tot l&#8217;any en les propietats p\u00fabliques.<\/p>\n<p><img fetchpriority=\"high\" decoding=\"async\" class=\" wp-image-13651 aligncenter\" src=\"https:\/\/www.infotorrent.es\/wp-content\/uploads\/2018\/05\/charla_mosquito_tigre_a3-01.jpg\" alt=\"\" width=\"392\" height=\"554\" \/><\/p>\n","protected":false},"excerpt":{"rendered":"<p>El pr\u00f2xim 10 de maig tindr\u00e0 lloc la primera de les pon\u00e8ncies previstes en l&#8217;A.VV. El Vedat Des de principis del mes de mar\u00e7 s&#8217;estan duent a terme a Torrent actuacions preventives contra el mosquit tigre, centrades principalment en pluvials i zones d&#8217;estancament d&#8217;aigua. L&#8217;edil de Sanitat, Encarna Lerma Bes\u00f3 ha puntualitzat que \u201caquests treballs [&hellip;]<\/p>\n","protected":false},"author":3,"featured_media":9582,"comment_status":"closed","ping_status":"open","sticky":false,"template":"","format":"standard","meta":{"_acf_changed":false,"footnotes":""},"categories":[127,116,150,151],"tags":[],"class_list":["post-9580","post","type-post","status-publish","format-standard","has-post-thumbnail","hentry","category-noticias-2","category-noticies","category-sanidad-2","category-sanitat"],"acf":[],"_links":{"self":[{"href":"https:\/\/infotorrent.es\/ca\/wp-json\/wp\/v2\/posts\/9580","targetHints":{"allow":["GET"]}}],"collection":[{"href":"https:\/\/infotorrent.es\/ca\/wp-json\/wp\/v2\/posts"}],"about":[{"href":"https:\/\/infotorrent.es\/ca\/wp-json\/wp\/v2\/types\/post"}],"author":[{"embeddable":true,"href":"https:\/\/infotorrent.es\/ca\/wp-json\/wp\/v2\/users\/3"}],"replies":[{"embeddable":true,"href":"https:\/\/infotorrent.es\/ca\/wp-json\/wp\/v2\/comments?post=9580"}],"version-history":[{"count":0,"href":"https:\/\/infotorrent.es\/ca\/wp-json\/wp\/v2\/posts\/9580\/revisions"}],"wp:featuredmedia":[{"embeddable":true,"href":"https:\/\/infotorrent.es\/ca\/wp-json\/wp\/v2\/media\/9582"}],"wp:attachment":[{"href":"https:\/\/infotorrent.es\/ca\/wp-json\/wp\/v2\/media?parent=9580"}],"wp:term":[{"taxonomy":"category","embeddable":true,"href":"https:\/\/infotorrent.es\/ca\/wp-json\/wp\/v2\/categories?post=9580"},{"taxonomy":"post_tag","embeddable":true,"href":"https:\/\/infotorrent.es\/ca\/wp-json\/wp\/v2\/tags?post=9580"}],"curies":[{"name":"wp","href":"https:\/\/api.w.org\/{rel}","templated":true}]}}