{"id":95796,"date":"2026-04-28T12:14:11","date_gmt":"2026-04-28T10:14:11","guid":{"rendered":"https:\/\/infotorrent.es\/?p=95796"},"modified":"2026-04-28T12:17:56","modified_gmt":"2026-04-28T10:17:56","slug":"torrent-amplia-la-seua-xarxa-despais-infantils-amb-lobertura-del-nou-parc-del-carrer-del-llorer-en-monte-real","status":"publish","type":"post","link":"https:\/\/infotorrent.es\/ca\/noticies\/urbanisme\/torrent-amplia-la-seua-xarxa-despais-infantils-amb-lobertura-del-nou-parc-del-carrer-del-llorer-en-monte-real\/","title":{"rendered":"Torrent amplia la seua xarxa d&#8217;espais infantils amb l&#8217;obertura del nou parc del carrer del Llorer en Monte Real"},"content":{"rendered":"\n<p><strong>El nou espai refor\u00e7a el comprom\u00eds municipal amb la creaci\u00f3 d&#8217;entorns segurs, inclusius i de qualitat per a la inf\u00e0ncia<\/strong><\/p>\n\n\n\n<p><strong>Una vintena d&#8217;actuacions consoliden una estrat\u00e8gia global per a millorar els parcs infantils en tots els barris<\/strong><\/p>\n\n\n\n<p>L&#8217;Ajuntament de Torrent ha posat en servici el nou parc infantil del carrer del Llorer, a la urbanitzaci\u00f3 Monte Real, una actuaci\u00f3 que respon a l&#8217;aposta municipal per la millora cont\u00ednua dels espais p\u00fablics destinats a la inf\u00e0ncia i al benestar de les fam\u00edlies.<\/p>\n\n\n\n<p>Este nou espai se suma a la xarxa de parcs infantils renovats i de nova creaci\u00f3 en el municipi, consolidant una estrat\u00e8gia que prioritza la qualitat, la seguretat, l&#8217;accessibilitat i el valor social d&#8217;estos entorns. L&#8217;actuaci\u00f3 ha comptat amb una subvenci\u00f3 concedida pel Ministeri de Joventut i Inf\u00e0ncia.<\/p>\n\n\n\n<p><strong>Un parc modern, segur i inclusiu per a Monte Real<\/strong><\/p>\n\n\n\n<p>El parc infantil del carrer del Llorer ha sigut dissenyat com un espai l\u00fadic complet, pensat per a afavorir el desenrotllament f\u00edsic, social i creatiu dels xiquets i xiquetes. L&#8217;actuaci\u00f3 ha incl\u00f2s l&#8217;adequaci\u00f3 integral de l&#8217;entorn, amb treballs de neteja, preparaci\u00f3 del terreny, execuci\u00f3 de solera i la instal\u00b7laci\u00f3 de paviment continu de cautx\u00fa amortidor, que garantix la seguretat enfront de caigudes.<\/p>\n\n\n\n<p>El nou equipament incorpora una zona de jocs variada i equilibrada, pensada per a diferents edats i tipus de joc. Com a element principal destaca una gran estructura multijoc de tres torres que integra tobogan, passarel\u00b7les de connexi\u00f3, elements de grimpa i escalada, rampa d&#8217;acc\u00e9s, panells l\u00fadics interactius i barra de bomber, permetent l&#8217;\u00fas simultani de diversos xiquets i fomentant la coordinaci\u00f3, l&#8217;equilibri i l&#8217;exploraci\u00f3.<\/p>\n\n\n\n<p>Este conjunt es completa amb un gronxador tipus niu inclusiu, dissenyat per a afavorir el joc compartit i accessible, aix\u00ed com amb diferents jocs de moll, entre els quals s&#8217;inclouen balancines tem\u00e0tics que estimulen la psicomotricitat en edats primerenques. Tot aix\u00f2 s&#8217;integra en un espai que combina el joc actiu amb el desenrotllament social, afavorint la interacci\u00f3 entre els m\u00e9s xicotets.<\/p>\n\n\n\n<p>Tot aix\u00f2 configurat com un espai accessible, inclusiu i atractiu, que afavorix la conviv\u00e8ncia i la trobada entre fam\u00edlies.<\/p>\n\n\n\n<p>A m\u00e9s, el parc complix amb la normativa europea de seguretat en \u00e0rees de joc infantil, garantint un entorn adaptat i protegit per als m\u00e9s xicotets.<\/p>\n\n\n\n<p><strong>Un impuls a la qualitat de vida dels ve\u00efns<\/strong><\/p>\n\n\n\n<p>La posada en marxa d&#8217;este nou parc suposa una millora significativa per als ve\u00efns de Monte Real, que disposen ara d&#8217;un espai modern i adequat per a l&#8217;oci infantil sense necessitat de despla\u00e7ar-se a altres punts de la ciutat.<\/p>\n\n\n\n<p>L&#8217;alcaldessa de Torrent, Amparo Folgado, ha destacat que,&nbsp;<strong>\u201ceste nou parc en Monte Real \u00e9s un exemple m\u00e9s del nostre comprom\u00eds amb les fam\u00edlies i amb la inf\u00e0ncia. Volem que tots els barris compten amb espais dignes, segurs i atractius on els xiquets puguen jugar i cr\u00e9ixer feli\u00e7os\u201d.<\/strong><\/p>\n\n\n\n<p>Aix\u00ed mateix, Folgado ha afegit que,&nbsp;<strong>\u201ccontinuem construint una ciutat pensada per a les persones, on els m\u00e9s xicotets tinguen protagonisme i on l&#8217;espai p\u00fablic siga un lloc de trobada i conviv\u00e8ncia\u201d.<\/strong><\/p>\n\n\n\n<p>Per part seua, el regidor d&#8217;Urbanisme, Jos\u00e9 Francisco Gozalvo, ha subratllat que,&nbsp;<strong>\u201cesta actuaci\u00f3 respon a una planificaci\u00f3 global que busca renovar i ampliar els parcs infantils en tot el municipi, garantint accessibilitat, seguretat i qualitat en cada intervenci\u00f3\u201d.<\/strong><\/p>\n\n\n\n<p>A m\u00e9s, Gozalvo ha assenyalat que,&nbsp;<strong>\u201cel parc del carrer del Llorer incorpora jocs moderns i adaptats a diferents edats, fomentant el joc actiu i el desenrotllament infantil en un entorn segur\u201d.<\/strong><\/p>\n\n\n\n<p><strong>Una estrat\u00e8gia global amb prop d&#8217;una vintena d&#8217;actuacions<\/strong><\/p>\n\n\n\n<p>L&#8217;obertura del parc del carrer del Llorer s&#8217;emmarca en una ambiciosa estrat\u00e8gia municipal que ha perm\u00e9s la creaci\u00f3 i renovaci\u00f3 de nombrosos espais infantils a Torrent.<\/p>\n\n\n\n<p>Entre les actuacions m\u00e9s destacades es troben:<\/p>\n\n\n\n<p>\u2022&nbsp;&nbsp;&nbsp;&nbsp;&nbsp;&nbsp;&nbsp;&nbsp;Els nous parcs de San Pancracio i Maestro Fortea, recentment posats en servici<\/p>\n\n\n\n<p>\u2022&nbsp;&nbsp;&nbsp;&nbsp;&nbsp;&nbsp;&nbsp;&nbsp;La gran \u00e0rea tem\u00e0tica del Parc Central, amb un vaixell pirata i el Parc d&#8217;Educaci\u00f3 Vi\u00e0ria<\/p>\n\n\n\n<p>\u2022&nbsp;&nbsp;&nbsp;&nbsp;&nbsp;&nbsp;&nbsp;&nbsp;El Parc del Drac en l&#8217;Avinguda Ol\u00edmpica<\/p>\n\n\n\n<p>\u2022&nbsp;&nbsp;&nbsp;&nbsp;&nbsp;&nbsp;&nbsp;&nbsp;La instal\u00b7laci\u00f3 de la tortuga gegant en l&#8217;Avinguda al Vedat<\/p>\n\n\n\n<p>\u2022&nbsp;&nbsp;&nbsp;&nbsp;&nbsp;&nbsp;&nbsp;&nbsp;Actuacions en carrers i places com Azor\u00edn, Sant Llu\u00eds Bertr\u00e1n, Plaza Mayor, Plaza Fray Antonio Panes, Estaci\u00f3 i Plaza Pintor Mir\u00f3<\/p>\n\n\n\n<p>\u2022&nbsp;&nbsp;&nbsp;&nbsp;&nbsp;&nbsp;&nbsp;&nbsp;Nous espais en Genaro Palau (torito) i Plaza Libertad (ruquet Platero)<\/p>\n\n\n\n<p>\u2022&nbsp;&nbsp;&nbsp;&nbsp;&nbsp;&nbsp;&nbsp;&nbsp;Restauraci\u00f3 d&#8217;elements tradicionals com les vaques de Fra Antonio Panes, Pintor Mir\u00f3 i Marquesat<\/p>\n\n\n\n<p>\u2022&nbsp;&nbsp;&nbsp;&nbsp;&nbsp;&nbsp;&nbsp;&nbsp;La renovaci\u00f3 del parc de la urbanitzaci\u00f3 El Pant\u00e0, amb la primera tirolina del municipi<\/p>\n\n\n\n<p>\u2022&nbsp;&nbsp;&nbsp;&nbsp;&nbsp;&nbsp;&nbsp;&nbsp;L&#8217;obertura del castell de la Pla\u00e7a Pintor Mir\u00f3<\/p>\n\n\n\n<p>\u2022&nbsp;&nbsp;&nbsp;&nbsp;&nbsp;&nbsp;&nbsp;&nbsp;I el parc en desenrotllament en Don Joan d&#8217;\u00c0ustria (Col\u00f2nia Bonestar)<\/p>\n\n\n\n<p>Amb la incorporaci\u00f3 del nou parc del carrer del Llorer, l&#8217;Ajuntament continua avan\u00e7ant en la creaci\u00f3 d&#8217;una xarxa d&#8217;espais infantils moderna, equilibrada i distribu\u00efda per tot el terme municipal.<\/p>\n\n\n\n<p><strong>Torrent, una ciutat pensada per a la inf\u00e0ncia<\/strong><\/p>\n\n\n\n<p>Amb actuacions com esta, Torrent refor\u00e7a el seu model de ciutat, apostant per entorns urbans m\u00e9s amables, inclusius i orientats al benestar de les fam\u00edlies.<\/p>\n\n\n\n<p>El joc infantil es consolida aix\u00ed com un element clau en la planificaci\u00f3 urbana, contribuint no sols al desenrotllament dels m\u00e9s xicotets, sin\u00f3 tamb\u00e9 a la cohesi\u00f3 social i a la qualitat de vida de tota la ciutadania.<\/p>\n\n\n\n<figure class=\"wp-block-image size-large\"><img fetchpriority=\"high\" decoding=\"async\" width=\"1024\" height=\"682\" src=\"https:\/\/infotorrent.es\/wp-content\/uploads\/2026\/04\/4-57-1024x682.jpg\" alt=\"\" class=\"wp-image-95789\" srcset=\"https:\/\/infotorrent.es\/wp-content\/uploads\/2026\/04\/4-57-1024x682.jpg 1024w, https:\/\/infotorrent.es\/wp-content\/uploads\/2026\/04\/4-57-300x200.jpg 300w, https:\/\/infotorrent.es\/wp-content\/uploads\/2026\/04\/4-57-768x512.jpg 768w, https:\/\/infotorrent.es\/wp-content\/uploads\/2026\/04\/4-57-1536x1023.jpg 1536w, https:\/\/infotorrent.es\/wp-content\/uploads\/2026\/04\/4-57.jpg 1600w\" sizes=\"(max-width: 1024px) 100vw, 1024px\" \/><\/figure>\n\n\n\n<figure class=\"wp-block-gallery has-nested-images columns-default is-cropped wp-block-gallery-1 is-layout-flex wp-block-gallery-is-layout-flex\">\n<figure class=\"wp-block-image size-large\"><img decoding=\"async\" width=\"1024\" height=\"682\" data-id=\"95791\" src=\"https:\/\/infotorrent.es\/wp-content\/uploads\/2026\/04\/6-29-1024x682.jpg\" alt=\"\" class=\"wp-image-95791\" srcset=\"https:\/\/infotorrent.es\/wp-content\/uploads\/2026\/04\/6-29-1024x682.jpg 1024w, https:\/\/infotorrent.es\/wp-content\/uploads\/2026\/04\/6-29-300x200.jpg 300w, https:\/\/infotorrent.es\/wp-content\/uploads\/2026\/04\/6-29-768x512.jpg 768w, https:\/\/infotorrent.es\/wp-content\/uploads\/2026\/04\/6-29-1536x1023.jpg 1536w, https:\/\/infotorrent.es\/wp-content\/uploads\/2026\/04\/6-29.jpg 1600w\" sizes=\"(max-width: 1024px) 100vw, 1024px\" \/><\/figure>\n\n\n\n<figure class=\"wp-block-image size-large\"><img decoding=\"async\" width=\"1024\" height=\"682\" data-id=\"95793\" src=\"https:\/\/infotorrent.es\/wp-content\/uploads\/2026\/04\/2-81-1024x682.jpg\" alt=\"\" class=\"wp-image-95793\" srcset=\"https:\/\/infotorrent.es\/wp-content\/uploads\/2026\/04\/2-81-1024x682.jpg 1024w, https:\/\/infotorrent.es\/wp-content\/uploads\/2026\/04\/2-81-300x200.jpg 300w, https:\/\/infotorrent.es\/wp-content\/uploads\/2026\/04\/2-81-768x512.jpg 768w, https:\/\/infotorrent.es\/wp-content\/uploads\/2026\/04\/2-81-1536x1023.jpg 1536w, https:\/\/infotorrent.es\/wp-content\/uploads\/2026\/04\/2-81.jpg 1600w\" sizes=\"(max-width: 1024px) 100vw, 1024px\" \/><\/figure>\n\n\n\n<figure class=\"wp-block-image size-large\"><img loading=\"lazy\" decoding=\"async\" width=\"1024\" height=\"682\" data-id=\"95785\" src=\"https:\/\/infotorrent.es\/wp-content\/uploads\/2026\/04\/3-65-1024x682.jpg\" alt=\"\" class=\"wp-image-95785\" srcset=\"https:\/\/infotorrent.es\/wp-content\/uploads\/2026\/04\/3-65-1024x682.jpg 1024w, https:\/\/infotorrent.es\/wp-content\/uploads\/2026\/04\/3-65-300x200.jpg 300w, https:\/\/infotorrent.es\/wp-content\/uploads\/2026\/04\/3-65-768x512.jpg 768w, https:\/\/infotorrent.es\/wp-content\/uploads\/2026\/04\/3-65-1536x1023.jpg 1536w, https:\/\/infotorrent.es\/wp-content\/uploads\/2026\/04\/3-65.jpg 1600w\" sizes=\"(max-width: 1024px) 100vw, 1024px\" \/><\/figure>\n\n\n\n<figure class=\"wp-block-image size-large\"><img loading=\"lazy\" decoding=\"async\" width=\"1024\" height=\"682\" data-id=\"95787\" src=\"https:\/\/infotorrent.es\/wp-content\/uploads\/2026\/04\/1-96-1024x682.jpg\" alt=\"\" class=\"wp-image-95787\" srcset=\"https:\/\/infotorrent.es\/wp-content\/uploads\/2026\/04\/1-96-1024x682.jpg 1024w, https:\/\/infotorrent.es\/wp-content\/uploads\/2026\/04\/1-96-300x200.jpg 300w, https:\/\/infotorrent.es\/wp-content\/uploads\/2026\/04\/1-96-768x512.jpg 768w, https:\/\/infotorrent.es\/wp-content\/uploads\/2026\/04\/1-96-1536x1023.jpg 1536w, https:\/\/infotorrent.es\/wp-content\/uploads\/2026\/04\/1-96.jpg 1600w\" sizes=\"(max-width: 1024px) 100vw, 1024px\" \/><\/figure>\n<\/figure>\n","protected":false},"excerpt":{"rendered":"<p>El nou espai refor\u00e7a el comprom\u00eds municipal amb la creaci\u00f3 d&#8217;entorns segurs, inclusius i de qualitat per a la inf\u00e0ncia Una vintena d&#8217;actuacions consoliden una estrat\u00e8gia global per a millorar els parcs infantils en tots els barris L&#8217;Ajuntament de Torrent ha posat en servici el nou parc infantil del carrer del Llorer, a la urbanitzaci\u00f3 [&hellip;]<\/p>\n","protected":false},"author":21,"featured_media":95789,"comment_status":"open","ping_status":"open","sticky":false,"template":"","format":"standard","meta":{"_acf_changed":false,"footnotes":""},"categories":[141,133,140,1160],"tags":[],"class_list":["post-95796","post","type-post","status-publish","format-standard","has-post-thumbnail","hentry","category-alcaldia-2","category-urbanisme","category-urbanismo-3","category-urbanismo-noticias-ca"],"acf":[],"_links":{"self":[{"href":"https:\/\/infotorrent.es\/ca\/wp-json\/wp\/v2\/posts\/95796","targetHints":{"allow":["GET"]}}],"collection":[{"href":"https:\/\/infotorrent.es\/ca\/wp-json\/wp\/v2\/posts"}],"about":[{"href":"https:\/\/infotorrent.es\/ca\/wp-json\/wp\/v2\/types\/post"}],"author":[{"embeddable":true,"href":"https:\/\/infotorrent.es\/ca\/wp-json\/wp\/v2\/users\/21"}],"replies":[{"embeddable":true,"href":"https:\/\/infotorrent.es\/ca\/wp-json\/wp\/v2\/comments?post=95796"}],"version-history":[{"count":1,"href":"https:\/\/infotorrent.es\/ca\/wp-json\/wp\/v2\/posts\/95796\/revisions"}],"predecessor-version":[{"id":95798,"href":"https:\/\/infotorrent.es\/ca\/wp-json\/wp\/v2\/posts\/95796\/revisions\/95798"}],"wp:featuredmedia":[{"embeddable":true,"href":"https:\/\/infotorrent.es\/ca\/wp-json\/wp\/v2\/media\/95789"}],"wp:attachment":[{"href":"https:\/\/infotorrent.es\/ca\/wp-json\/wp\/v2\/media?parent=95796"}],"wp:term":[{"taxonomy":"category","embeddable":true,"href":"https:\/\/infotorrent.es\/ca\/wp-json\/wp\/v2\/categories?post=95796"},{"taxonomy":"post_tag","embeddable":true,"href":"https:\/\/infotorrent.es\/ca\/wp-json\/wp\/v2\/tags?post=95796"}],"curies":[{"name":"wp","href":"https:\/\/api.w.org\/{rel}","templated":true}]}}