{"id":95778,"date":"2026-04-28T11:39:18","date_gmt":"2026-04-28T09:39:18","guid":{"rendered":"https:\/\/infotorrent.es\/?p=95778"},"modified":"2026-04-28T11:50:08","modified_gmt":"2026-04-28T09:50:08","slug":"torrent-es-prepara-per-a-celebrar-el-dia-de-la-mare-amb-activitats-familiars-diumenge-que-ve-3-de-maig","status":"publish","type":"post","link":"https:\/\/infotorrent.es\/ca\/alcaldia-2\/torrent-es-prepara-per-a-celebrar-el-dia-de-la-mare-amb-activitats-familiars-diumenge-que-ve-3-de-maig\/","title":{"rendered":"Torrent es prepara per a celebrar el Dia de la Mare amb activitats familiars diumenge que ve 3 de maig"},"content":{"rendered":"\n<p>L&#8217;Ajuntament repartir\u00e0 1.400 plantes en la Pla\u00e7a Corts Valencianes i organitza un espectacle de m\u00e0gia familiar<\/p>\n\n\n\n<p>Torrent tornar\u00e0 a retre homenatge a les mares de la ciutat amb una jornada especial organitzada per la Regidoria de Fam\u00edlia de l&#8217;Ajuntament amb motiu del Dia de la Mare, que se celebrar\u00e0 diumenge que ve, 3 de maig. Per tercer any consecutiu, el consistori impulsa esta iniciativa pensada per a disfrutar en fam\u00edlia i recon\u00e9ixer el paper fonamental de les mares torrentinas.<\/p>\n\n\n\n<p>Com a principal novetat d&#8217;esta edici\u00f3, les activitats es traslladaran a la Pla\u00e7a Corts Valencianes (Parc Moralets) i a l&#8217;Avinguda al Vedat, dos espais del centre de la ciutat que acolliran un mat\u00ed replet d&#8217;ambient festiu i conviv\u00e8ncia.<\/p>\n\n\n\n<p>La programaci\u00f3 comen\u00e7ar\u00e0 a les 10.30 hores amb el repartiment de plantes a totes les mares que s&#8217;acosten fins al lloc com a detall commemoratiu d&#8217;esta jornada. En total, s&#8217;entregaran al voltant de 1.400 plantes, adquirides en vivers de Torrent, apostant aix\u00ed tamb\u00e9 pel comer\u00e7 local i els negocis de proximitat.<\/p>\n\n\n\n<p>Posteriorment, a les 11.00 hores, tindr\u00e0 lloc un espectacle de m\u00e0gia familiar a c\u00e0rrec del Mag Maili, pensat perqu\u00e8 xicotets i majors gaudisquen junts d&#8217;un mat\u00ed especial.<\/p>\n\n\n\n<p>L&#8217;alcaldessa de Torrent, Amparo Folgado, ha destacat que <strong>\u201cel Dia de la Mare \u00e9s una data molt assenyalada per a moltes fam\u00edlies i des de l&#8217;Ajuntament volem continuar acompanyant esta celebraci\u00f3 amb activitats que fomenten la uni\u00f3 familiar i el reconeixement a les mares de Torrent. A m\u00e9s, ho fem fent costat al comer\u00e7 local i omplint els nostres carrers de vida\u201d.<\/strong><\/p>\n\n\n\n<p>Per part seua, la regidor de Fam\u00edlia, M\u00aa \u00c1ngeles Lerma, impulsora i organitzadora de l&#8217;esdeveniment, ha assenyalat que <strong>\u201cdespr\u00e9s del gran acolliment d&#8217;anys anteriors, tornem a preparar esta jornada amb molta il\u00b7lusi\u00f3. Volem que les mares gaudisquen d&#8217;un dia especial al costat dels seus fills i familiars, en un entorn agradable i amb activitats pensades per a tots\u201d.<\/strong><\/p>\n\n\n\n<p>Des de l&#8217;Ajuntament de Torrent es convida a tota la ciutadania a participar en esta celebraci\u00f3 i compartir un mat\u00ed dedicat a agrair el carinyo, esfor\u00e7 i lliurament de les mares torrentines.<\/p>\n\n\n\n<figure class=\"wp-block-image size-large is-resized\"><img fetchpriority=\"high\" decoding=\"async\" width=\"724\" height=\"1024\" src=\"https:\/\/infotorrent.es\/wp-content\/uploads\/2026\/04\/CARTEL-DIA-DE-LA-MADRE-VAL-724x1024.jpeg\" alt=\"\" class=\"wp-image-95779\" style=\"width:800px;height:auto\" srcset=\"https:\/\/infotorrent.es\/wp-content\/uploads\/2026\/04\/CARTEL-DIA-DE-LA-MADRE-VAL-724x1024.jpeg 724w, https:\/\/infotorrent.es\/wp-content\/uploads\/2026\/04\/CARTEL-DIA-DE-LA-MADRE-VAL-212x300.jpeg 212w, https:\/\/infotorrent.es\/wp-content\/uploads\/2026\/04\/CARTEL-DIA-DE-LA-MADRE-VAL-768x1086.jpeg 768w, https:\/\/infotorrent.es\/wp-content\/uploads\/2026\/04\/CARTEL-DIA-DE-LA-MADRE-VAL-1086x1536.jpeg 1086w, https:\/\/infotorrent.es\/wp-content\/uploads\/2026\/04\/CARTEL-DIA-DE-LA-MADRE-VAL.jpeg 1448w\" sizes=\"(max-width: 724px) 100vw, 724px\" \/><\/figure>\n","protected":false},"excerpt":{"rendered":"<p>L&#8217;Ajuntament repartir\u00e0 1.400 plantes en la Pla\u00e7a Corts Valencianes i organitza un espectacle de m\u00e0gia familiar Torrent tornar\u00e0 a retre homenatge a les mares de la ciutat amb una jornada especial organitzada per la Regidoria de Fam\u00edlia de l&#8217;Ajuntament amb motiu del Dia de la Mare, que se celebrar\u00e0 diumenge que ve, 3 de maig. [&hellip;]<\/p>\n","protected":false},"author":21,"featured_media":95779,"comment_status":"open","ping_status":"open","sticky":false,"template":"","format":"standard","meta":{"_acf_changed":false,"footnotes":""},"categories":[141],"tags":[],"class_list":["post-95778","post","type-post","status-publish","format-standard","has-post-thumbnail","hentry","category-alcaldia-2"],"acf":[],"_links":{"self":[{"href":"https:\/\/infotorrent.es\/ca\/wp-json\/wp\/v2\/posts\/95778","targetHints":{"allow":["GET"]}}],"collection":[{"href":"https:\/\/infotorrent.es\/ca\/wp-json\/wp\/v2\/posts"}],"about":[{"href":"https:\/\/infotorrent.es\/ca\/wp-json\/wp\/v2\/types\/post"}],"author":[{"embeddable":true,"href":"https:\/\/infotorrent.es\/ca\/wp-json\/wp\/v2\/users\/21"}],"replies":[{"embeddable":true,"href":"https:\/\/infotorrent.es\/ca\/wp-json\/wp\/v2\/comments?post=95778"}],"version-history":[{"count":1,"href":"https:\/\/infotorrent.es\/ca\/wp-json\/wp\/v2\/posts\/95778\/revisions"}],"predecessor-version":[{"id":95782,"href":"https:\/\/infotorrent.es\/ca\/wp-json\/wp\/v2\/posts\/95778\/revisions\/95782"}],"wp:featuredmedia":[{"embeddable":true,"href":"https:\/\/infotorrent.es\/ca\/wp-json\/wp\/v2\/media\/95779"}],"wp:attachment":[{"href":"https:\/\/infotorrent.es\/ca\/wp-json\/wp\/v2\/media?parent=95778"}],"wp:term":[{"taxonomy":"category","embeddable":true,"href":"https:\/\/infotorrent.es\/ca\/wp-json\/wp\/v2\/categories?post=95778"},{"taxonomy":"post_tag","embeddable":true,"href":"https:\/\/infotorrent.es\/ca\/wp-json\/wp\/v2\/tags?post=95778"}],"curies":[{"name":"wp","href":"https:\/\/api.w.org\/{rel}","templated":true}]}}