{"id":95770,"date":"2026-04-27T13:34:40","date_gmt":"2026-04-27T11:34:40","guid":{"rendered":"https:\/\/infotorrent.es\/?p=95770"},"modified":"2026-04-27T13:41:34","modified_gmt":"2026-04-27T11:41:34","slug":"torrent-impulsa-un-nou-servici-de-cafeteria-en-parc-central-per-a-families-i-xiquets-i-xiquetes-al-costat-del-parc-infantil-deducacio-viaria-la-zona-de-jocs-i-les-pistes-de-basket","status":"publish","type":"post","link":"https:\/\/infotorrent.es\/ca\/alcaldia-2\/torrent-impulsa-un-nou-servici-de-cafeteria-en-parc-central-per-a-families-i-xiquets-i-xiquetes-al-costat-del-parc-infantil-deducacio-viaria-la-zona-de-jocs-i-les-pistes-de-basket\/","title":{"rendered":"Torrent impulsa un nou servici de cafeteria en Parc Central per a fam\u00edlies i xiquets i xiquetes, al costat del Parc Infantil d&#8217;Educaci\u00f3 Vi\u00e0ria, la zona de jocs i les pistes de basket"},"content":{"rendered":"\n<p><strong>La Junta de Govern Local aprova les bases de la convocat\u00f2ria per a la concessi\u00f3 demanial del local municipal, amb la finalitat de dinamitzar un dels espais m\u00e9s utilitzats de la ciutat<\/strong><\/p>\n\n\n\n<p><strong>Un nou punt de trobada en una zona renovada pensada per a l&#8217;oci familiar, l&#8217;aprenentatge i la conviv\u00e8ncia<\/strong><\/p>\n\n\n\n<p>L&#8217;Ajuntament de Torrent, a trav\u00e9s de la Junta de Govern Local, ha aprovat l&#8217;expedient i el plec de condicions per a convocar la concurr\u00e8ncia p\u00fablica de la concessi\u00f3 demanial del local municipal destinat a cafeteria situat en el Parc Central, al costat del recentment posat en funcionament de la zona de jocs infantils, el Parc Infantil d&#8217;Educaci\u00f3 Vi\u00e0ria i les pistes de basket, consolidant aix\u00ed un nou servici pensat per a millorar l&#8217;experi\u00e8ncia d&#8217;\u00fas d&#8217;este espai p\u00fablic per part de xiquets, xiquetes i fam\u00edlies.<\/p>\n\n\n\n<p>Esta actuaci\u00f3 respon a la voluntat municipal de continuar dotant de servicis i vida a un dels principals pulmons verds de la ciutat, refor\u00e7ant el seu car\u00e0cter com a punt de trobada intergeneracional i espai de refer\u00e8ncia per a l&#8217;oci educatiu i familiar.<\/p>\n\n\n\n<p><strong>Un servici pensat per a les fam\u00edlies en un entorn educatiu i d&#8217;oci<\/strong><\/p>\n\n\n\n<p>El local, actualment adequant-se per al seu \u00fas com a cafeteria amb servici de cuina, es troba estrat\u00e8gicament situat a l&#8217;interior del Parc Central, al costat de la zona de jocs infantils, les pistes de basket i el nou Parc Infantil d&#8217;Educaci\u00f3 Vi\u00e0ria, un espai que permet als m\u00e9s xicotets aprendre normes de circulaci\u00f3 de manera did\u00e0ctica i segura.<\/p>\n\n\n\n<p>L&#8217;objectiu d&#8217;esta concessi\u00f3 \u00e9s afavorir un servici tant a les persones que gaudixen de l&#8217;oci en el Parc Central com a la comunitat educativa i al conjunt de la ciutadania que utilitza este entorn. D&#8217;esta manera, la futura cafeteria es configura com un complement essencial per al parc, oferint un punt de descans, trobada i atenci\u00f3 per a fam\u00edlies, acompanyants i usuaris habituals de les instal\u00b7lacions.<\/p>\n\n\n\n<p><strong>Un espai completament condicionat per a la seua posada en funcionament<\/strong><\/p>\n\n\n\n<p>L&#8217;immoble, de titularitat municipal, compta amb una superf\u00edcie constru\u00efda d&#8217;aproximadament 171 m\u00b2, distribu\u00efda en zona de cafeteria, magatzem i un porxo cobert que funcionar\u00e0 com a terrassa, afavorint la seua integraci\u00f3 amb l&#8217;entorn enjardinat.<\/p>\n\n\n\n<p>Aix\u00ed mateix, el local ha sigut adaptat com a espai de p\u00fablica concurr\u00e8ncia, incorporant la renovaci\u00f3 d&#8217;instal\u00b7lacions el\u00e8ctriques, climatitzaci\u00f3, ventilaci\u00f3 i accessibilitat, garantint la seua adequaci\u00f3 a la normativa vigent i el seu \u00fas segur per part de la ciutadania.<\/p>\n\n\n\n<p>La concessi\u00f3 s&#8217;atorgar\u00e0 en r\u00e8gim de concurr\u00e8ncia p\u00fablica, permetent que qualsevol persona o empresa interessada puga optar a l&#8217;explotaci\u00f3 del servici, amb un c\u00e0non m\u00ednim anual.<\/p>\n\n\n\n<p><strong>Impuls a la dinamitzaci\u00f3 del Parc Central<\/strong><\/p>\n\n\n\n<p>Amb esta iniciativa, l&#8217;Ajuntament fa un pas m\u00e9s en l&#8217;activaci\u00f3 d&#8217;este espai urb\u00e0, refor\u00e7ant la recent posada en marxa de la zona de jocs infantils i el Parc d&#8217;Educaci\u00f3 Vi\u00e0ria, concebut com una infraestructura pedag\u00f2gica per a la formaci\u00f3 en seguretat vi\u00e0ria dels m\u00e9s xicotets.<\/p>\n\n\n\n<p>La combinaci\u00f3 de zona de jocs, espai educatiu i nou servici de cafeteria convertix este enclavament en un entorn complet, c\u00f2mode i atractiu per al gaudi diari de les fam\u00edlies de Torrent.<\/p>\n\n\n\n<p>L&#8217;alcaldessa de Torrent, Amparo Folgado, ha destacat que,&nbsp;<strong>\u201camb este nou servici fem un pas m\u00e9s en la millora dels nostres espais p\u00fablics, pensant en les fam\u00edlies i en els m\u00e9s xicotets. Volem que el Parc Central siga un lloc on es puga gaudir, aprendre i conviure, i este nou servici va precisament en eixa l\u00ednia.\u201d<\/strong><\/p>\n\n\n\n<p>Aix\u00ed mateix, ha afegit,&nbsp;<strong>\u201cla posada en marxa del Parc d&#8217;Educaci\u00f3 Vi\u00e0ria ha suposat un avan\u00e7 important en l&#8217;oferta educativa i d&#8217;oci de la ciutat, i ara ho complementem amb un servici que far\u00e0 m\u00e9s c\u00f2moda i completa l&#8217;experi\u00e8ncia de tots els usuaris.\u201d<\/strong><\/p>\n\n\n\n<p>Per part seua, la regidora de Patrimoni, Amparo Chust, ha subratllat,&nbsp;<strong>\u201cl&#8217;aprovaci\u00f3 d&#8217;esta concessi\u00f3 permetr\u00e0 posar en valor un espai municipal ja condicionat, garantint el seu \u00fas, manteniment i dinamitzaci\u00f3 sense cost per a l&#8217;Ajuntament i amb un clar benefici per a la ciutadania.\u201d<\/strong><\/p>\n\n\n\n<p>En esta l\u00ednia, ha assenyalat,&nbsp;<strong>\u201ces tracta d&#8217;una actuaci\u00f3 que respon a l&#8217;inter\u00e9s general, en aprofitar un recurs p\u00fablic en un entorn privilegiat i donar-li una utilitat real que millorar\u00e0 el dia a dia de les fam\u00edlies que utilitzen este parc.\u201d<\/strong><\/p>\n\n\n\n<p><strong>Un pas m\u00e9s en la millora dels espais p\u00fablics de Torrent<\/strong><\/p>\n\n\n\n<p>Amb esta decisi\u00f3, l&#8217;Ajuntament continua avan\u00e7ant en la seua estrat\u00e8gia de millora i activaci\u00f3 dels espais urbans, apostant per servicis que aporten valor afegit a les infraestructures existents i que contribu\u00efsquen a millorar la qualitat de vida dels ve\u00efns i ve\u00efnes de Torrent.<\/p>\n\n\n\n<p>La futura cafeteria del Parc Central es convertir\u00e0 aix\u00ed en un nou punt de refer\u00e8ncia dins d&#8217;un entorn ja consolidat com a espai d&#8217;oci, aprenentatge i conviv\u00e8ncia per a tota la ciutat.<\/p>\n\n\n\n<figure class=\"wp-block-image size-large\"><img fetchpriority=\"high\" decoding=\"async\" width=\"1024\" height=\"682\" src=\"https:\/\/infotorrent.es\/wp-content\/uploads\/2026\/04\/WhatsApp-Image-2026-04-27-at-13.29.18-1-1024x682.jpeg\" alt=\"\" class=\"wp-image-95755\" srcset=\"https:\/\/infotorrent.es\/wp-content\/uploads\/2026\/04\/WhatsApp-Image-2026-04-27-at-13.29.18-1-1024x682.jpeg 1024w, https:\/\/infotorrent.es\/wp-content\/uploads\/2026\/04\/WhatsApp-Image-2026-04-27-at-13.29.18-1-300x200.jpeg 300w, https:\/\/infotorrent.es\/wp-content\/uploads\/2026\/04\/WhatsApp-Image-2026-04-27-at-13.29.18-1-768x512.jpeg 768w, https:\/\/infotorrent.es\/wp-content\/uploads\/2026\/04\/WhatsApp-Image-2026-04-27-at-13.29.18-1-1536x1023.jpeg 1536w, https:\/\/infotorrent.es\/wp-content\/uploads\/2026\/04\/WhatsApp-Image-2026-04-27-at-13.29.18-1.jpeg 1600w\" sizes=\"(max-width: 1024px) 100vw, 1024px\" \/><\/figure>\n\n\n\n<figure class=\"wp-block-gallery has-nested-images columns-default is-cropped wp-block-gallery-1 is-layout-flex wp-block-gallery-is-layout-flex\">\n<figure class=\"wp-block-image size-large\"><img decoding=\"async\" width=\"1024\" height=\"682\" data-id=\"95757\" src=\"https:\/\/infotorrent.es\/wp-content\/uploads\/2026\/04\/WhatsApp-Image-2026-04-27-at-13.29.18-6-1024x682.jpeg\" alt=\"\" class=\"wp-image-95757\" srcset=\"https:\/\/infotorrent.es\/wp-content\/uploads\/2026\/04\/WhatsApp-Image-2026-04-27-at-13.29.18-6-1024x682.jpeg 1024w, https:\/\/infotorrent.es\/wp-content\/uploads\/2026\/04\/WhatsApp-Image-2026-04-27-at-13.29.18-6-300x200.jpeg 300w, https:\/\/infotorrent.es\/wp-content\/uploads\/2026\/04\/WhatsApp-Image-2026-04-27-at-13.29.18-6-768x512.jpeg 768w, https:\/\/infotorrent.es\/wp-content\/uploads\/2026\/04\/WhatsApp-Image-2026-04-27-at-13.29.18-6.jpeg 1066w\" sizes=\"(max-width: 1024px) 100vw, 1024px\" \/><\/figure>\n\n\n\n<figure class=\"wp-block-image size-large\"><img decoding=\"async\" width=\"1024\" height=\"682\" data-id=\"95759\" src=\"https:\/\/infotorrent.es\/wp-content\/uploads\/2026\/04\/WhatsApp-Image-2026-04-27-at-13.29.18-4-1024x682.jpeg\" alt=\"\" class=\"wp-image-95759\" srcset=\"https:\/\/infotorrent.es\/wp-content\/uploads\/2026\/04\/WhatsApp-Image-2026-04-27-at-13.29.18-4-1024x682.jpeg 1024w, https:\/\/infotorrent.es\/wp-content\/uploads\/2026\/04\/WhatsApp-Image-2026-04-27-at-13.29.18-4-300x200.jpeg 300w, https:\/\/infotorrent.es\/wp-content\/uploads\/2026\/04\/WhatsApp-Image-2026-04-27-at-13.29.18-4-768x512.jpeg 768w, https:\/\/infotorrent.es\/wp-content\/uploads\/2026\/04\/WhatsApp-Image-2026-04-27-at-13.29.18-4-1536x1023.jpeg 1536w, https:\/\/infotorrent.es\/wp-content\/uploads\/2026\/04\/WhatsApp-Image-2026-04-27-at-13.29.18-4.jpeg 1600w\" sizes=\"(max-width: 1024px) 100vw, 1024px\" \/><\/figure>\n\n\n\n<figure class=\"wp-block-image size-large\"><img loading=\"lazy\" decoding=\"async\" width=\"1024\" height=\"683\" data-id=\"95761\" src=\"https:\/\/infotorrent.es\/wp-content\/uploads\/2026\/04\/WhatsApp-Image-2026-04-27-at-13.29.18-5-1024x683.jpeg\" alt=\"\" class=\"wp-image-95761\" srcset=\"https:\/\/infotorrent.es\/wp-content\/uploads\/2026\/04\/WhatsApp-Image-2026-04-27-at-13.29.18-5-1024x683.jpeg 1024w, https:\/\/infotorrent.es\/wp-content\/uploads\/2026\/04\/WhatsApp-Image-2026-04-27-at-13.29.18-5-300x200.jpeg 300w, https:\/\/infotorrent.es\/wp-content\/uploads\/2026\/04\/WhatsApp-Image-2026-04-27-at-13.29.18-5-768x512.jpeg 768w, https:\/\/infotorrent.es\/wp-content\/uploads\/2026\/04\/WhatsApp-Image-2026-04-27-at-13.29.18-5.jpeg 1065w\" sizes=\"(max-width: 1024px) 100vw, 1024px\" \/><\/figure>\n\n\n\n<figure class=\"wp-block-image size-large\"><img loading=\"lazy\" decoding=\"async\" width=\"1024\" height=\"682\" data-id=\"95763\" src=\"https:\/\/infotorrent.es\/wp-content\/uploads\/2026\/04\/WhatsApp-Image-2026-04-27-at-13.29.18-3-1024x682.jpeg\" alt=\"\" class=\"wp-image-95763\" srcset=\"https:\/\/infotorrent.es\/wp-content\/uploads\/2026\/04\/WhatsApp-Image-2026-04-27-at-13.29.18-3-1024x682.jpeg 1024w, https:\/\/infotorrent.es\/wp-content\/uploads\/2026\/04\/WhatsApp-Image-2026-04-27-at-13.29.18-3-300x200.jpeg 300w, https:\/\/infotorrent.es\/wp-content\/uploads\/2026\/04\/WhatsApp-Image-2026-04-27-at-13.29.18-3-768x512.jpeg 768w, https:\/\/infotorrent.es\/wp-content\/uploads\/2026\/04\/WhatsApp-Image-2026-04-27-at-13.29.18-3-1536x1023.jpeg 1536w, https:\/\/infotorrent.es\/wp-content\/uploads\/2026\/04\/WhatsApp-Image-2026-04-27-at-13.29.18-3.jpeg 1600w\" sizes=\"(max-width: 1024px) 100vw, 1024px\" \/><\/figure>\n\n\n\n<figure class=\"wp-block-image size-large\"><img loading=\"lazy\" decoding=\"async\" width=\"1024\" height=\"682\" data-id=\"95765\" src=\"https:\/\/infotorrent.es\/wp-content\/uploads\/2026\/04\/WhatsApp-Image-2026-04-27-at-13.29.18-2-1024x682.jpeg\" alt=\"\" class=\"wp-image-95765\" srcset=\"https:\/\/infotorrent.es\/wp-content\/uploads\/2026\/04\/WhatsApp-Image-2026-04-27-at-13.29.18-2-1024x682.jpeg 1024w, https:\/\/infotorrent.es\/wp-content\/uploads\/2026\/04\/WhatsApp-Image-2026-04-27-at-13.29.18-2-300x200.jpeg 300w, https:\/\/infotorrent.es\/wp-content\/uploads\/2026\/04\/WhatsApp-Image-2026-04-27-at-13.29.18-2-768x512.jpeg 768w, https:\/\/infotorrent.es\/wp-content\/uploads\/2026\/04\/WhatsApp-Image-2026-04-27-at-13.29.18-2-1536x1023.jpeg 1536w, https:\/\/infotorrent.es\/wp-content\/uploads\/2026\/04\/WhatsApp-Image-2026-04-27-at-13.29.18-2.jpeg 1600w\" sizes=\"(max-width: 1024px) 100vw, 1024px\" \/><\/figure>\n\n\n\n<figure class=\"wp-block-image size-large\"><img loading=\"lazy\" decoding=\"async\" width=\"1024\" height=\"682\" data-id=\"95767\" src=\"https:\/\/infotorrent.es\/wp-content\/uploads\/2026\/04\/WhatsApp-Image-2026-04-27-at-13.29.18-1024x682.jpeg\" alt=\"\" class=\"wp-image-95767\" srcset=\"https:\/\/infotorrent.es\/wp-content\/uploads\/2026\/04\/WhatsApp-Image-2026-04-27-at-13.29.18-1024x682.jpeg 1024w, https:\/\/infotorrent.es\/wp-content\/uploads\/2026\/04\/WhatsApp-Image-2026-04-27-at-13.29.18-300x200.jpeg 300w, https:\/\/infotorrent.es\/wp-content\/uploads\/2026\/04\/WhatsApp-Image-2026-04-27-at-13.29.18-768x512.jpeg 768w, https:\/\/infotorrent.es\/wp-content\/uploads\/2026\/04\/WhatsApp-Image-2026-04-27-at-13.29.18-1536x1023.jpeg 1536w, https:\/\/infotorrent.es\/wp-content\/uploads\/2026\/04\/WhatsApp-Image-2026-04-27-at-13.29.18.jpeg 1600w\" sizes=\"(max-width: 1024px) 100vw, 1024px\" \/><\/figure>\n<\/figure>\n","protected":false},"excerpt":{"rendered":"<p>La Junta de Govern Local aprova les bases de la convocat\u00f2ria per a la concessi\u00f3 demanial del local municipal, amb la finalitat de dinamitzar un dels espais m\u00e9s utilitzats de la ciutat Un nou punt de trobada en una zona renovada pensada per a l&#8217;oci familiar, l&#8217;aprenentatge i la conviv\u00e8ncia L&#8217;Ajuntament de Torrent, a trav\u00e9s [&hellip;]<\/p>\n","protected":false},"author":21,"featured_media":95755,"comment_status":"open","ping_status":"open","sticky":false,"template":"","format":"standard","meta":{"_acf_changed":false,"footnotes":""},"categories":[141],"tags":[],"class_list":["post-95770","post","type-post","status-publish","format-standard","has-post-thumbnail","hentry","category-alcaldia-2"],"acf":[],"_links":{"self":[{"href":"https:\/\/infotorrent.es\/ca\/wp-json\/wp\/v2\/posts\/95770","targetHints":{"allow":["GET"]}}],"collection":[{"href":"https:\/\/infotorrent.es\/ca\/wp-json\/wp\/v2\/posts"}],"about":[{"href":"https:\/\/infotorrent.es\/ca\/wp-json\/wp\/v2\/types\/post"}],"author":[{"embeddable":true,"href":"https:\/\/infotorrent.es\/ca\/wp-json\/wp\/v2\/users\/21"}],"replies":[{"embeddable":true,"href":"https:\/\/infotorrent.es\/ca\/wp-json\/wp\/v2\/comments?post=95770"}],"version-history":[{"count":1,"href":"https:\/\/infotorrent.es\/ca\/wp-json\/wp\/v2\/posts\/95770\/revisions"}],"predecessor-version":[{"id":95772,"href":"https:\/\/infotorrent.es\/ca\/wp-json\/wp\/v2\/posts\/95770\/revisions\/95772"}],"wp:featuredmedia":[{"embeddable":true,"href":"https:\/\/infotorrent.es\/ca\/wp-json\/wp\/v2\/media\/95755"}],"wp:attachment":[{"href":"https:\/\/infotorrent.es\/ca\/wp-json\/wp\/v2\/media?parent=95770"}],"wp:term":[{"taxonomy":"category","embeddable":true,"href":"https:\/\/infotorrent.es\/ca\/wp-json\/wp\/v2\/categories?post=95770"},{"taxonomy":"post_tag","embeddable":true,"href":"https:\/\/infotorrent.es\/ca\/wp-json\/wp\/v2\/tags?post=95770"}],"curies":[{"name":"wp","href":"https:\/\/api.w.org\/{rel}","templated":true}]}}