{"id":95724,"date":"2026-04-27T11:27:52","date_gmt":"2026-04-27T09:27:52","guid":{"rendered":"https:\/\/infotorrent.es\/?p=95724"},"modified":"2026-04-27T11:36:14","modified_gmt":"2026-04-27T09:36:14","slug":"torrent-impulsa-el-comerc-local-amb-la-campanya-del-dia-de-la-mare-compra-i-guanya-premis-de-100-euros","status":"publish","type":"post","link":"https:\/\/infotorrent.es\/ca\/alcaldia-2\/torrent-impulsa-el-comerc-local-amb-la-campanya-del-dia-de-la-mare-compra-i-guanya-premis-de-100-euros\/","title":{"rendered":"Torrent impulsa el comer\u00e7 local amb la campanya del Dia de la Mare: compra i guanya premis de 100 euros"},"content":{"rendered":"\n<p><strong>La iniciativa, promoguda per IDEA\u2019T, premiar\u00e0 la fidelitat dels clients i dinamitzar\u00e0 les compres en el comer\u00e7 de proximitat<\/strong><\/p>\n\n\n\n<p><strong>Tres sortejos de 100 euros incentivaran les compres fins al 2 de maig en els establiments adherits<\/strong><\/p>\n\n\n\n<p>L&#8217;Ajuntament de Torrent, a trav\u00e9s d&#8217;IDEA\u2019T i en col\u00b7laboraci\u00f3 amb la xarxa de comer\u00e7os locals, ha posat en marxa una nova campanya de dinamitzaci\u00f3 comercial amb motiu del Dia de la Mare sota el lema \u201cComer\u00e7 de Torrent: bones tendes i bona gent\u201d. Una iniciativa que combina promoci\u00f3, participaci\u00f3 ciutadana i premis directes per a incentivar les compres en el comer\u00e7 de proximitat.<\/p>\n\n\n\n<p>La campanya, que finalitzar\u00e0 el 2 de maig de 2026, busca refor\u00e7ar el teixit comercial de la ciutat, premiar la fidelitat dels clients i posar en valor la proximitat, qualitat i atenci\u00f3 personalitzada que oferixen els establiments de Torrent.<\/p>\n\n\n\n<p><strong>Compra a Torrent i guanya premis directes<\/strong><\/p>\n\n\n\n<p>L&#8217;eix central de la campanya \u00e9s un sorteig de tres premis de 100 euros cada un, que s&#8217;atorgaran mitjan\u00e7ant la Targeta +25, canviable exclusivament en els comer\u00e7os adherits a esta iniciativa.<\/p>\n\n\n\n<p>Tal com s&#8217;arreplega en les bases del sorteig, per cada compra realitzada en els establiments participants durant el per\u00edode de la campanya, els clients rebran una participaci\u00f3 numerada que els permetr\u00e0 optar als premis. Cada papereta donar\u00e0 dret a participar en els tres sortejos previstos.<\/p>\n\n\n\n<p>Els premis s&#8217;assignaran en funci\u00f3 dels n\u00fameros guanyadors del Cup\u00f3 Diari de l&#8217;ONCE dels dies 2, 3 i 4 de maig de 2026, garantint aix\u00ed un sistema transparent, p\u00fablic i objectiu.<\/p>\n\n\n\n<p><strong>Un impuls al comer\u00e7 de proximitat durant tot l&#8217;any<\/strong><\/p>\n\n\n\n<p>Esta acci\u00f3 forma part d&#8217;una estrat\u00e8gia m\u00e9s \u00e0mplia impulsada per IDEA\u2019T per a fer costat al comer\u00e7 local al llarg de l&#8217;any, fomentant h\u00e0bits de consum responsable i de proximitat. La campanya no sols incentiva les compres, sin\u00f3 que tamb\u00e9 refor\u00e7a el vincle entre comerciants i clients, generant activitat econ\u00f2mica i dinamisme als carrers de Torrent.<\/p>\n\n\n\n<p>Els premis, a m\u00e9s, hauran de reinvertir-se en el propi comer\u00e7 local, ja que la Targeta +25 nom\u00e9s pot utilitzar-se en els establiments adherits, la qual cosa contribu\u00efx a mantindre l&#8217;impacte econ\u00f2mic dins del municipi.<\/p>\n\n\n\n<p><strong>Participaci\u00f3 senzilla i accessible per a tots<\/strong><\/p>\n\n\n\n<p>Podran participar totes les persones majors d&#8217;edat que realitzen compres en els comer\u00e7os adherits durant el per\u00edode establit. Cada establiment comptar\u00e0 amb participacions que entregar\u00e0 als seus clients juntament amb el justificant de compra.<\/p>\n\n\n\n<p>Les persones guanyadores hauran d&#8217;arreplegar el seu premi en les oficines d&#8217;IDEA\u2019T, presentant la participaci\u00f3 premiada, el tiquet de compra i el seu document d&#8217;identitat, en un termini m\u00e0xim fins a l&#8217;1 de juny de 2026.<\/p>\n\n\n\n<p><strong>Comer\u00e7os participants i comprom\u00eds amb la ciutat<\/strong><\/p>\n\n\n\n<p>Els establiments que participen en la campanya s\u00f3n aquells situats en el terme municipal de Torrent, adherits a la Targeta +25 i que exhibixen el cartell oficial de la campanya. La seua implicaci\u00f3 \u00e9s clau per a l&#8217;\u00e8xit d&#8217;esta iniciativa, que torna a situar al comer\u00e7 local com a motor econ\u00f2mic i social de la ciutat.<\/p>\n\n\n\n<p>L&#8217;alcaldessa de Torrent, Amparo Folgado, ha subratllat la import\u00e0ncia del comer\u00e7 de proximitat com un dels pilars fonamentals del model de ciutat,&nbsp;<strong>\u201cel comer\u00e7 local \u00e9s una pe\u00e7a clau en la vida de la nostra ciutat, no sols pel seu impacte econ\u00f2mic, sin\u00f3 pel valor social i hum\u00e0 que aporta als nostres barris. Els nostres comer\u00e7os generen proximitat, confian\u00e7a i dinamitzen cada carrer de Torrent, convertint-se en punts de trobada per a ve\u00efns i ve\u00efnes\u201d.<\/strong><\/p>\n\n\n\n<p>Aix\u00ed mateix, la primera edil ha volgut posar en valor el paper de la ciutadania en l&#8217;impuls d&#8217;este sector,&nbsp;<strong>\u201ccada compra en el comer\u00e7 de proximitat \u00e9s una inversi\u00f3 directa a la nostra ciutat. Apostar pels nostres comer\u00e7os \u00e9s apostar per l&#8217;ocupaci\u00f3 local, pel teixit empresarial i per mantindre viva l&#8217;ess\u00e8ncia de Torrent. Amb campanyes com esta, facilitem a m\u00e9s que eixe comprom\u00eds tinga un retorn directe per als qui trien comprar ac\u00ed\u201d.<\/strong><\/p>\n\n\n\n<p>Per part seua, la regidora de Comer\u00e7 i Mercats, Sandra Fas, ha destacat el car\u00e0cter dinamitzador d&#8217;esta iniciativa dins de l&#8217;estrat\u00e8gia municipal de suport al sector,&nbsp;<strong>\u201cdes de l&#8217;Ajuntament continuem apostant fermament pel nostre comer\u00e7 local, perqu\u00e8 \u00e9s sin\u00f2nim de proximitat, qualitat i confian\u00e7a. Esta campanya refor\u00e7a eixe vincle entre comer\u00e7 i ciutadania, especialment en dates tan significatives, incentivant les compres i premiant la fidelitat dels nostres clients\u201d.<\/strong><\/p>\n\n\n\n<p>A m\u00e9s, Fas ha incidit en l&#8217;efecte directe que este tipus d&#8217;accions t\u00e9 sobre l&#8217;economia local,&nbsp;<strong>\u201cvolem que cada compra a Torrent tinga un valor afegit, que el ciutad\u00e0 perceba que apostar pel comer\u00e7 de la seua ciutat t\u00e9 recompensa. Estes iniciatives generen moviment, activen el consum i contribu\u00efxen al fet que els nostres comer\u00e7os continuen sent competitius, pr\u00f2xims i referents dins de la ciutat\u201d.<\/strong><\/p>\n\n\n\n<p><strong>Una campanya que refor\u00e7a ciutat i economia<\/strong><\/p>\n\n\n\n<p>Amb esta iniciativa, l&#8217;Ajuntament de Torrent continua consolidant una l\u00ednia de treball centrada en l&#8217;impuls del comer\u00e7 local, apostant per accions atractives, accessibles i amb impacte directe en la ciutadania.<\/p>\n\n\n\n<p>La campanya del Dia de la Mare es presenta aix\u00ed com una oportunitat perfecta per a comprar en el comer\u00e7 de sempre, fer costat als negocis de proximitat i, a m\u00e9s, optar a premis que revertixen novament en la pr\u00f2pia ciutat.<\/p>\n\n\n\n<figure class=\"wp-block-image size-large\"><img fetchpriority=\"high\" decoding=\"async\" width=\"819\" height=\"1024\" src=\"https:\/\/infotorrent.es\/wp-content\/uploads\/2026\/04\/Cartel-10-819x1024.jpg\" alt=\"\" class=\"wp-image-95721\" srcset=\"https:\/\/infotorrent.es\/wp-content\/uploads\/2026\/04\/Cartel-10-819x1024.jpg 819w, https:\/\/infotorrent.es\/wp-content\/uploads\/2026\/04\/Cartel-10-240x300.jpg 240w, https:\/\/infotorrent.es\/wp-content\/uploads\/2026\/04\/Cartel-10-768x960.jpg 768w, https:\/\/infotorrent.es\/wp-content\/uploads\/2026\/04\/Cartel-10.jpg 1152w\" sizes=\"(max-width: 819px) 100vw, 819px\" \/><\/figure>\n","protected":false},"excerpt":{"rendered":"<p>La iniciativa, promoguda per IDEA\u2019T, premiar\u00e0 la fidelitat dels clients i dinamitzar\u00e0 les compres en el comer\u00e7 de proximitat Tres sortejos de 100 euros incentivaran les compres fins al 2 de maig en els establiments adherits L&#8217;Ajuntament de Torrent, a trav\u00e9s d&#8217;IDEA\u2019T i en col\u00b7laboraci\u00f3 amb la xarxa de comer\u00e7os locals, ha posat en marxa [&hellip;]<\/p>\n","protected":false},"author":21,"featured_media":95721,"comment_status":"open","ping_status":"open","sticky":false,"template":"","format":"standard","meta":{"_acf_changed":false,"footnotes":""},"categories":[141,1181,1205,1194],"tags":[],"class_list":["post-95724","post","type-post","status-publish","format-standard","has-post-thumbnail","hentry","category-alcaldia-2","category-comercio-2-ca","category-comercio-mercados-y-empleo-ca","category-ideat-ca"],"acf":[],"_links":{"self":[{"href":"https:\/\/infotorrent.es\/ca\/wp-json\/wp\/v2\/posts\/95724","targetHints":{"allow":["GET"]}}],"collection":[{"href":"https:\/\/infotorrent.es\/ca\/wp-json\/wp\/v2\/posts"}],"about":[{"href":"https:\/\/infotorrent.es\/ca\/wp-json\/wp\/v2\/types\/post"}],"author":[{"embeddable":true,"href":"https:\/\/infotorrent.es\/ca\/wp-json\/wp\/v2\/users\/21"}],"replies":[{"embeddable":true,"href":"https:\/\/infotorrent.es\/ca\/wp-json\/wp\/v2\/comments?post=95724"}],"version-history":[{"count":1,"href":"https:\/\/infotorrent.es\/ca\/wp-json\/wp\/v2\/posts\/95724\/revisions"}],"predecessor-version":[{"id":95726,"href":"https:\/\/infotorrent.es\/ca\/wp-json\/wp\/v2\/posts\/95724\/revisions\/95726"}],"wp:featuredmedia":[{"embeddable":true,"href":"https:\/\/infotorrent.es\/ca\/wp-json\/wp\/v2\/media\/95721"}],"wp:attachment":[{"href":"https:\/\/infotorrent.es\/ca\/wp-json\/wp\/v2\/media?parent=95724"}],"wp:term":[{"taxonomy":"category","embeddable":true,"href":"https:\/\/infotorrent.es\/ca\/wp-json\/wp\/v2\/categories?post=95724"},{"taxonomy":"post_tag","embeddable":true,"href":"https:\/\/infotorrent.es\/ca\/wp-json\/wp\/v2\/tags?post=95724"}],"curies":[{"name":"wp","href":"https:\/\/api.w.org\/{rel}","templated":true}]}}