{"id":95690,"date":"2026-04-27T10:04:55","date_gmt":"2026-04-27T08:04:55","guid":{"rendered":"https:\/\/infotorrent.es\/?p=95690"},"modified":"2026-04-27T10:10:03","modified_gmt":"2026-04-27T08:10:03","slug":"torrent-celebra-amb-exit-la-v-carrera-escolar-caixa-rural","status":"publish","type":"post","link":"https:\/\/infotorrent.es\/ca\/alcaldia-2\/torrent-celebra-amb-exit-la-v-carrera-escolar-caixa-rural\/","title":{"rendered":"Torrent celebra amb \u00e8xit la V Carrera Escolar Caixa Rural"},"content":{"rendered":"\n<p>El municipi de Torrent va viure este diumenge, 26 d&#8217;abril, una aut\u00e8ntica festa de l&#8217;esport base amb la celebraci\u00f3 de la V Carrera Escolar Caixa Rural Torrent, un esdeveniment que va reunir a centenars de xiquets i xiquetes en una jornada marcada per la participaci\u00f3, la conviv\u00e8ncia i l&#8217;esport a l&#8217;aire lliure.<\/p>\n\n\n\n<p>La prova, organitzada amb l&#8217;impuls de la Fundaci\u00f3 Caixa Rural Torrent i la col\u00b7laboraci\u00f3 de l&#8217;Ajuntament de Torrent, va tornar a convertir-se en un rotund \u00e8xit de participaci\u00f3 i organitzaci\u00f3, consolidant-se com una de les cites esportives escolars m\u00e9s destacades del calendari local.<\/p>\n\n\n\n<p>L&#8217;alcaldessa de Torrent, Amparo Folgado, va ser present durant la jornada, mostrant el seu suport a l&#8217;esport base i compartint moments amb els participants i les seues fam\u00edlies.<\/p>\n\n\n\n<p>Per part seua, la regidora d&#8217;Esports, M\u00aa \u00c1ngeles Lerma, va destacar que \u201cesta carrera demostra el gran comprom\u00eds de Torrent amb l&#8217;esport des d&#8217;edats primerenques. Ha sigut un \u00e8xit absolut, tant per la participaci\u00f3 com per l&#8217;ambient familiar i esportiu que s&#8217;ha viscut durant tot el mat\u00ed\u201d. Lerma va afegir a m\u00e9s que \u201ccontinuarem apostant per iniciatives que fomenten h\u00e0bits saludables i valors com l&#8217;esfor\u00e7, la superaci\u00f3 i la companyonia\u201d.<\/p>\n\n\n\n<p><strong>Classificacions per categor\u00edes<\/strong><\/p>\n\n\n\n<p><strong>Alev\u00ed Mascul\u00ed<\/strong><\/p>\n\n\n\n<p>1.&nbsp;&nbsp;&nbsp;&nbsp;&nbsp;&nbsp;&nbsp;&nbsp; H\u00e9ctor Moret Gen\u00eds<\/p>\n\n\n\n<p>2.&nbsp;&nbsp;&nbsp;&nbsp;&nbsp;&nbsp;&nbsp;&nbsp; Daniel Mart\u00ednez Carrasco<\/p>\n\n\n\n<p>3.&nbsp;&nbsp;&nbsp;&nbsp;&nbsp;&nbsp;&nbsp;&nbsp; Samuel Romero Paulos<\/p>\n\n\n\n<p><strong>Alev\u00ed Femen\u00ed<\/strong><\/p>\n\n\n\n<p>1.&nbsp;&nbsp;&nbsp;&nbsp;&nbsp;&nbsp;&nbsp;&nbsp; Olivia Escrihuela Guerrero<\/p>\n\n\n\n<p>2.&nbsp;&nbsp;&nbsp;&nbsp;&nbsp;&nbsp;&nbsp;&nbsp; Ariadna Gim\u00e9nez Navarro<\/p>\n\n\n\n<p>3.&nbsp;&nbsp;&nbsp;&nbsp;&nbsp;&nbsp;&nbsp;&nbsp; Aroa Prieto Toribio<\/p>\n\n\n\n<p><strong>Benjam\u00ed Mascul\u00ed<\/strong><\/p>\n\n\n\n<p>1.&nbsp;&nbsp;&nbsp;&nbsp;&nbsp;&nbsp;&nbsp;&nbsp; Oliver Hern\u00e1ndez Castillo<\/p>\n\n\n\n<p>2.&nbsp;&nbsp;&nbsp;&nbsp;&nbsp;&nbsp;&nbsp;&nbsp; \u00c1lex Marcilla Daviu<\/p>\n\n\n\n<p>3.&nbsp;&nbsp;&nbsp;&nbsp;&nbsp;&nbsp;&nbsp;&nbsp; Gael Hidalgo Mateo<\/p>\n\n\n\n<p><strong>Benjam\u00ed Femen\u00ed<\/strong><\/p>\n\n\n\n<p>1.&nbsp;&nbsp;&nbsp;&nbsp;&nbsp;&nbsp;&nbsp;&nbsp; Daniela Hern\u00e1ndez Almela<\/p>\n\n\n\n<p>2.&nbsp;&nbsp;&nbsp;&nbsp;&nbsp;&nbsp;&nbsp;&nbsp; \u00c0frica Rodr\u00edguez de Guzm\u00e1n Daviu<\/p>\n\n\n\n<p>3.&nbsp;&nbsp;&nbsp;&nbsp;&nbsp;&nbsp;&nbsp;&nbsp; Sofia Ji Ran<\/p>\n\n\n\n<p><strong>Prebenjam\u00ed Femen\u00ed<\/strong><\/p>\n\n\n\n<p>1.&nbsp;&nbsp;&nbsp;&nbsp;&nbsp;&nbsp;&nbsp;&nbsp; Ada Pi\u00f1ol L\u00f3pez<\/p>\n\n\n\n<p>2.&nbsp;&nbsp;&nbsp;&nbsp;&nbsp;&nbsp;&nbsp;&nbsp; Lucca Llanes Hidalgo<\/p>\n\n\n\n<p>3.&nbsp;&nbsp;&nbsp;&nbsp;&nbsp;&nbsp;&nbsp;&nbsp; Martina Tello Andreu<\/p>\n\n\n\n<p><strong>Prebenjam\u00ed Mascul\u00ed<\/strong><\/p>\n\n\n\n<p>1.&nbsp;&nbsp;&nbsp;&nbsp;&nbsp;&nbsp;&nbsp;&nbsp; Guillem Bravo Bayarri<\/p>\n\n\n\n<p>2.&nbsp;&nbsp;&nbsp;&nbsp;&nbsp;&nbsp;&nbsp;&nbsp; Unai Vargas Esteban<\/p>\n\n\n\n<p>3.&nbsp;&nbsp;&nbsp;&nbsp;&nbsp;&nbsp;&nbsp;&nbsp; Hugo Meng\u00f3 Fern\u00e1ndez<\/p>\n\n\n\n<p><strong>Querub\u00edn Mascul\u00ed<\/strong><\/p>\n\n\n\n<p>1.&nbsp;&nbsp;&nbsp;&nbsp;&nbsp;&nbsp;&nbsp;&nbsp; Adai Rodr\u00edguez de Guzm\u00e1n Daviu<\/p>\n\n\n\n<p>2.&nbsp;&nbsp;&nbsp;&nbsp;&nbsp;&nbsp;&nbsp;&nbsp; Oliver Flores Orts<\/p>\n\n\n\n<p>3.&nbsp;&nbsp;&nbsp;&nbsp;&nbsp;&nbsp;&nbsp;&nbsp; Gael Otero Sanz<\/p>\n\n\n\n<p><strong>Querub\u00ed Femen\u00ed<\/strong><\/p>\n\n\n\n<p>1.&nbsp;&nbsp;&nbsp;&nbsp;&nbsp;&nbsp;&nbsp;&nbsp; Carla Palacios Carretero<\/p>\n\n\n\n<p>2.&nbsp;&nbsp;&nbsp;&nbsp;&nbsp;&nbsp;&nbsp;&nbsp; Carla Maudos Vicedo<\/p>\n\n\n\n<p>3.&nbsp;&nbsp;&nbsp;&nbsp;&nbsp;&nbsp;&nbsp;&nbsp; Adriana Caba\u00f1ero Carrion<\/p>\n\n\n\n<p><strong>Premis a centres educatius<\/strong><\/p>\n\n\n\n<p>Quant a la participaci\u00f3 escolar, els centres premiats amb material esportiu van ser:<\/p>\n\n\n\n<p>\u2022&nbsp;&nbsp;&nbsp;&nbsp;&nbsp;&nbsp;&nbsp;&nbsp;&nbsp; 1r: CEIP El Drac<\/p>\n\n\n\n<p>\u2022&nbsp;&nbsp;&nbsp;&nbsp;&nbsp;&nbsp;&nbsp;&nbsp;&nbsp; 2n: Fasta Mare Sacramento<\/p>\n\n\n\n<p>\u2022&nbsp;&nbsp;&nbsp;&nbsp;&nbsp;&nbsp;&nbsp;&nbsp;&nbsp; 3r: CEIP El Vaig moldre Premios a centros educativos<\/p>\n\n\n\n<p>A m\u00e9s, tots els participants van entrar en el sorteig de diversos regals, incloent-hi una tauleta i una bicicleta, refor\u00e7ant el car\u00e0cter l\u00fadic de l&#8217;esdeveniment.<\/p>\n\n\n\n<p>La jornada va concloure amb un ambient festiu i familiar, confirmant que la Carrera Escolar de Torrent no sols promou l&#8217;esport, sin\u00f3 que tamb\u00e9 refor\u00e7a la cohesi\u00f3 social i l&#8217;orgull de ciutat. Un any m\u00e9s, l&#8217;organitzaci\u00f3 valora molt positivament el desenrotllament de l&#8217;esdeveniment, que ha tornat a ser tot un \u00e8xit.<\/p>\n\n\n\n<figure class=\"wp-block-image size-large\"><img fetchpriority=\"high\" decoding=\"async\" width=\"1024\" height=\"682\" src=\"https:\/\/infotorrent.es\/wp-content\/uploads\/2026\/04\/679058462_1426028136219238_1389369312054860886_n-1024x682.jpg\" alt=\"\" class=\"wp-image-95687\" srcset=\"https:\/\/infotorrent.es\/wp-content\/uploads\/2026\/04\/679058462_1426028136219238_1389369312054860886_n-1024x682.jpg 1024w, https:\/\/infotorrent.es\/wp-content\/uploads\/2026\/04\/679058462_1426028136219238_1389369312054860886_n-300x200.jpg 300w, https:\/\/infotorrent.es\/wp-content\/uploads\/2026\/04\/679058462_1426028136219238_1389369312054860886_n-768x512.jpg 768w, https:\/\/infotorrent.es\/wp-content\/uploads\/2026\/04\/679058462_1426028136219238_1389369312054860886_n.jpg 1439w\" sizes=\"(max-width: 1024px) 100vw, 1024px\" \/><\/figure>\n\n\n\n<figure class=\"wp-block-gallery has-nested-images columns-default is-cropped wp-block-gallery-1 is-layout-flex wp-block-gallery-is-layout-flex\">\n<figure class=\"wp-block-image size-large\"><img decoding=\"async\" width=\"1024\" height=\"682\" data-id=\"95685\" src=\"https:\/\/infotorrent.es\/wp-content\/uploads\/2026\/04\/679464011_1426028139552571_3578216180953729256_n-1024x682.jpg\" alt=\"\" class=\"wp-image-95685\" srcset=\"https:\/\/infotorrent.es\/wp-content\/uploads\/2026\/04\/679464011_1426028139552571_3578216180953729256_n-1024x682.jpg 1024w, https:\/\/infotorrent.es\/wp-content\/uploads\/2026\/04\/679464011_1426028139552571_3578216180953729256_n-300x200.jpg 300w, https:\/\/infotorrent.es\/wp-content\/uploads\/2026\/04\/679464011_1426028139552571_3578216180953729256_n-768x512.jpg 768w, https:\/\/infotorrent.es\/wp-content\/uploads\/2026\/04\/679464011_1426028139552571_3578216180953729256_n.jpg 1439w\" sizes=\"(max-width: 1024px) 100vw, 1024px\" \/><\/figure>\n\n\n\n<figure class=\"wp-block-image size-large\"><img decoding=\"async\" width=\"1024\" height=\"682\" data-id=\"95683\" src=\"https:\/\/infotorrent.es\/wp-content\/uploads\/2026\/04\/679676369_1426028156219236_2844822157189841418_n-1024x682.jpg\" alt=\"\" class=\"wp-image-95683\" srcset=\"https:\/\/infotorrent.es\/wp-content\/uploads\/2026\/04\/679676369_1426028156219236_2844822157189841418_n-1024x682.jpg 1024w, https:\/\/infotorrent.es\/wp-content\/uploads\/2026\/04\/679676369_1426028156219236_2844822157189841418_n-300x200.jpg 300w, https:\/\/infotorrent.es\/wp-content\/uploads\/2026\/04\/679676369_1426028156219236_2844822157189841418_n-768x512.jpg 768w, https:\/\/infotorrent.es\/wp-content\/uploads\/2026\/04\/679676369_1426028156219236_2844822157189841418_n.jpg 1439w\" sizes=\"(max-width: 1024px) 100vw, 1024px\" \/><\/figure>\n\n\n\n<figure class=\"wp-block-image size-large\"><img loading=\"lazy\" decoding=\"async\" width=\"1024\" height=\"682\" data-id=\"95681\" src=\"https:\/\/infotorrent.es\/wp-content\/uploads\/2026\/04\/680308347_1426028129552572_7179220156477309247_n-1024x682.jpg\" alt=\"\" class=\"wp-image-95681\" srcset=\"https:\/\/infotorrent.es\/wp-content\/uploads\/2026\/04\/680308347_1426028129552572_7179220156477309247_n-1024x682.jpg 1024w, https:\/\/infotorrent.es\/wp-content\/uploads\/2026\/04\/680308347_1426028129552572_7179220156477309247_n-300x200.jpg 300w, https:\/\/infotorrent.es\/wp-content\/uploads\/2026\/04\/680308347_1426028129552572_7179220156477309247_n-768x512.jpg 768w, https:\/\/infotorrent.es\/wp-content\/uploads\/2026\/04\/680308347_1426028129552572_7179220156477309247_n.jpg 1439w\" sizes=\"(max-width: 1024px) 100vw, 1024px\" \/><\/figure>\n<\/figure>\n","protected":false},"excerpt":{"rendered":"<p>El municipi de Torrent va viure este diumenge, 26 d&#8217;abril, una aut\u00e8ntica festa de l&#8217;esport base amb la celebraci\u00f3 de la V Carrera Escolar Caixa Rural Torrent, un esdeveniment que va reunir a centenars de xiquets i xiquetes en una jornada marcada per la participaci\u00f3, la conviv\u00e8ncia i l&#8217;esport a l&#8217;aire lliure. La prova, organitzada [&hellip;]<\/p>\n","protected":false},"author":21,"featured_media":95687,"comment_status":"open","ping_status":"open","sticky":false,"template":"","format":"standard","meta":{"_acf_changed":false,"footnotes":""},"categories":[141,1186],"tags":[],"class_list":["post-95690","post","type-post","status-publish","format-standard","has-post-thumbnail","hentry","category-alcaldia-2","category-deporte-ca"],"acf":[],"_links":{"self":[{"href":"https:\/\/infotorrent.es\/ca\/wp-json\/wp\/v2\/posts\/95690","targetHints":{"allow":["GET"]}}],"collection":[{"href":"https:\/\/infotorrent.es\/ca\/wp-json\/wp\/v2\/posts"}],"about":[{"href":"https:\/\/infotorrent.es\/ca\/wp-json\/wp\/v2\/types\/post"}],"author":[{"embeddable":true,"href":"https:\/\/infotorrent.es\/ca\/wp-json\/wp\/v2\/users\/21"}],"replies":[{"embeddable":true,"href":"https:\/\/infotorrent.es\/ca\/wp-json\/wp\/v2\/comments?post=95690"}],"version-history":[{"count":1,"href":"https:\/\/infotorrent.es\/ca\/wp-json\/wp\/v2\/posts\/95690\/revisions"}],"predecessor-version":[{"id":95692,"href":"https:\/\/infotorrent.es\/ca\/wp-json\/wp\/v2\/posts\/95690\/revisions\/95692"}],"wp:featuredmedia":[{"embeddable":true,"href":"https:\/\/infotorrent.es\/ca\/wp-json\/wp\/v2\/media\/95687"}],"wp:attachment":[{"href":"https:\/\/infotorrent.es\/ca\/wp-json\/wp\/v2\/media?parent=95690"}],"wp:term":[{"taxonomy":"category","embeddable":true,"href":"https:\/\/infotorrent.es\/ca\/wp-json\/wp\/v2\/categories?post=95690"},{"taxonomy":"post_tag","embeddable":true,"href":"https:\/\/infotorrent.es\/ca\/wp-json\/wp\/v2\/tags?post=95690"}],"curies":[{"name":"wp","href":"https:\/\/api.w.org\/{rel}","templated":true}]}}