{"id":95676,"date":"2026-04-27T09:24:21","date_gmt":"2026-04-27T07:24:21","guid":{"rendered":"https:\/\/infotorrent.es\/?p=95676"},"modified":"2026-04-27T09:26:28","modified_gmt":"2026-04-27T07:26:28","slug":"milers-de-torrentins-disfruten-de-la-festa-de-la-primavera-en-lhort-de-trenor","status":"publish","type":"post","link":"https:\/\/infotorrent.es\/ca\/noticies\/medi-ambient\/milers-de-torrentins-disfruten-de-la-festa-de-la-primavera-en-lhort-de-trenor\/","title":{"rendered":"Milers de torrentins disfruten de la Festa de la Primavera en l\u2019Hort de Tr\u00e9nor"},"content":{"rendered":"\n<p><strong>Els torrentins redescobriren la bellesa patrimonial i bot\u00e0nica d\u2019un dels espais verds m\u00e9s emblem\u00e0tics de Torrent que este diumenge va oferir des de visites guiades fins a jocs i tallers per a tota la fam\u00edlia, aix\u00ed com un mercat de flors i plantes<\/strong><\/p>\n\n\n\n<p>Torrent va viure este diumenge un mat\u00ed inoblidable amb la celebraci\u00f3 de la Festa de la Primavera en l\u2019Hort de Tr\u00e9nor, una jornada familiar i participativa que va congregar milers de ve\u00efns i ve\u00efnes en un dels enclavaments verds m\u00e9s emblem\u00e0tics de la ciutat. Organitzada per la regidoria de Medi Ambient de l\u2019Ajuntament de Torrent junt amb l\u2019empresa municipal Nous Espais, la iniciativa es va convertir en tot un \u00e8xit d\u2019assist\u00e8ncia i participaci\u00f3, consolidant-se com una de les cites familiars m\u00e9s destacades d\u2019esta primavera.<\/p>\n\n\n\n<p>Des de primera hora del mat\u00ed, centenars de fam\u00edlies comen\u00e7aren a accedir al jard\u00ed hist\u00f2ric per a gaudir d\u2019una programaci\u00f3 pensada per a totes les edats. Entre les 10.00 i les 14.00 hores, l\u2019Hort de Tr\u00e9nor es va transformar en un gran espai de conviv\u00e8ncia, oci i educaci\u00f3 ambiental, on majors i menuts pogueren compartir una jornada a l\u2019aire lliure en contacte directe amb la natura.<\/p>\n\n\n\n<p>El recinte va presentar durant tot el mat\u00ed una imatge plena de vida, color i ambient festiu. Xiquets i xiquetes participaren activament en els diferents tallers creatius, jocs i activitats dissenyades especialment per a ells, mentre els adults aprofitaren l\u2019ocasi\u00f3 per a redescobrir este parc municipal, considerat una de les joies patrimonials i bot\u00e0niques de Torrent.<\/p>\n\n\n\n<p>Un dels grans atractius de la jornada foren les visites guiades a l\u2019Hort de Tr\u00e9nor, que permeteren a nombrosos assistents con\u00e9ixer amb major profunditat la hist\u00f2ria, singularitat i riquesa mediambiental d\u2019este espai. A trav\u00e9s de diferents recorreguts programats durant el mat\u00ed, els participants pogueren descobrir els racons m\u00e9s especials del jard\u00ed, el seu valor paisatg\u00edstic i la import\u00e0ncia de conservar este pulm\u00f3 verd situat en ple nucli urb\u00e0.<\/p>\n\n\n\n<p>Tamb\u00e9 va despertar gran inter\u00e9s la gimcana pel bosc, una proposta l\u00fadica i educativa que va fer les del\u00edcies dels m\u00e9s menuts. A trav\u00e9s de proves, pistes i jocs relacionats amb la natura, els participants recorregueren diferents zones del parc aprenent sobre flora, fauna i sostenibilitat d\u2019una manera divertida i din\u00e0mica.<\/p>\n\n\n\n<p>Les activitats infantils foren constants durant tota la jornada. Tallers com \u201cCrea el teu paisatge\u201d, collage amb elements vegetals, els jocs del bosc, els tallers d\u2019esqueixos i pintura, aix\u00ed com propostes tan originals com les flors de llepolies o el divertit \u201cSr. Potato Pelopincho\u201d, registraren una excel\u00b7lent acollida. La programaci\u00f3, dinamitzada per col\u00b7lectius especialitzats en animaci\u00f3 i educaci\u00f3 ambiental, va aconseguir captar l\u2019atenci\u00f3 de desenes de xiquets i xiquetes durant tot el mat\u00ed.<\/p>\n\n\n\n<p>Un altre dels moments m\u00e9s esperats arrib\u00e0 amb la pres\u00e8ncia de personatges infantils com Bluey i Bongo, que feren les del\u00edcies del p\u00fablic familiar, especialment entre els m\u00e9s menuts, que no volgueren perdre l\u2019oportunitat de fotografiar-se i compartir moments de diversi\u00f3 amb ells.<\/p>\n\n\n\n<p>A m\u00e9s del component l\u00fadic, la jornada va tindre tamb\u00e9 una important vessant de suport al comer\u00e7 local. Floristeries i vivers de Torrent instal\u00b7laren diferents punts de venda de flors i plantes, omplint de color els passejos del jard\u00ed i oferint als assistents la possibilitat d\u2019adquirir productes de proximitat. Moltes fam\u00edlies aprofitaren la proximitat del Dia de la Mare, que se celebrar\u00e0 la pr\u00f2xima setmana, per a comprar flors i detalls especials.<\/p>\n\n\n\n<p>La Fundaci\u00f3 Espurna tamb\u00e9 va tindre un paper destacat durant el mat\u00ed, col\u00b7laborant amb l\u2019organitzaci\u00f3 i oferint granissats saludables que ajudaren a refrescar la jornada i foren molt ben rebuts pels assistents, especialment davant les agradables temperatures primaverals registrades durant l\u2019esdeveniment.<\/p>\n\n\n\n<p>L\u2019alcaldessa de Torrent, Amparo Folgado, va assistir a la celebraci\u00f3 i va rec\u00f3rrer els diferents espais instal\u00b7lats en l\u2019Hort de Tr\u00e9nor, compartint temps amb ve\u00efns, entitats col\u00b7laboradores i participants. Durant la jornada, va destacar el valor d\u2019este tipus d\u2019iniciatives per a refor\u00e7ar la conviv\u00e8ncia i acostar els espais naturals a la ciutadania.<\/p>\n\n\n\n<p>Folgado afirm\u00e0 que \u201c\u00e9s un dia per a les fam\u00edlies, per al seu disfrute i per a con\u00e9ixer millor la bellesa i el valor d\u2019este parc municipal que \u00e9s una meravella com \u00e9s l\u2019Hort de Tr\u00e9nor\u201d. L\u2019alcaldessa tamb\u00e9 va posar en valor la implicaci\u00f3 del comer\u00e7 local en esta cita, assenyalant que \u201ca m\u00e9s col\u00b7laborem amb les floristeries i vivers locals que han volgut sumar-se a este dia, comprant flors per al Dia de la Mare que ser\u00e0 la pr\u00f2xima setmana\u201d.<\/p>\n\n\n\n<p>Aix\u00ed mateix, la primera edil avan\u00e7\u00e0 la voluntat de l\u2019equip de govern de continuar apostant per este tipus de trobades mediambientals i familiars. \u201cContinuarem impulsant jornades mediambientals per a tota la fam\u00edlia en l\u2019Hort de Tr\u00e9nor per a poder con\u00e9ixer-lo millor tamb\u00e9 en altres \u00e8poques de l\u2019any, hi ha molt Tr\u00e9nor per descobrir\u201d, assegur\u00e0.<\/p>\n\n\n\n<p>Per la seua part, el regidor de Medi Ambient, Jos\u00e9 Francisco Gozalvo, mostr\u00e0 la seua satisfacci\u00f3 per l\u2019excel\u00b7lent resposta ciutadana i subratll\u00e0 l\u2019objectiu de la iniciativa. \u201cLa gran acollida que ha tingut esta Festa de la Primavera demostra que els torrentins volen disfrutar dels seus espais verds i participar en activitats saludables a l\u2019aire lliure. Des de l\u2019Ajuntament continuarem treballant per a posar en valor el nostre patrimoni natural i acostar-lo a totes les generacions\u201d, assenyal\u00e0.<\/p>\n\n\n\n<p>Gozalvo destac\u00e0 a m\u00e9s la import\u00e0ncia de combinar oci i conscienciaci\u00f3 ambiental. \u201cHui hem comprovat que \u00e9s possible aprendre a cuidar la natura mentre es disfruta en fam\u00edlia, i eixe \u00e9s el cam\u00ed que volem continuar impulsant des de la regidoria\u201d, afeg\u00ed.<\/p>\n\n\n\n<p>Junt amb l\u2019alcaldessa i el regidor de Medi Ambient estigueren presents diversos membres de l\u2019equip de govern municipal, entre ells els regidors Sonia Roca, M\u00aa \u00c1ngeles Lerma, Amparo Chust i Adelina Gonz\u00e1lez, els quals compartiren el mat\u00ed amb els assistents i visitaren els diferents espais d\u2019activitats.<\/p>\n\n\n\n<p>L\u2019\u00e8xit de participaci\u00f3 confirm\u00e0 l\u2019enorme atractiu de l\u2019Hort de Tr\u00e9nor com a espai de refer\u00e8ncia per a la vida social, cultural i mediambiental de Torrent. El seu entorn privilegiat, el seu valor hist\u00f2ric i la seua riquesa bot\u00e0nica el convertixen en un lloc ideal per a acollir propostes familiars com esta Festa de la Primavera, que va aconseguir unir diversi\u00f3, natura, comer\u00e7 local i conviv\u00e8ncia ciutadana.<\/p>\n\n\n\n<p>Amb esta multitudin\u00e0ria jornada, Torrent torna a demostrar la seua aposta decidida per les activitats a l\u2019aire lliure i per la recuperaci\u00f3 dels seus espais verds com a punts de trobada per a ve\u00efns de totes les edats. La Festa de la Primavera s\u2019acomiada deixant una excel\u00b7lent imatge de participaci\u00f3 i entusiasme, i amb el desig compartit que l\u2019Hort de Tr\u00e9nor continue acollint noves iniciatives al llarg de l\u2019any.<\/p>\n\n\n\n<figure class=\"wp-block-image size-large\"><img fetchpriority=\"high\" decoding=\"async\" width=\"1024\" height=\"682\" src=\"https:\/\/infotorrent.es\/wp-content\/uploads\/2026\/04\/WhatsApp-Image-2026-04-27-at-09.07.57-6-1024x682.jpeg\" alt=\"\" class=\"wp-image-95661\" srcset=\"https:\/\/infotorrent.es\/wp-content\/uploads\/2026\/04\/WhatsApp-Image-2026-04-27-at-09.07.57-6-1024x682.jpeg 1024w, https:\/\/infotorrent.es\/wp-content\/uploads\/2026\/04\/WhatsApp-Image-2026-04-27-at-09.07.57-6-300x200.jpeg 300w, https:\/\/infotorrent.es\/wp-content\/uploads\/2026\/04\/WhatsApp-Image-2026-04-27-at-09.07.57-6-768x512.jpeg 768w, https:\/\/infotorrent.es\/wp-content\/uploads\/2026\/04\/WhatsApp-Image-2026-04-27-at-09.07.57-6-1536x1023.jpeg 1536w, https:\/\/infotorrent.es\/wp-content\/uploads\/2026\/04\/WhatsApp-Image-2026-04-27-at-09.07.57-6.jpeg 1600w\" sizes=\"(max-width: 1024px) 100vw, 1024px\" \/><\/figure>\n\n\n\n<figure class=\"wp-block-gallery has-nested-images columns-default is-cropped wp-block-gallery-1 is-layout-flex wp-block-gallery-is-layout-flex\">\n<figure class=\"wp-block-image size-large\"><img decoding=\"async\" width=\"1024\" height=\"682\" data-id=\"95659\" src=\"https:\/\/infotorrent.es\/wp-content\/uploads\/2026\/04\/WhatsApp-Image-2026-04-27-at-09.07.57-7-1024x682.jpeg\" alt=\"\" class=\"wp-image-95659\" srcset=\"https:\/\/infotorrent.es\/wp-content\/uploads\/2026\/04\/WhatsApp-Image-2026-04-27-at-09.07.57-7-1024x682.jpeg 1024w, https:\/\/infotorrent.es\/wp-content\/uploads\/2026\/04\/WhatsApp-Image-2026-04-27-at-09.07.57-7-300x200.jpeg 300w, https:\/\/infotorrent.es\/wp-content\/uploads\/2026\/04\/WhatsApp-Image-2026-04-27-at-09.07.57-7-768x512.jpeg 768w, https:\/\/infotorrent.es\/wp-content\/uploads\/2026\/04\/WhatsApp-Image-2026-04-27-at-09.07.57-7-1536x1023.jpeg 1536w, https:\/\/infotorrent.es\/wp-content\/uploads\/2026\/04\/WhatsApp-Image-2026-04-27-at-09.07.57-7.jpeg 1600w\" sizes=\"(max-width: 1024px) 100vw, 1024px\" \/><\/figure>\n\n\n\n<figure class=\"wp-block-image size-large\"><img decoding=\"async\" width=\"1024\" height=\"682\" data-id=\"95663\" src=\"https:\/\/infotorrent.es\/wp-content\/uploads\/2026\/04\/WhatsApp-Image-2026-04-27-at-09.07.57-5-1024x682.jpeg\" alt=\"\" class=\"wp-image-95663\" srcset=\"https:\/\/infotorrent.es\/wp-content\/uploads\/2026\/04\/WhatsApp-Image-2026-04-27-at-09.07.57-5-1024x682.jpeg 1024w, https:\/\/infotorrent.es\/wp-content\/uploads\/2026\/04\/WhatsApp-Image-2026-04-27-at-09.07.57-5-300x200.jpeg 300w, https:\/\/infotorrent.es\/wp-content\/uploads\/2026\/04\/WhatsApp-Image-2026-04-27-at-09.07.57-5-768x512.jpeg 768w, https:\/\/infotorrent.es\/wp-content\/uploads\/2026\/04\/WhatsApp-Image-2026-04-27-at-09.07.57-5-1536x1023.jpeg 1536w, https:\/\/infotorrent.es\/wp-content\/uploads\/2026\/04\/WhatsApp-Image-2026-04-27-at-09.07.57-5.jpeg 1600w\" sizes=\"(max-width: 1024px) 100vw, 1024px\" \/><\/figure>\n\n\n\n<figure class=\"wp-block-image size-large\"><img loading=\"lazy\" decoding=\"async\" width=\"1024\" height=\"682\" data-id=\"95665\" src=\"https:\/\/infotorrent.es\/wp-content\/uploads\/2026\/04\/WhatsApp-Image-2026-04-27-at-09.07.57-4-1024x682.jpeg\" alt=\"\" class=\"wp-image-95665\" srcset=\"https:\/\/infotorrent.es\/wp-content\/uploads\/2026\/04\/WhatsApp-Image-2026-04-27-at-09.07.57-4-1024x682.jpeg 1024w, https:\/\/infotorrent.es\/wp-content\/uploads\/2026\/04\/WhatsApp-Image-2026-04-27-at-09.07.57-4-300x200.jpeg 300w, https:\/\/infotorrent.es\/wp-content\/uploads\/2026\/04\/WhatsApp-Image-2026-04-27-at-09.07.57-4-768x512.jpeg 768w, https:\/\/infotorrent.es\/wp-content\/uploads\/2026\/04\/WhatsApp-Image-2026-04-27-at-09.07.57-4-1536x1023.jpeg 1536w, https:\/\/infotorrent.es\/wp-content\/uploads\/2026\/04\/WhatsApp-Image-2026-04-27-at-09.07.57-4.jpeg 1600w\" sizes=\"(max-width: 1024px) 100vw, 1024px\" \/><\/figure>\n\n\n\n<figure class=\"wp-block-image size-large\"><img loading=\"lazy\" decoding=\"async\" width=\"1024\" height=\"682\" data-id=\"95667\" src=\"https:\/\/infotorrent.es\/wp-content\/uploads\/2026\/04\/WhatsApp-Image-2026-04-27-at-09.07.57-3-1024x682.jpeg\" alt=\"\" class=\"wp-image-95667\" srcset=\"https:\/\/infotorrent.es\/wp-content\/uploads\/2026\/04\/WhatsApp-Image-2026-04-27-at-09.07.57-3-1024x682.jpeg 1024w, https:\/\/infotorrent.es\/wp-content\/uploads\/2026\/04\/WhatsApp-Image-2026-04-27-at-09.07.57-3-300x200.jpeg 300w, https:\/\/infotorrent.es\/wp-content\/uploads\/2026\/04\/WhatsApp-Image-2026-04-27-at-09.07.57-3-768x512.jpeg 768w, https:\/\/infotorrent.es\/wp-content\/uploads\/2026\/04\/WhatsApp-Image-2026-04-27-at-09.07.57-3-1536x1023.jpeg 1536w, https:\/\/infotorrent.es\/wp-content\/uploads\/2026\/04\/WhatsApp-Image-2026-04-27-at-09.07.57-3.jpeg 1600w\" sizes=\"(max-width: 1024px) 100vw, 1024px\" \/><\/figure>\n\n\n\n<figure class=\"wp-block-image size-large\"><img loading=\"lazy\" decoding=\"async\" width=\"1024\" height=\"682\" data-id=\"95669\" src=\"https:\/\/infotorrent.es\/wp-content\/uploads\/2026\/04\/WhatsApp-Image-2026-04-27-at-09.07.57-2-1024x682.jpeg\" alt=\"\" class=\"wp-image-95669\" srcset=\"https:\/\/infotorrent.es\/wp-content\/uploads\/2026\/04\/WhatsApp-Image-2026-04-27-at-09.07.57-2-1024x682.jpeg 1024w, https:\/\/infotorrent.es\/wp-content\/uploads\/2026\/04\/WhatsApp-Image-2026-04-27-at-09.07.57-2-300x200.jpeg 300w, https:\/\/infotorrent.es\/wp-content\/uploads\/2026\/04\/WhatsApp-Image-2026-04-27-at-09.07.57-2-768x512.jpeg 768w, https:\/\/infotorrent.es\/wp-content\/uploads\/2026\/04\/WhatsApp-Image-2026-04-27-at-09.07.57-2-1536x1023.jpeg 1536w, https:\/\/infotorrent.es\/wp-content\/uploads\/2026\/04\/WhatsApp-Image-2026-04-27-at-09.07.57-2.jpeg 1600w\" sizes=\"(max-width: 1024px) 100vw, 1024px\" \/><\/figure>\n\n\n\n<figure class=\"wp-block-image size-large\"><img loading=\"lazy\" decoding=\"async\" width=\"1024\" height=\"682\" data-id=\"95671\" src=\"https:\/\/infotorrent.es\/wp-content\/uploads\/2026\/04\/WhatsApp-Image-2026-04-27-at-09.07.57-1-1024x682.jpeg\" alt=\"\" class=\"wp-image-95671\" srcset=\"https:\/\/infotorrent.es\/wp-content\/uploads\/2026\/04\/WhatsApp-Image-2026-04-27-at-09.07.57-1-1024x682.jpeg 1024w, https:\/\/infotorrent.es\/wp-content\/uploads\/2026\/04\/WhatsApp-Image-2026-04-27-at-09.07.57-1-300x200.jpeg 300w, https:\/\/infotorrent.es\/wp-content\/uploads\/2026\/04\/WhatsApp-Image-2026-04-27-at-09.07.57-1-768x512.jpeg 768w, https:\/\/infotorrent.es\/wp-content\/uploads\/2026\/04\/WhatsApp-Image-2026-04-27-at-09.07.57-1-1536x1023.jpeg 1536w, https:\/\/infotorrent.es\/wp-content\/uploads\/2026\/04\/WhatsApp-Image-2026-04-27-at-09.07.57-1.jpeg 1600w\" sizes=\"(max-width: 1024px) 100vw, 1024px\" \/><\/figure>\n\n\n\n<figure class=\"wp-block-image size-large\"><img loading=\"lazy\" decoding=\"async\" width=\"1024\" height=\"682\" data-id=\"95673\" src=\"https:\/\/infotorrent.es\/wp-content\/uploads\/2026\/04\/WhatsApp-Image-2026-04-27-at-09.07.57-1024x682.jpeg\" alt=\"\" class=\"wp-image-95673\" srcset=\"https:\/\/infotorrent.es\/wp-content\/uploads\/2026\/04\/WhatsApp-Image-2026-04-27-at-09.07.57-1024x682.jpeg 1024w, https:\/\/infotorrent.es\/wp-content\/uploads\/2026\/04\/WhatsApp-Image-2026-04-27-at-09.07.57-300x200.jpeg 300w, https:\/\/infotorrent.es\/wp-content\/uploads\/2026\/04\/WhatsApp-Image-2026-04-27-at-09.07.57-768x512.jpeg 768w, https:\/\/infotorrent.es\/wp-content\/uploads\/2026\/04\/WhatsApp-Image-2026-04-27-at-09.07.57-1536x1023.jpeg 1536w, https:\/\/infotorrent.es\/wp-content\/uploads\/2026\/04\/WhatsApp-Image-2026-04-27-at-09.07.57.jpeg 1600w\" sizes=\"(max-width: 1024px) 100vw, 1024px\" \/><\/figure>\n<\/figure>\n","protected":false},"excerpt":{"rendered":"<p>Els torrentins redescobriren la bellesa patrimonial i bot\u00e0nica d\u2019un dels espais verds m\u00e9s emblem\u00e0tics de Torrent que este diumenge va oferir des de visites guiades fins a jocs i tallers per a tota la fam\u00edlia, aix\u00ed com un mercat de flors i plantes Torrent va viure este diumenge un mat\u00ed inoblidable amb la celebraci\u00f3 de [&hellip;]<\/p>\n","protected":false},"author":21,"featured_media":95661,"comment_status":"open","ping_status":"open","sticky":false,"template":"","format":"standard","meta":{"_acf_changed":false,"footnotes":""},"categories":[141,1167,119,138,790,1142],"tags":[],"class_list":["post-95676","post","type-post","status-publish","format-standard","has-post-thumbnail","hentry","category-alcaldia-2","category-medi-ambient-noticies-es-ca","category-medi-ambient","category-medio-ambiente-2","category-medio-ambiente-noticias-2","category-medio-ambiente-noticias-ca"],"acf":[],"_links":{"self":[{"href":"https:\/\/infotorrent.es\/ca\/wp-json\/wp\/v2\/posts\/95676","targetHints":{"allow":["GET"]}}],"collection":[{"href":"https:\/\/infotorrent.es\/ca\/wp-json\/wp\/v2\/posts"}],"about":[{"href":"https:\/\/infotorrent.es\/ca\/wp-json\/wp\/v2\/types\/post"}],"author":[{"embeddable":true,"href":"https:\/\/infotorrent.es\/ca\/wp-json\/wp\/v2\/users\/21"}],"replies":[{"embeddable":true,"href":"https:\/\/infotorrent.es\/ca\/wp-json\/wp\/v2\/comments?post=95676"}],"version-history":[{"count":1,"href":"https:\/\/infotorrent.es\/ca\/wp-json\/wp\/v2\/posts\/95676\/revisions"}],"predecessor-version":[{"id":95678,"href":"https:\/\/infotorrent.es\/ca\/wp-json\/wp\/v2\/posts\/95676\/revisions\/95678"}],"wp:featuredmedia":[{"embeddable":true,"href":"https:\/\/infotorrent.es\/ca\/wp-json\/wp\/v2\/media\/95661"}],"wp:attachment":[{"href":"https:\/\/infotorrent.es\/ca\/wp-json\/wp\/v2\/media?parent=95676"}],"wp:term":[{"taxonomy":"category","embeddable":true,"href":"https:\/\/infotorrent.es\/ca\/wp-json\/wp\/v2\/categories?post=95676"},{"taxonomy":"post_tag","embeddable":true,"href":"https:\/\/infotorrent.es\/ca\/wp-json\/wp\/v2\/tags?post=95676"}],"curies":[{"name":"wp","href":"https:\/\/api.w.org\/{rel}","templated":true}]}}