{"id":9559,"date":"2018-04-30T10:53:28","date_gmt":"2018-04-30T10:53:28","guid":{"rendered":"https:\/\/infotorrent.es\/uncategorized\/la-xarrada-el-vincle-de-lafecte-a-la-casa-de-la-cultura\/"},"modified":"2018-04-30T10:53:28","modified_gmt":"2018-04-30T10:53:28","slug":"la-xarrada-el-vincle-de-lafecte-a-la-casa-de-la-cultura","status":"publish","type":"post","link":"https:\/\/infotorrent.es\/ca\/noticies\/la-xarrada-el-vincle-de-lafecte-a-la-casa-de-la-cultura\/","title":{"rendered":"La xarrada &#8220;El vincle de l&#8217;afecte&#8221;, a la Casa de la Cultura"},"content":{"rendered":"<div class=\"Section1\"><span style=\"font-family: Arial; font-size: small;\"><span style=\"font-size: 10pt; font-family: Arial;\">La Casa<\/span><\/span><span style=\"font-family: Arial; font-size: small;\"><span style=\"font-size: 10pt; font-family: Arial;\"> de la Cultura acoll\u00ed divendres passat la xarrada &#8220;El vincle de l&#8217;afecte&#8221;, a c\u00e0rrec de la doctora en Psicologia, experta en vincles afectius i professora de la Universitat de Val\u00e8ncia, Mar\u00eda Jos\u00e9 Cantero L\u00f3pez. La xarrada, organitzada per l&#8217;Escola Infantil Sambori, resolgu\u00e9 dubtes i trenc\u00e0 mites sobre la crian\u00e7a i la inclinaci\u00f3 en l&#8217;educaci\u00f3.<\/span><\/span><\/div>\n","protected":false},"excerpt":{"rendered":"<p>La Casa de la Cultura acoll\u00ed divendres passat la xarrada &#8220;El vincle de l&#8217;afecte&#8221;, a c\u00e0rrec de la doctora en Psicologia, experta en vincles afectius i professora de la Universitat de Val\u00e8ncia, Mar\u00eda Jos\u00e9 Cantero L\u00f3pez. La xarrada, organitzada per l&#8217;Escola Infantil Sambori, resolgu\u00e9 dubtes i trenc\u00e0 mites sobre la crian\u00e7a i la inclinaci\u00f3 en [&hellip;]<\/p>\n","protected":false},"author":4,"featured_media":1137,"comment_status":"closed","ping_status":"open","sticky":false,"template":"","format":"standard","meta":{"_acf_changed":false,"footnotes":""},"categories":[121,116],"tags":[],"class_list":["post-9559","post","type-post","status-publish","format-standard","has-post-thumbnail","hentry","category-educacio","category-noticies"],"acf":[],"_links":{"self":[{"href":"https:\/\/infotorrent.es\/ca\/wp-json\/wp\/v2\/posts\/9559","targetHints":{"allow":["GET"]}}],"collection":[{"href":"https:\/\/infotorrent.es\/ca\/wp-json\/wp\/v2\/posts"}],"about":[{"href":"https:\/\/infotorrent.es\/ca\/wp-json\/wp\/v2\/types\/post"}],"author":[{"embeddable":true,"href":"https:\/\/infotorrent.es\/ca\/wp-json\/wp\/v2\/users\/4"}],"replies":[{"embeddable":true,"href":"https:\/\/infotorrent.es\/ca\/wp-json\/wp\/v2\/comments?post=9559"}],"version-history":[{"count":0,"href":"https:\/\/infotorrent.es\/ca\/wp-json\/wp\/v2\/posts\/9559\/revisions"}],"wp:featuredmedia":[{"embeddable":true,"href":"https:\/\/infotorrent.es\/ca\/wp-json\/wp\/v2\/media\/1137"}],"wp:attachment":[{"href":"https:\/\/infotorrent.es\/ca\/wp-json\/wp\/v2\/media?parent=9559"}],"wp:term":[{"taxonomy":"category","embeddable":true,"href":"https:\/\/infotorrent.es\/ca\/wp-json\/wp\/v2\/categories?post=9559"},{"taxonomy":"post_tag","embeddable":true,"href":"https:\/\/infotorrent.es\/ca\/wp-json\/wp\/v2\/tags?post=9559"}],"curies":[{"name":"wp","href":"https:\/\/api.w.org\/{rel}","templated":true}]}}