{"id":9490,"date":"2018-04-17T15:14:36","date_gmt":"2018-04-17T15:14:36","guid":{"rendered":"https:\/\/infotorrent.es\/uncategorized\/la-mostra-de-teatre-escolar-alca-el-telo-amb-la-participacio-de-quinze-grups-escolars\/"},"modified":"2018-04-17T15:09:52","modified_gmt":"2018-04-17T15:09:52","slug":"la-mostra-de-teatre-escolar-alca-el-telo-amb-la-participacio-de-quinze-grups-escolars","status":"publish","type":"post","link":"https:\/\/infotorrent.es\/ca\/uncategorized\/la-mostra-de-teatre-escolar-alca-el-telo-amb-la-participacio-de-quinze-grups-escolars\/","title":{"rendered":"La Mostra de Teatre escolar al\u00e7a el tel\u00f3 amb la participaci\u00f3 de quinze grups escolars"},"content":{"rendered":"<p><strong>Des de hui fins al 9 de juny, milers de xiquets i xiquetes passaran per la sala d\u2019actes de l\u2019ajuntament <\/strong><\/p>\n<p style=\"text-align: justify;\">Este mat\u00ed ha comen\u00e7at la XXI Mostra de Teatre Escolar, una programaci\u00f3 teatral organitzada per l\u2019Ajuntament de Torrent en col\u00b7laboraci\u00f3 amb l\u2019associaci\u00f3 Cucuruc\u00fa Teatre. Es tracta d\u2019obres fetes per escolars i estudiants i dirigides a milers de xiquets i xiquetes, adolescents, j\u00f3vens o persones adultes que passaran, des de hui fins al 9 de juny, per la sala d\u2019actes de l\u2019Ajuntament. En total hi participaran quinze grups de les escoles de Torrent i d\u2019altres localitats, que presenten una programaci\u00f3 que, per primera vegada, t\u00e9 com a vehicle ling\u00fc\u00edstic el valenci\u00e0, ja que la majoria de les obres i treballs s\u00f3n en esta llengua.<\/p>\n<p style=\"text-align: justify;\">L\u2019acte d\u2019inauguraci\u00f3, que ha precedit a la primera obra d\u2019esta mostra, <em>La mar en vers, <\/em>ha comptat amb l\u2019assist\u00e8ncia de l\u2019alcalde Jes\u00fas Ros, acompanyat per membres de la corporaci\u00f3 municipal, i ha estat presentat per la regidora de Cultura, Susi Ferrer. Seguidament, els assistents han gaudit de l\u2019obra de teatre representada pel grup Veo Veo de l\u2019escola infantil Veo Veo de Torrent. Un espectacle en valenci\u00e0 dirigit a un p\u00fablic infantil i d\u2019educaci\u00f3 especial que els ha embarcat en una aventura marina i un m\u00f3n sorprenent i ple de vida: colors, aromes, misteris i tresors.<\/p>\n<p style=\"text-align: justify;\">Les obres que es representaran s\u00f3n les seg\u00fcents:<\/p>\n<p><em>La mar en vers<\/em>. 17 d\u2019abril<\/p>\n<p><em>Edelmira II y el drag\u00f3n Guti\u00e9rrez. <\/em>18 d\u2019abril<\/p>\n<p><em>Cenicientaaaaaa! <\/em>19 d\u2019abril.<\/p>\n<p><em>Juliet and Romeo are dead. <\/em>24 d\u2019abril<\/p>\n<p><em>Tragicom\u00e8dia del deliri<\/em>. 25 d\u2019abril<\/p>\n<p><em>Horacios y Curi\u00e1ceos. <\/em>26 d\u2019abril<\/p>\n<p><em>La sireneta rebel<\/em>. 2 de maig<\/p>\n<p><em>Trobar\u00e0s el teu poema?<\/em> 3 de maig<\/p>\n<p><em>\u00a1Aqu\u00ed estoy yo! <\/em>8 de maig<\/p>\n<p><em>D\u2019on v\u00e9nen els superherois?<\/em> 9 de maig<\/p>\n<p><em>Blasco &amp; C, TV Show<\/em>. 10 de maig<\/p>\n<p><em>No \u00e9s una altra hist\u00f2ria de pr\u00ednceps i princeses<\/em>. 16 de maig<\/p>\n<p><em>\u00a1Te he cogido, Caperucita! <\/em>17 de maig<\/p>\n<p><em>Qu\u00e8 hauria passat si els valencians hagueren arribat abans a la lluna?<\/em> 22 de maig<\/p>\n<p><em>Momo. <\/em>23 de maig<\/p>\n","protected":false},"excerpt":{"rendered":"<p>Des de hui fins al 9 de juny, milers de xiquets i xiquetes passaran per la sala d\u2019actes de l\u2019ajuntament Este mat\u00ed ha comen\u00e7at la XXI Mostra de Teatre Escolar, una programaci\u00f3 teatral organitzada per l\u2019Ajuntament de Torrent en col\u00b7laboraci\u00f3 amb l\u2019associaci\u00f3 Cucuruc\u00fa Teatre. Es tracta d\u2019obres fetes per escolars i estudiants i dirigides a [&hellip;]<\/p>\n","protected":false},"author":9,"featured_media":1137,"comment_status":"closed","ping_status":"open","sticky":false,"template":"","format":"standard","meta":{"_acf_changed":false,"footnotes":""},"categories":[126,117,135,121,132,127,116,25],"tags":[888],"class_list":["post-9490","post","type-post","status-publish","format-standard","has-post-thumbnail","hentry","category-cultura-es-2","category-cultura","category-dinamitzacio-linguistica","category-educacio","category-educacion-2","category-noticias-2","category-noticies","category-uncategorized","tag-cucurucu-teatremostra-teatre-escolarsusi-ferrer"],"acf":[],"_links":{"self":[{"href":"https:\/\/infotorrent.es\/ca\/wp-json\/wp\/v2\/posts\/9490","targetHints":{"allow":["GET"]}}],"collection":[{"href":"https:\/\/infotorrent.es\/ca\/wp-json\/wp\/v2\/posts"}],"about":[{"href":"https:\/\/infotorrent.es\/ca\/wp-json\/wp\/v2\/types\/post"}],"author":[{"embeddable":true,"href":"https:\/\/infotorrent.es\/ca\/wp-json\/wp\/v2\/users\/9"}],"replies":[{"embeddable":true,"href":"https:\/\/infotorrent.es\/ca\/wp-json\/wp\/v2\/comments?post=9490"}],"version-history":[{"count":0,"href":"https:\/\/infotorrent.es\/ca\/wp-json\/wp\/v2\/posts\/9490\/revisions"}],"wp:featuredmedia":[{"embeddable":true,"href":"https:\/\/infotorrent.es\/ca\/wp-json\/wp\/v2\/media\/1137"}],"wp:attachment":[{"href":"https:\/\/infotorrent.es\/ca\/wp-json\/wp\/v2\/media?parent=9490"}],"wp:term":[{"taxonomy":"category","embeddable":true,"href":"https:\/\/infotorrent.es\/ca\/wp-json\/wp\/v2\/categories?post=9490"},{"taxonomy":"post_tag","embeddable":true,"href":"https:\/\/infotorrent.es\/ca\/wp-json\/wp\/v2\/tags?post=9490"}],"curies":[{"name":"wp","href":"https:\/\/api.w.org\/{rel}","templated":true}]}}