{"id":9483,"date":"2018-04-16T13:57:31","date_gmt":"2018-04-16T13:57:31","guid":{"rendered":"https:\/\/infotorrent.es\/uncategorized\/la-passarella-torrent-comercial-avanca-les-tendencies-desta-primavera-estiu\/"},"modified":"2018-04-16T13:51:41","modified_gmt":"2018-04-16T13:51:41","slug":"la-passarella-torrent-comercial-avanca-les-tendencies-desta-primavera-estiu","status":"publish","type":"post","link":"https:\/\/infotorrent.es\/ca\/noticies\/la-passarella-torrent-comercial-avanca-les-tendencies-desta-primavera-estiu\/","title":{"rendered":"La passarel\u00b7la Torrent Comercial avan\u00e7a les tend\u00e8ncies d&#8217;esta primavera-estiu"},"content":{"rendered":"<p><strong>A m\u00e9s de les desfilades de moda, grups de ball van oferir actuacions de diferents estils<\/strong><\/p>\n<p style=\"text-align: justify;\">La moda i les tend\u00e8ncies van omplir dissabte de vesprada la pla\u00e7a de la Llibertat en la passarel\u00b7la primavera-estiu, que va organitzar l\u2019associaci\u00f3 Torrent Comercial.<\/p>\n<p>En esta cinquena edici\u00f3 de la passarel\u00b7la, els comer\u00e7os locals van mostrar a la multitud d\u2019assistents les tend\u00e8ncies de moda tant d\u2019infantil i juvenil com de roba de festa, de nit i de n\u00f3via per a la temporada que acaba de comen\u00e7ar.<\/p>\n<p>A m\u00e9s de les desfilades, diferents grups van oferir actuacions de ball llat\u00ed, urb\u00e0 i altres estils. La vetlada, a la qual va assistir l&#8217;alcalde, Jes\u00fas Ros, acompanyat de membres de l\u2019equip de govern, va comptar amb les actuacions de les acad\u00e8mies de ball Luis &amp; Ventura i Malaika Dance i de la falla Antoni Pardo.<\/p>\n<p><img fetchpriority=\"high\" decoding=\"async\" class=\"size-full wp-image-12860 aligncenter\" src=\"https:\/\/www.infotorrent.es\/wp-content\/uploads\/2018\/04\/pasarela_comercial_2.jpg\" alt=\"\" width=\"700\" height=\"467\" \/><\/p>\n","protected":false},"excerpt":{"rendered":"<p>A m\u00e9s de les desfilades de moda, grups de ball van oferir actuacions de diferents estils La moda i les tend\u00e8ncies van omplir dissabte de vesprada la pla\u00e7a de la Llibertat en la passarel\u00b7la primavera-estiu, que va organitzar l\u2019associaci\u00f3 Torrent Comercial. En esta cinquena edici\u00f3 de la passarel\u00b7la, els comer\u00e7os locals van mostrar a la [&hellip;]<\/p>\n","protected":false},"author":3,"featured_media":9485,"comment_status":"closed","ping_status":"open","sticky":false,"template":"","format":"standard","meta":{"_acf_changed":false,"footnotes":""},"categories":[116],"tags":[259],"class_list":["post-9483","post","type-post","status-publish","format-standard","has-post-thumbnail","hentry","category-noticies","tag-ajuntament-de-torrenttorrent"],"acf":[],"_links":{"self":[{"href":"https:\/\/infotorrent.es\/ca\/wp-json\/wp\/v2\/posts\/9483","targetHints":{"allow":["GET"]}}],"collection":[{"href":"https:\/\/infotorrent.es\/ca\/wp-json\/wp\/v2\/posts"}],"about":[{"href":"https:\/\/infotorrent.es\/ca\/wp-json\/wp\/v2\/types\/post"}],"author":[{"embeddable":true,"href":"https:\/\/infotorrent.es\/ca\/wp-json\/wp\/v2\/users\/3"}],"replies":[{"embeddable":true,"href":"https:\/\/infotorrent.es\/ca\/wp-json\/wp\/v2\/comments?post=9483"}],"version-history":[{"count":0,"href":"https:\/\/infotorrent.es\/ca\/wp-json\/wp\/v2\/posts\/9483\/revisions"}],"wp:featuredmedia":[{"embeddable":true,"href":"https:\/\/infotorrent.es\/ca\/wp-json\/wp\/v2\/media\/9485"}],"wp:attachment":[{"href":"https:\/\/infotorrent.es\/ca\/wp-json\/wp\/v2\/media?parent=9483"}],"wp:term":[{"taxonomy":"category","embeddable":true,"href":"https:\/\/infotorrent.es\/ca\/wp-json\/wp\/v2\/categories?post=9483"},{"taxonomy":"post_tag","embeddable":true,"href":"https:\/\/infotorrent.es\/ca\/wp-json\/wp\/v2\/tags?post=9483"}],"curies":[{"name":"wp","href":"https:\/\/api.w.org\/{rel}","templated":true}]}}