{"id":9475,"date":"2018-04-12T13:32:31","date_gmt":"2018-04-12T13:32:31","guid":{"rendered":"https:\/\/infotorrent.es\/uncategorized\/se-constituye-el-consell-del-majors-para-promover-la-participacion-e-integracion-de-las-personas-mayores\/"},"modified":"2018-04-12T13:32:31","modified_gmt":"2018-04-12T13:32:31","slug":"se-constituye-el-consell-del-majors-para-promover-la-participacion-e-integracion-de-las-personas-mayores","status":"publish","type":"post","link":"https:\/\/infotorrent.es\/ca\/noticies\/se-constituye-el-consell-del-majors-para-promover-la-participacion-e-integracion-de-las-personas-mayores\/","title":{"rendered":"Es constitueix el Consell del\u00a0Majors per a promoure la participaci\u00f3 i integraci\u00f3 de les persones majors"},"content":{"rendered":"<p style=\"text-align: justify;\"><strong>L&#8217;organisme est\u00e0 format per representants dels centres de majors i els grups pol\u00edtics\u00a0<\/strong><\/p>\n<p>Per a donar protagonisme a les persones majors i facilitar la resoluci\u00f3 dels problemes que els afecten s&#8217;ha constitu\u00eft el Consell Municipal de Persones\u00a0Majors. El nou organisme, de car\u00e0cter consultiu, est\u00e0 format per representants dels centres de majors de la ciutat, aix\u00ed com per representants dels grups pol\u00edtics.<\/p>\n<p>El Consell Municipal de Persones\u00a0Majors, malgrat no ser vinculant, dur\u00e0 a terme plans d&#8217;actuaci\u00f3 que milloren en la ciutat, treballant de manera consensuada, qualsevol aspecte o circumst\u00e0ncia que afecte les persones majors de la ciutat.<\/p>\n<p>La constituci\u00f3 del Consell va comptar amb la pres\u00e8ncia de la regidora d&#8217;Igualtat, Encarna Lerma Bes\u00f3; i del de Benestar Social, Francesc Carbonell, que el presidir\u00e0. Carbonell va destacar \u201c<strong>el canvi que suposa la posada en marxa d&#8217;este consell quant a les pol\u00edtiques de majors que s&#8217;han dut a terme fins ara. Volem que s&#8217;integren en tota l&#8217;activitat municipal, que participen en actes, tallers, cursos\u2026 de manera intergeneracional, i volem fer valdre la import\u00e0ncia dels nostres majors en la nostra societat\u201d.<\/strong><\/p>\n<p>El Consell Municipal de Persones\u00a0Majors se suma al Consell Municipal d\u2019Inclusi\u00f3 i\u00a0Drets\u00a0Socials que es va reunir, tamb\u00e9 per primera vegada, dimarts passat. L&#8217;objectiu dels dos consells \u00e9s canalitzar la participaci\u00f3 ciutadana per a optimitzar recursos, programes i prestacions en relaci\u00f3 de serveis socials.<\/p>\n<p><strong> \u201cFem un pas m\u00e9s per a donar veu als col\u00b7lectius que m\u00e9s ho necessiten, un pilar b\u00e0sic en la nostra forma de gestionar, que no \u00e9s cap altra cosa que estar al costat de les persones i donar-los l&#8217;oportunitat de participar i construir junts la ciutat que totes i tots volem\u201d<\/strong>, explica Carbonell.<\/p>\n","protected":false},"excerpt":{"rendered":"<p>L&#8217;organisme est\u00e0 format per representants dels centres de majors i els grups pol\u00edtics\u00a0 Per a donar protagonisme a les persones majors i facilitar la resoluci\u00f3 dels problemes que els afecten s&#8217;ha constitu\u00eft el Consell Municipal de Persones\u00a0Majors. El nou organisme, de car\u00e0cter consultiu, est\u00e0 format per representants dels centres de majors de la ciutat, aix\u00ed [&hellip;]<\/p>\n","protected":false},"author":4,"featured_media":1137,"comment_status":"closed","ping_status":"open","sticky":false,"template":"","format":"standard","meta":{"_acf_changed":false,"footnotes":""},"categories":[122,127,116],"tags":[],"class_list":["post-9475","post","type-post","status-publish","format-standard","has-post-thumbnail","hentry","category-benestar-social","category-noticias-2","category-noticies"],"acf":[],"_links":{"self":[{"href":"https:\/\/infotorrent.es\/ca\/wp-json\/wp\/v2\/posts\/9475","targetHints":{"allow":["GET"]}}],"collection":[{"href":"https:\/\/infotorrent.es\/ca\/wp-json\/wp\/v2\/posts"}],"about":[{"href":"https:\/\/infotorrent.es\/ca\/wp-json\/wp\/v2\/types\/post"}],"author":[{"embeddable":true,"href":"https:\/\/infotorrent.es\/ca\/wp-json\/wp\/v2\/users\/4"}],"replies":[{"embeddable":true,"href":"https:\/\/infotorrent.es\/ca\/wp-json\/wp\/v2\/comments?post=9475"}],"version-history":[{"count":0,"href":"https:\/\/infotorrent.es\/ca\/wp-json\/wp\/v2\/posts\/9475\/revisions"}],"wp:featuredmedia":[{"embeddable":true,"href":"https:\/\/infotorrent.es\/ca\/wp-json\/wp\/v2\/media\/1137"}],"wp:attachment":[{"href":"https:\/\/infotorrent.es\/ca\/wp-json\/wp\/v2\/media?parent=9475"}],"wp:term":[{"taxonomy":"category","embeddable":true,"href":"https:\/\/infotorrent.es\/ca\/wp-json\/wp\/v2\/categories?post=9475"},{"taxonomy":"post_tag","embeddable":true,"href":"https:\/\/infotorrent.es\/ca\/wp-json\/wp\/v2\/tags?post=9475"}],"curies":[{"name":"wp","href":"https:\/\/api.w.org\/{rel}","templated":true}]}}