{"id":9446,"date":"2018-04-03T13:05:06","date_gmt":"2018-04-03T13:05:06","guid":{"rendered":"https:\/\/infotorrent.es\/uncategorized\/una-setmana-santa-dinteres-autonomic-i-molt-mes\/"},"modified":"2018-04-03T12:56:07","modified_gmt":"2018-04-03T12:56:07","slug":"una-setmana-santa-dinteres-autonomic-i-molt-mes","status":"publish","type":"post","link":"https:\/\/infotorrent.es\/ca\/noticies\/una-setmana-santa-dinteres-autonomic-i-molt-mes\/","title":{"rendered":"Una Setmana Santa d\u2019Inter\u00e9s Auton\u00f2mic&#8230; i molt m\u00e9s"},"content":{"rendered":"<p><strong>L\u2019Ajuntament ofer\u00ed retransmissions en directe dels actes m\u00e9s destacats en uns programes especials amb reportatges, entrevistes, resums\u2026 que van arribar a milers de persones arreu del m\u00f3n<\/strong><\/p>\n<p style=\"text-align: justify;\">L\u2019Encontre Glori\u00f3s pos\u00e0 punt final a la Setmana Santa torrentina el passat Diumenge de Resurrecci\u00f3. Al llarg dels set dies transcorreguts des del Diumenge de Rams, les d\u00edhuit germandats de la ciutat participaren en m\u00e9s de trenta processons i actes religiosos. L\u2019Ajuntament de Torrent, comprom\u00e9s amb la promoci\u00f3 de la cultura i el patrimoni local, acost\u00e0 a tots aquells que no pogueren gaudir de les celebracions a peu de carrer tota la informaci\u00f3 en format audiovisual, gr\u00e0fic i escrit a trav\u00e9s dels canals de comunicaci\u00f3 propis.<\/p>\n<p style=\"text-align: justify;\">En este sentit, el gabinet de comunicaci\u00f3 de l\u2019Ajuntament ofer\u00ed en directe per Facebook i Youtube l\u2019Encontre de la Ver\u00f2nica, l\u2019Encontre Dolor\u00f3s i l\u2019Encontre Glori\u00f3s, tres dels actes m\u00e9s destacats de la Setmana Santa de Torrent, Festa d\u2019Inter\u00e9s Tur\u00edstic Auton\u00f2mic. A m\u00e9s, s\u2019han publicat galeries fotogr\u00e0fiques di\u00e0ries i v\u00eddeos en directe d\u2019alguns moments destacats a trav\u00e9s de les xarxes socials. El programa especial del Diumenge de Resurrecci\u00f3, va comptar amb la pres\u00e8ncia del president de la Junta Central de Germandats de Setmana Santa, Jos\u00e9 Vicente Yago; del regidor de Festes, Jos\u00e9 Antonio Castillejo; del cronista local, Jos\u00e9 Royo; de l\u2019exregidor de Cultura i Festes de l\u2019Ajuntament i responsable del Servei d\u2019Emissions d\u2019\u00c0 Punt, Alfred Costa; aix\u00ed com de Celia Fabi\u00e0, que fou reina de l\u2019Encontre l\u2019any 2010 i de Jorge Calatayud, graduat en Hist\u00f2ria i membre de la germandat de la Flagel\u00b7laci\u00f3 del Senyor. La Setmana Santa de Torrent ha celebrat enguany dos aniversaris. D\u2019una banda, la Junta Central ha complit 75 anys, com a ens de coordinaci\u00f3. Els mateixos anys han celebrat les germandats de Jes\u00fas Natzar\u00e9 i del Davallament de la Creu.<\/p>\n<p>&nbsp;<\/p>\n<p style=\"text-align: justify;\"><img fetchpriority=\"high\" decoding=\"async\" class=\"alignnone wp-image-12416\" src=\"https:\/\/www.infotorrent.es\/wp-content\/uploads\/2018\/04\/resum_setmana_santa_4.jpeg\" alt=\"\" width=\"700\" height=\"525\" \/><\/p>\n<p style=\"text-align: justify;\">En total, les emissions en directe, disponibles tamb\u00e9 en Youtube, aix\u00ed com altres continguts en format v\u00eddeo, han assolit, de moment, quasi 40.000 visualitzacions en la p\u00e0gina oficial de Facebook de l\u2019Ajuntament. En concret, el v\u00eddeo de l\u2019exposici\u00f3 del vestit de la reina de l\u2019Encontre \u00e9s, de moment, el m\u00e9s vist amb 6.500 visualitzacions. Les retransmissions en directe de l\u2019Encontre de la Ver\u00f2nica, de l\u2019Encontre Dolor\u00f3s i l\u2019Encontre Glori\u00f3s sumen 4.500, 4.100 i 5.600 visualitzacions, respectivament.<\/p>\n<p style=\"text-align: justify;\">Les publicacions en Facebook relacionades amb la Setmana Santa sumen milers de reaccions i comentaris. Entre les destacades, la process\u00f3 del Silenci del Dijous Sant a la nit. D\u2019altra banda, les galeries fotogr\u00e0fiques en Flickr han rebut ja m\u00e9s de 5.600 visualitzacions. La Setmana Santa de Torrent ha traspassat fronteres. Durant les retransmissions en directe, arribaren i foren compartits comentaris d\u2019arreu del m\u00f3n. Els programes foren seguits, entre altres pa\u00efsos, des de Dinamarca, Col\u00f2mbia, Bol\u00edvia, Regne Unit, Romania i Finl\u00e0ndia; a m\u00e9s de diversos llocs de la geografia espanyola. La xarxa social Facebook ha sigut la preferida dels ve\u00efns i usuaris per a seguir tot el que ha ocorregut a Torrent durant la Setmana Santa. De fet, en les \u00faltimes hores, la p\u00e0gina oficial de l\u2019Ajuntament en esta xarxa social ha arribat als 10.000 \u201cm\u2019agrada\u201d, cosa que la consolida com a refer\u00e8ncia informativa i de comunicaci\u00f3 de la ciutat.<\/p>\n<p>&nbsp;<\/p>\n<p>Les galeries fotogr\u00e0fiques de l\u2019Ajuntament estan disponibles en la p\u00e0gina de Flickr de l\u2019Ajuntament de Torrent:<\/p>\n<p><a href=\"https:\/\/www.flickr.com\/photos\/josocdetorrent\/albums\/with\/72157694315458714\" target=\"_blank\" rel=\"noopener\">https:\/\/www.flickr.com\/photos\/josocdetorrent\/albums\/with\/72157694315458714<\/a><\/p>\n<p>En la p\u00e0gina oficial de l\u2019Ajuntament en Facebook es poden recuperar els tres programes especials:<\/p>\n<p>Encontre de la Ver\u00f2nica: <a href=\"http:\/\/bit.ly\/2H5YUxH\" target=\"_blank\" rel=\"noopener\">http:\/\/bit.ly\/2H5YUxH<\/a><\/p>\n<p>Encontre Dolor\u00f3s: <a href=\"http:\/\/bit.ly\/2GNHGHU\" target=\"_blank\" rel=\"noopener\">http:\/\/bit.ly\/2GNHGHU<\/a><\/p>\n<p>Encontre Glori\u00f3s: <a href=\"http:\/\/bit.ly\/2Ha91Ss\" target=\"_blank\" rel=\"noopener\">http:\/\/bit.ly\/2Ha91Ss<\/a><\/p>\n","protected":false},"excerpt":{"rendered":"<p>L\u2019Ajuntament ofer\u00ed retransmissions en directe dels actes m\u00e9s destacats en uns programes especials amb reportatges, entrevistes, resums\u2026 que van arribar a milers de persones arreu del m\u00f3n L\u2019Encontre Glori\u00f3s pos\u00e0 punt final a la Setmana Santa torrentina el passat Diumenge de Resurrecci\u00f3. Al llarg dels set dies transcorreguts des del Diumenge de Rams, les d\u00edhuit [&hellip;]<\/p>\n","protected":false},"author":9,"featured_media":9448,"comment_status":"closed","ping_status":"open","sticky":false,"template":"","format":"standard","meta":{"_acf_changed":false,"footnotes":""},"categories":[156,116],"tags":[384],"class_list":["post-9446","post","type-post","status-publish","format-standard","has-post-thumbnail","hentry","category-festes-i-tradicions-2","category-noticies","tag-setmana-santa-2018"],"acf":[],"_links":{"self":[{"href":"https:\/\/infotorrent.es\/ca\/wp-json\/wp\/v2\/posts\/9446","targetHints":{"allow":["GET"]}}],"collection":[{"href":"https:\/\/infotorrent.es\/ca\/wp-json\/wp\/v2\/posts"}],"about":[{"href":"https:\/\/infotorrent.es\/ca\/wp-json\/wp\/v2\/types\/post"}],"author":[{"embeddable":true,"href":"https:\/\/infotorrent.es\/ca\/wp-json\/wp\/v2\/users\/9"}],"replies":[{"embeddable":true,"href":"https:\/\/infotorrent.es\/ca\/wp-json\/wp\/v2\/comments?post=9446"}],"version-history":[{"count":0,"href":"https:\/\/infotorrent.es\/ca\/wp-json\/wp\/v2\/posts\/9446\/revisions"}],"wp:featuredmedia":[{"embeddable":true,"href":"https:\/\/infotorrent.es\/ca\/wp-json\/wp\/v2\/media\/9448"}],"wp:attachment":[{"href":"https:\/\/infotorrent.es\/ca\/wp-json\/wp\/v2\/media?parent=9446"}],"wp:term":[{"taxonomy":"category","embeddable":true,"href":"https:\/\/infotorrent.es\/ca\/wp-json\/wp\/v2\/categories?post=9446"},{"taxonomy":"post_tag","embeddable":true,"href":"https:\/\/infotorrent.es\/ca\/wp-json\/wp\/v2\/tags?post=9446"}],"curies":[{"name":"wp","href":"https:\/\/api.w.org\/{rel}","templated":true}]}}