{"id":93784,"date":"2026-03-16T11:06:36","date_gmt":"2026-03-16T10:06:36","guid":{"rendered":"https:\/\/infotorrent.es\/?p=93784"},"modified":"2026-03-16T11:15:12","modified_gmt":"2026-03-16T10:15:12","slug":"torrent-celebra-la-i-ruta-inclusiva-de-les-falles-per-a-acostar-la-festa-a-totes-les-persones","status":"publish","type":"post","link":"https:\/\/infotorrent.es\/ca\/noticies\/benestar-social\/torrent-celebra-la-i-ruta-inclusiva-de-les-falles-per-a-acostar-la-festa-a-totes-les-persones\/","title":{"rendered":"Torrent celebra la I Ruta Inclusiva de les Falles per a acostar la festa a totes les persones"},"content":{"rendered":"\n<p><strong>L&#8217;alcaldessa Amparo Folgado i el regidor de Servicis Socials, Arturo Garc\u00eda, han donat la benvinguda als participants i han repartit un obsequi a l&#8217;inici del recorregut<\/strong><\/p>\n\n\n\n<p>L&#8217;Ajuntament de Torrent ha celebrat este mat\u00ed la I Ruta Inclusiva de les Falles, una iniciativa pionera impulsada per la Regidoria de Falles i la Regidoria de Servicis Socials amb l&#8217;objectiu d&#8217;acostar la festa fallera a totes les persones i promoure una celebraci\u00f3 m\u00e9s accessible, comprensible i inclusiva.<\/p>\n\n\n\n<p>La jornada ha comen\u00e7at a les 10.00 hores amb la concentraci\u00f3 dels participants en el Ficus, on l&#8217;alcaldessa de Torrent, Amparo Folgado, i el regidor de Servicis Socials de l&#8217;Ajuntament de Torrent, Arturo Garc\u00eda, han donat la benvinguda als assistents i han participat en el repartiment d&#8217;un kit de benvinguda com a record d&#8217;esta primera edici\u00f3 de la ruta.<\/p>\n\n\n\n<p>Durant l&#8217;acte inicial tamb\u00e9 s&#8217;han organitzat els diferents grups participants i s&#8217;han distribu\u00eft els itineraris previstos abans de comen\u00e7ar el recorregut per diverses comissions falleres de la ciutat.<\/p>\n\n\n\n<p><strong>Tres rutes per a descobrir les Falles de manera accessible<\/strong><\/p>\n\n\n\n<p>A partir de les 10.30 hores s&#8217;han posat en marxa tres rutes inclusives que han perm\u00e9s a prop d&#8217;un centenar de participants rec\u00f3rrer diferents monuments fallers adaptats amb ferramentes d&#8217;accessibilitat cognitiva i sensorial.<\/p>\n\n\n\n<p>La Ruta 1, amb la participaci\u00f3 d&#8217;usuaris dels centres Tom\u00e1s d&#8217;Osma i Adisto (al voltant de 40 persones), ha visitat les falles Carrer Benem\u00e8rita Gu\u00e0rdia Civil, Sant Valeriano i Cronista Vicent Beguer Esteve, amb un recorregut aproximat de 1,9 quil\u00f2metres.<\/p>\n\n\n\n<p>Per part seua, la Ruta 2, integrada per usuaris d&#8217;Espurna i ASIDIT (unes 60 persones aproximadament), ha recorregut les falles Segon Tram Avinguda del Pa\u00eds Valenci\u00e0, Lope de Rueda i Verge del Puig i Escultor Vicent Pallard\u00f3, completant un itinerari de 2,6 quil\u00f2metres.<\/p>\n\n\n\n<p>Finalment, la Ruta 3, en la qual han participat usuaris d&#8217;ABD i Alcer T\u00faria (al voltant de 35 persones), ha visitat les falles Ram\u00f3n y Cajal, Avinguda i Sants Patrons, amb un recorregut de 1,7 quil\u00f2metres.<\/p>\n\n\n\n<p><strong>Falles m\u00e9s comprensibles per a tots<\/strong><\/p>\n\n\n\n<p>Les comissions falleres participants han incorporat diferents ferramentes per a facilitar la comprensi\u00f3 dels monuments i les seues escenes, com a pictogrames, textos adaptats, codis QR amb explicacions en \u00e0udio, senyalitzaci\u00f3 accessible i xicotets textos en braille.<\/p>\n\n\n\n<p>Estes mesures formen part del concepte d&#8217;accessibilitat cognitiva, que busca que la informaci\u00f3 i els espais siguen comprensibles per a totes les persones, facilitant la seua autonomia i participaci\u00f3 social.<\/p>\n\n\n\n<p><strong>Un pas cap a unes festes m\u00e9s inclusives<\/strong><\/p>\n\n\n\n<p>L&#8217;alcaldessa de Torrent, Amparo Folgado, ha destacat durant la jornada que \u201cles Falles s\u00f3n una de les nostres senyes d&#8217;identitat i volem que tothom puga disfrutar-les plenament. Amb esta Ruta Inclusiva fem un pas important perqu\u00e8 la festa siga cada vegada m\u00e9s oberta, participativa i accessible\u201d.<\/p>\n\n\n\n<p>Per part seua, el regidor de Servicis Socials, Arturo Garc\u00eda, ha subratllat el valor social d&#8217;esta iniciativa, assenyalant que \u201cl&#8217;accessibilitat \u00e9s una q\u00fcesti\u00f3 de drets. Quan adaptem les nostres festes perqu\u00e8 siguen comprensibles per a tots, estem construint una ciutat m\u00e9s inclusiva i m\u00e9s justa\u201d.<\/p>\n\n\n\n<p><strong>Col\u00b7laboraci\u00f3 amb entitats socials<\/strong><\/p>\n\n\n\n<p>La ruta ha comptat amb la participaci\u00f3 de diversos centres ocupacionals i entitats socials, entre ells ABD, Alcer T\u00faria, Tom\u00e1s d&#8217;Osma, Espurna, ASIDIT i ADISTO, la implicaci\u00f3 de les quals ha sigut clau per al desenvolupament d&#8217;esta primera edici\u00f3.<\/p>\n\n\n\n<p>Amb esta iniciativa, l&#8217;Ajuntament de Torrent refor\u00e7a el seu comprom\u00eds amb unes Falles m\u00e9s accessibles i participatives, integrant la inclusi\u00f3 com un valor dins d&#8217;una de les celebracions m\u00e9s emblem\u00e0tiques de la ciutat i establint les bases per a consolidar esta experi\u00e8ncia en futures edicions.<\/p>\n\n\n\n<figure class=\"wp-block-image size-large\"><img fetchpriority=\"high\" decoding=\"async\" width=\"1024\" height=\"683\" src=\"https:\/\/infotorrent.es\/wp-content\/uploads\/2026\/03\/RUTA-INCLUSIVA-FALLAS-6-1024x683.jpeg\" alt=\"\" class=\"wp-image-93777\" srcset=\"https:\/\/infotorrent.es\/wp-content\/uploads\/2026\/03\/RUTA-INCLUSIVA-FALLAS-6-1024x683.jpeg 1024w, https:\/\/infotorrent.es\/wp-content\/uploads\/2026\/03\/RUTA-INCLUSIVA-FALLAS-6-300x200.jpeg 300w, https:\/\/infotorrent.es\/wp-content\/uploads\/2026\/03\/RUTA-INCLUSIVA-FALLAS-6-768x512.jpeg 768w, https:\/\/infotorrent.es\/wp-content\/uploads\/2026\/03\/RUTA-INCLUSIVA-FALLAS-6-1536x1025.jpeg 1536w, https:\/\/infotorrent.es\/wp-content\/uploads\/2026\/03\/RUTA-INCLUSIVA-FALLAS-6.jpeg 2048w\" sizes=\"(max-width: 1024px) 100vw, 1024px\" \/><\/figure>\n\n\n\n<figure class=\"wp-block-gallery has-nested-images columns-default is-cropped wp-block-gallery-1 is-layout-flex wp-block-gallery-is-layout-flex\">\n<figure class=\"wp-block-image size-large\"><img decoding=\"async\" width=\"1024\" height=\"683\" data-id=\"93781\" src=\"https:\/\/infotorrent.es\/wp-content\/uploads\/2026\/03\/RUTA-INCLUSIVA-FALLAS-1-1024x683.jpg\" alt=\"\" class=\"wp-image-93781\" srcset=\"https:\/\/infotorrent.es\/wp-content\/uploads\/2026\/03\/RUTA-INCLUSIVA-FALLAS-1-1024x683.jpg 1024w, https:\/\/infotorrent.es\/wp-content\/uploads\/2026\/03\/RUTA-INCLUSIVA-FALLAS-1-300x200.jpg 300w, https:\/\/infotorrent.es\/wp-content\/uploads\/2026\/03\/RUTA-INCLUSIVA-FALLAS-1-768x512.jpg 768w, https:\/\/infotorrent.es\/wp-content\/uploads\/2026\/03\/RUTA-INCLUSIVA-FALLAS-1-1536x1025.jpg 1536w, https:\/\/infotorrent.es\/wp-content\/uploads\/2026\/03\/RUTA-INCLUSIVA-FALLAS-1.jpg 2048w\" sizes=\"(max-width: 1024px) 100vw, 1024px\" \/><\/figure>\n\n\n\n<figure class=\"wp-block-image size-large\"><img decoding=\"async\" width=\"1024\" height=\"683\" data-id=\"93779\" src=\"https:\/\/infotorrent.es\/wp-content\/uploads\/2026\/03\/RUTA-INCLUSIVA-FALLAS-7-1024x683.jpeg\" alt=\"\" class=\"wp-image-93779\" srcset=\"https:\/\/infotorrent.es\/wp-content\/uploads\/2026\/03\/RUTA-INCLUSIVA-FALLAS-7-1024x683.jpeg 1024w, https:\/\/infotorrent.es\/wp-content\/uploads\/2026\/03\/RUTA-INCLUSIVA-FALLAS-7-300x200.jpeg 300w, https:\/\/infotorrent.es\/wp-content\/uploads\/2026\/03\/RUTA-INCLUSIVA-FALLAS-7-768x512.jpeg 768w, https:\/\/infotorrent.es\/wp-content\/uploads\/2026\/03\/RUTA-INCLUSIVA-FALLAS-7-1536x1025.jpeg 1536w, https:\/\/infotorrent.es\/wp-content\/uploads\/2026\/03\/RUTA-INCLUSIVA-FALLAS-7.jpeg 2048w\" sizes=\"(max-width: 1024px) 100vw, 1024px\" \/><\/figure>\n\n\n\n<figure class=\"wp-block-image size-large\"><img loading=\"lazy\" decoding=\"async\" width=\"1024\" height=\"683\" data-id=\"93775\" src=\"https:\/\/infotorrent.es\/wp-content\/uploads\/2026\/03\/RUTA-INCLUSIVA-FALLAS-5-1024x683.jpeg\" alt=\"\" class=\"wp-image-93775\" srcset=\"https:\/\/infotorrent.es\/wp-content\/uploads\/2026\/03\/RUTA-INCLUSIVA-FALLAS-5-1024x683.jpeg 1024w, https:\/\/infotorrent.es\/wp-content\/uploads\/2026\/03\/RUTA-INCLUSIVA-FALLAS-5-300x200.jpeg 300w, https:\/\/infotorrent.es\/wp-content\/uploads\/2026\/03\/RUTA-INCLUSIVA-FALLAS-5-768x512.jpeg 768w, https:\/\/infotorrent.es\/wp-content\/uploads\/2026\/03\/RUTA-INCLUSIVA-FALLAS-5-1536x1025.jpeg 1536w, https:\/\/infotorrent.es\/wp-content\/uploads\/2026\/03\/RUTA-INCLUSIVA-FALLAS-5.jpeg 2048w\" sizes=\"(max-width: 1024px) 100vw, 1024px\" \/><\/figure>\n\n\n\n<figure class=\"wp-block-image size-large\"><img loading=\"lazy\" decoding=\"async\" width=\"1024\" height=\"683\" data-id=\"93773\" src=\"https:\/\/infotorrent.es\/wp-content\/uploads\/2026\/03\/RUTA-INCLUSIVA-FALLAS-4-1024x683.jpeg\" alt=\"\" class=\"wp-image-93773\" srcset=\"https:\/\/infotorrent.es\/wp-content\/uploads\/2026\/03\/RUTA-INCLUSIVA-FALLAS-4-1024x683.jpeg 1024w, https:\/\/infotorrent.es\/wp-content\/uploads\/2026\/03\/RUTA-INCLUSIVA-FALLAS-4-300x200.jpeg 300w, https:\/\/infotorrent.es\/wp-content\/uploads\/2026\/03\/RUTA-INCLUSIVA-FALLAS-4-768x512.jpeg 768w, https:\/\/infotorrent.es\/wp-content\/uploads\/2026\/03\/RUTA-INCLUSIVA-FALLAS-4-1536x1025.jpeg 1536w, https:\/\/infotorrent.es\/wp-content\/uploads\/2026\/03\/RUTA-INCLUSIVA-FALLAS-4.jpeg 2048w\" sizes=\"(max-width: 1024px) 100vw, 1024px\" \/><\/figure>\n\n\n\n<figure class=\"wp-block-image size-large\"><img loading=\"lazy\" decoding=\"async\" width=\"1024\" height=\"683\" data-id=\"93771\" src=\"https:\/\/infotorrent.es\/wp-content\/uploads\/2026\/03\/RUTA-INCLUSIVA-FALLAS-3-1024x683.jpeg\" alt=\"\" class=\"wp-image-93771\" srcset=\"https:\/\/infotorrent.es\/wp-content\/uploads\/2026\/03\/RUTA-INCLUSIVA-FALLAS-3-1024x683.jpeg 1024w, https:\/\/infotorrent.es\/wp-content\/uploads\/2026\/03\/RUTA-INCLUSIVA-FALLAS-3-300x200.jpeg 300w, https:\/\/infotorrent.es\/wp-content\/uploads\/2026\/03\/RUTA-INCLUSIVA-FALLAS-3-768x512.jpeg 768w, https:\/\/infotorrent.es\/wp-content\/uploads\/2026\/03\/RUTA-INCLUSIVA-FALLAS-3-1536x1025.jpeg 1536w, https:\/\/infotorrent.es\/wp-content\/uploads\/2026\/03\/RUTA-INCLUSIVA-FALLAS-3.jpeg 2048w\" sizes=\"(max-width: 1024px) 100vw, 1024px\" \/><\/figure>\n\n\n\n<figure class=\"wp-block-image size-large\"><img loading=\"lazy\" decoding=\"async\" width=\"1024\" height=\"683\" data-id=\"93769\" src=\"https:\/\/infotorrent.es\/wp-content\/uploads\/2026\/03\/RUTA-INCLUSIVA-FALLAS-2-1024x683.jpeg\" alt=\"\" class=\"wp-image-93769\" srcset=\"https:\/\/infotorrent.es\/wp-content\/uploads\/2026\/03\/RUTA-INCLUSIVA-FALLAS-2-1024x683.jpeg 1024w, https:\/\/infotorrent.es\/wp-content\/uploads\/2026\/03\/RUTA-INCLUSIVA-FALLAS-2-300x200.jpeg 300w, https:\/\/infotorrent.es\/wp-content\/uploads\/2026\/03\/RUTA-INCLUSIVA-FALLAS-2-768x512.jpeg 768w, https:\/\/infotorrent.es\/wp-content\/uploads\/2026\/03\/RUTA-INCLUSIVA-FALLAS-2-1536x1025.jpeg 1536w, https:\/\/infotorrent.es\/wp-content\/uploads\/2026\/03\/RUTA-INCLUSIVA-FALLAS-2.jpeg 2048w\" sizes=\"(max-width: 1024px) 100vw, 1024px\" \/><\/figure>\n<\/figure>\n","protected":false},"excerpt":{"rendered":"<p>L&#8217;alcaldessa Amparo Folgado i el regidor de Servicis Socials, Arturo Garc\u00eda, han donat la benvinguda als participants i han repartit un obsequi a l&#8217;inici del recorregut L&#8217;Ajuntament de Torrent ha celebrat este mat\u00ed la I Ruta Inclusiva de les Falles, una iniciativa pionera impulsada per la Regidoria de Falles i la Regidoria de Servicis Socials [&hellip;]<\/p>\n","protected":false},"author":21,"featured_media":93777,"comment_status":"open","ping_status":"open","sticky":false,"template":"","format":"standard","meta":{"_acf_changed":false,"footnotes":""},"categories":[141,122,1143,1197],"tags":[],"class_list":["post-93784","post","type-post","status-publish","format-standard","has-post-thumbnail","hentry","category-alcaldia-2","category-benestar-social","category-bienestar-social-noticias-ca","category-servicios-sociales-ca"],"acf":[],"_links":{"self":[{"href":"https:\/\/infotorrent.es\/ca\/wp-json\/wp\/v2\/posts\/93784","targetHints":{"allow":["GET"]}}],"collection":[{"href":"https:\/\/infotorrent.es\/ca\/wp-json\/wp\/v2\/posts"}],"about":[{"href":"https:\/\/infotorrent.es\/ca\/wp-json\/wp\/v2\/types\/post"}],"author":[{"embeddable":true,"href":"https:\/\/infotorrent.es\/ca\/wp-json\/wp\/v2\/users\/21"}],"replies":[{"embeddable":true,"href":"https:\/\/infotorrent.es\/ca\/wp-json\/wp\/v2\/comments?post=93784"}],"version-history":[{"count":1,"href":"https:\/\/infotorrent.es\/ca\/wp-json\/wp\/v2\/posts\/93784\/revisions"}],"predecessor-version":[{"id":93786,"href":"https:\/\/infotorrent.es\/ca\/wp-json\/wp\/v2\/posts\/93784\/revisions\/93786"}],"wp:featuredmedia":[{"embeddable":true,"href":"https:\/\/infotorrent.es\/ca\/wp-json\/wp\/v2\/media\/93777"}],"wp:attachment":[{"href":"https:\/\/infotorrent.es\/ca\/wp-json\/wp\/v2\/media?parent=93784"}],"wp:term":[{"taxonomy":"category","embeddable":true,"href":"https:\/\/infotorrent.es\/ca\/wp-json\/wp\/v2\/categories?post=93784"},{"taxonomy":"post_tag","embeddable":true,"href":"https:\/\/infotorrent.es\/ca\/wp-json\/wp\/v2\/tags?post=93784"}],"curies":[{"name":"wp","href":"https:\/\/api.w.org\/{rel}","templated":true}]}}