{"id":93754,"date":"2026-03-14T14:37:59","date_gmt":"2026-03-14T13:37:59","guid":{"rendered":"https:\/\/infotorrent.es\/?p=93754"},"modified":"2026-03-14T14:38:09","modified_gmt":"2026-03-14T13:38:09","slug":"quasi-300-servicis-policials-drons-de-vigilancia-unitat-canina-reforc-de-proteccio-civil-amb-quasi-70-voluntaris-i-coordinacio-amb-tots-els-cossos-de-seguretat-garantixen-la-tranquillitat-en-les-fa","status":"publish","type":"post","link":"https:\/\/infotorrent.es\/ca\/alcaldia-2\/quasi-300-servicis-policials-drons-de-vigilancia-unitat-canina-reforc-de-proteccio-civil-amb-quasi-70-voluntaris-i-coordinacio-amb-tots-els-cossos-de-seguretat-garantixen-la-tranquillitat-en-les-fa\/","title":{"rendered":"Quasi 300 servicis policials, drons de vigil\u00e0ncia, unitat canina, refor\u00e7 de Protecci\u00f3 Civil amb quasi 70 voluntaris i coordinaci\u00f3 amb tots els cossos de seguretat garantixen la tranquil\u00b7litat en les Falles de 2026"},"content":{"rendered":"\n<p><strong>Torrent desplega el major dispositiu de seguretat de la seua hist\u00f2ria per a unes Falles 2026 segures, coordinades i tecnol\u00f2gicament avan\u00e7ades<\/strong><\/p>\n\n\n\n<p><strong>L&#8217;Ajuntament activa un operatiu especial entre el 15 i el 19 de mar\u00e7 per a protegir els principals actes fallers amb milers d&#8217;assistents<\/strong><\/p>\n\n\n\n<p><strong>Policia Local, Protecci\u00f3 Civil, Bombers, Policia Nacional i Gu\u00e0rdia Civil treballen de manera conjunta per a assegurar el desenrotllament de les celebracions amb normalitat<\/strong><\/p>\n\n\n\n<p>L&#8217;Ajuntament de Torrent ha dissenyat un ampli i ambici\u00f3s dispositiu de seguretat per a garantir que les Falles 2026 es desenrotllen amb normalitat, tranquil\u00b7litat i m\u00e0ximes garanties per a ve\u00efns, visitants i comissions falleres.<\/p>\n\n\n\n<p>L&#8217;operatiu, coordinat per la Policia Local de Torrent i els servicis municipals de seguretat i emerg\u00e8ncies, es desplegar\u00e0 del 15 al 19 de mar\u00e7, coincidint amb els dies de major intensitat festiva, i contempla 279 servicis policials, a m\u00e9s del refor\u00e7 de Protecci\u00f3 Civil, Bombers i la coordinaci\u00f3 permanent amb Policia Nacional i Gu\u00e0rdia Civil.<\/p>\n\n\n\n<p>El dispositiu respon a la previsi\u00f3 de gran aflu\u00e8ncia de p\u00fablic en els principals actes fallers, com les masclet\u00e0s en la pla\u00e7a Bisbe Benlloch, l&#8217;Ofrena a la Verge dels Desemparats, les danses a San Jos\u00e9 i la tradicional nit de la crem\u00e0.<\/p>\n\n\n\n<p>Este ampli desplegament t\u00e9 com a objectiu protegir la ciutadania, ordenar la mobilitat, previndre riscos i garantir que Torrent gaudisca de les seues festes m\u00e9s emblem\u00e0tiques amb total seguretat.<\/p>\n\n\n\n<p><strong>Un dispositiu integral per a protegir milers de persones en els dies grans de les Falles<\/strong><\/p>\n\n\n\n<p>Torrent compta amb 28 comissions falleres, que durant estos dies celebren multitud d&#8217;actes propis i oficials que reunixen milers de persones en carrers i places de la ciutat, als quals se sumen tamb\u00e9 els actes institucionals organitzats per l&#8217;Ajuntament i la Junta Local Fallera, la qual cosa incrementa notablement l&#8217;aflu\u00e8ncia de p\u00fablic en diferents punts del municipi.<\/p>\n\n\n\n<p>Per a garantir la seguretat en tots estos esdeveniments, la Policia Local desplegar\u00e0 279 servicis operatius, refor\u00e7ant la seua pres\u00e8ncia especialment en els actes amb major concentraci\u00f3 de p\u00fablic.<\/p>\n\n\n\n<p>El dispositiu comptar\u00e0 a m\u00e9s amb mitjans tecnol\u00f2gics i operatius especialitzats, entre ells:<\/p>\n\n\n\n<p>\u2022&nbsp;&nbsp;&nbsp;&nbsp;&nbsp;&nbsp;&nbsp; Unitat de Vigil\u00e0ncia A\u00e8ria amb drons, per a monitorar grans concentracions de persones i detectar incid\u00e8ncies en temps real.<\/p>\n\n\n\n<p>\u2022&nbsp;&nbsp;&nbsp;&nbsp;&nbsp;&nbsp;&nbsp; Patrulla K9 (unitat canina) destinada a labors de prevenci\u00f3, detecci\u00f3 i dissuasi\u00f3.<\/p>\n\n\n\n<p>\u2022&nbsp;&nbsp;&nbsp;&nbsp;&nbsp;&nbsp;&nbsp; Refor\u00e7 de patrulles a peu i unitats de tr\u00e0nsit en les zones de major aflu\u00e8ncia.<\/p>\n\n\n\n<p>\u2022&nbsp;&nbsp;&nbsp;&nbsp;&nbsp;&nbsp;&nbsp; Coordinaci\u00f3 permanent des de la sala de comunicacions CISEM (Centre Integral de Seguretat i Emerg\u00e8ncies Municipal), des d&#8217;on se supervisar\u00e0 en temps real el desenrotllament dels actes i es coordinar\u00e0 l&#8217;actuaci\u00f3 de Policia Local, Protecci\u00f3 Civil i resta de servicis d&#8217;emerg\u00e8ncia.<\/p>\n\n\n\n<p>Este sistema permetr\u00e0 anticipar incid\u00e8ncies, actuar amb rapidesa i millorar la coordinaci\u00f3 de tots els recursos desplegats durant les festes.<\/p>\n\n\n\n<p><strong>Protecci\u00f3 Civil i Bombers reforcen l&#8217;operatiu en els actes amb major risc<\/strong><\/p>\n\n\n\n<p>El dispositiu municipal comptar\u00e0 tamb\u00e9 amb l&#8217;important suport de Protecci\u00f3 Civil i del Consorci Provincial de Bombers, especialment durant els actes pirot\u00e8cnics i la nit de la crem\u00e0.<\/p>\n\n\n\n<p>Durant els dies de masclet\u00e0 i en els actes m\u00e9s multitudinaris participaran prop de 50 voluntaris de Protecci\u00f3 Civil de Torrent i d&#8217;altres municipis.<\/p>\n\n\n\n<p>Per a la jornada del 19 de mar\u00e7, dia de San Jos\u00e9, es desplegar\u00e0 un dels dispositius m\u00e9s importants de l&#8217;operatiu:<\/p>\n\n\n\n<p>\u2022&nbsp;&nbsp;&nbsp;&nbsp;&nbsp;&nbsp;&nbsp; Prop de 70 voluntaris, entre Protecci\u00f3 Civil de Torrent, Associaci\u00f3 de Protecci\u00f3 Civil i Emerg\u00e8ncies ASPREM (Alacant) i altres arribats des de diferents municipis com Requena, Villamarxant, Monserrat, Real, Badalona, Albacete, Villarrobledo, Almansa, i Guadalajara, entre altres.<\/p>\n\n\n\n<p>\u2022&nbsp;&nbsp;&nbsp;&nbsp;&nbsp;&nbsp;&nbsp; 3 vehicles propis d&#8217;extinci\u00f3 i motobombas.<\/p>\n\n\n\n<p>\u2022&nbsp;&nbsp;&nbsp;&nbsp;&nbsp;&nbsp;&nbsp; Refor\u00e7 amb maquin\u00e0ria, mitjans i vehicles de la Brigada d&#8217;Obres i d&#8217;Aig\u00fces de l&#8217;Horta.<\/p>\n\n\n\n<p>\u2022&nbsp;&nbsp;&nbsp;&nbsp;&nbsp;&nbsp;&nbsp; 14 bombers del Consorci Provincial amb vehicles especialitzats.<\/p>\n\n\n\n<p>A m\u00e9s, despr\u00e9s de con\u00e9ixer-se els premis de les 28 comissions en les diferents categories d&#8217;estes Falles 2026, Protecci\u00f3 Civil i Bombers celebraran una reuni\u00f3 de coordinaci\u00f3 espec\u00edfica per a planificar les crem\u00e0s que requerisquen especial atenci\u00f3 per la seua ubicaci\u00f3 o aflu\u00e8ncia de p\u00fablic.<\/p>\n\n\n\n<p><strong>Control del tr\u00e0nsit i mobilitat per a garantir la seguretat per als vianants<\/strong><\/p>\n\n\n\n<p>Un dels aspectes clau de l&#8217;operatiu ser\u00e0 la regulaci\u00f3 del tr\u00e0nsit i la mobilitat durant els actes fallers, amb l&#8217;objectiu de facilitar l&#8217;acc\u00e9s als esdeveniments i garantir la seguretat dels vianants.<\/p>\n\n\n\n<p>Entre les mesures previstes destaquen:<\/p>\n\n\n\n<p>\u2022&nbsp;&nbsp;&nbsp;&nbsp;&nbsp;&nbsp;&nbsp; Talls de tr\u00e0nsit en els recorreguts del Trasllat i l&#8217;Ofrena a la Verge dels Desemparats<\/p>\n\n\n\n<p>\u2022&nbsp;&nbsp;&nbsp;&nbsp;&nbsp;&nbsp;&nbsp; Per\u00edmetres de seguretat en la pla\u00e7a Bisbe Benlloch durant les masclet\u00e0s<\/p>\n\n\n\n<p>\u2022&nbsp;&nbsp;&nbsp;&nbsp;&nbsp;&nbsp;&nbsp; Restriccions de circulaci\u00f3 en els 30 minuts previs al tret pirot\u00e8cnic<\/p>\n\n\n\n<p>\u2022&nbsp;&nbsp;&nbsp;&nbsp;&nbsp;&nbsp;&nbsp; Refor\u00e7 d&#8217;agents de circulaci\u00f3 en els accessos al municipi<\/p>\n\n\n\n<p>\u2022&nbsp;&nbsp;&nbsp;&nbsp;&nbsp;&nbsp;&nbsp; Talls puntuals durant la nit de la crem\u00e0 en les falles amb major aflu\u00e8ncia<\/p>\n\n\n\n<p><strong>Control especial sobre patinets el\u00e8ctrics i mobilitat personal<\/strong><\/p>\n\n\n\n<p>Durant les festes tamb\u00e9 s&#8217;intensificar\u00e0 la vigil\u00e0ncia sobre els Vehicles de Mobilitat Personal (VMP), com els patinets el\u00e8ctrics, amb la finalitat d&#8217;evitar accidents en zones amb gran concentraci\u00f3 de persones.<\/p>\n\n\n\n<p>La Policia Local de Torrent, recorda que estos vehicles deuran:<\/p>\n\n\n\n<p>\u2022&nbsp;&nbsp;&nbsp;&nbsp;&nbsp;&nbsp;&nbsp; Respectar els l\u00edmits de velocitat<\/p>\n\n\n\n<p>\u2022&nbsp;&nbsp;&nbsp;&nbsp;&nbsp;&nbsp;&nbsp; Cedir sempre el passe als vianants<\/p>\n\n\n\n<p>\u2022&nbsp;&nbsp;&nbsp;&nbsp;&nbsp;&nbsp;&nbsp; No circular sota els efectes de l&#8217;alcohol o subst\u00e0ncies<\/p>\n\n\n\n<p>\u2022&nbsp;&nbsp;&nbsp;&nbsp;&nbsp;&nbsp;&nbsp; Seguir les indicacions dels agents<\/p>\n\n\n\n<p>Els vehicles que incomplisquen la normativa podran ser denunciats o immobilitzats, d&#8217;acord amb la legislaci\u00f3 vigent.<\/p>\n\n\n\n<p><strong>Mesos de planificaci\u00f3 i coordinaci\u00f3 entre totes les forces de seguretat<\/strong><\/p>\n\n\n\n<p>El dispositiu de seguretat no \u00e9s fruit d&#8217;una planificaci\u00f3 improvisada, sin\u00f3 del treball previ realitzat durant mesos per l&#8217;Ajuntament i els cossos de seguretat, en coordinaci\u00f3 amb Policia Nacional, Gu\u00e0rdia Civil i servicis d&#8217;emerg\u00e8ncies.<\/p>\n\n\n\n<p>Este treball conjunt ha perm\u00e9s anticipar riscos, millorar la coordinaci\u00f3 operativa i consolidar un model de seguretat que ha demostrat la seua efic\u00e0cia en grans celebracions, festivitats i esdeveniments multitudinaris a la ciutat.<\/p>\n\n\n\n<p><strong>Recomanacions per a disfrutar de les Falles amb seguretat<\/strong><\/p>\n\n\n\n<p>Des de la Policia Local es recorden algunes recomanacions b\u00e0siques per a disfrutar de les festes amb responsabilitat:<\/p>\n\n\n\n<p>\u2022&nbsp;&nbsp;&nbsp;&nbsp;&nbsp;&nbsp;&nbsp; Planificar els despla\u00e7aments tenint en compte els talls de tr\u00e0nsit<\/p>\n\n\n\n<p>\u2022&nbsp;&nbsp;&nbsp;&nbsp;&nbsp;&nbsp;&nbsp; Vigilar especialment als menors en actes multitudinaris<\/p>\n\n\n\n<p>\u2022&nbsp;&nbsp;&nbsp;&nbsp;&nbsp;&nbsp;&nbsp; Mantindre dist\u00e0ncia de seguretat durant els actes pirot\u00e8cnics<\/p>\n\n\n\n<p>\u2022&nbsp;&nbsp;&nbsp;&nbsp;&nbsp;&nbsp;&nbsp; No manipular material inflamable prop de les falles<\/p>\n\n\n\n<p>\u2022&nbsp;&nbsp;&nbsp;&nbsp;&nbsp;&nbsp;&nbsp; En cas d&#8217;emerg\u00e8ncia, telefonar al 112, al 092 (Policia Local) o al 091 (Policia Nacional)<\/p>\n\n\n\n<p>L&#8217;objectiu \u00e9s que totes les persones puguen disfrutar de les Falles amb tranquil\u00b7litat, respecte i conviv\u00e8ncia.<\/p>\n\n\n\n<p>L&#8217;alcaldessa de Torrent, Amparo Folgado ha destacat la import\u00e0ncia d&#8217;este dispositiu per a garantir unes festes segures, <strong>\u201cles Falles s\u00f3n una de les celebracions m\u00e9s estimades i multitudin\u00e0ries de la nostra ciutat, i per aix\u00f2 hem preparat un dispositiu de seguretat ampli, coordinat i molt professional perqu\u00e8 torrentinos i visitants puguen disfrutar de les nostres tradicions amb total tranquil\u00b7litat. Vull agrair el treball de la Policia Local, Protecci\u00f3 Civil, Bombers, Creu Roja, Brigada d&#8217;Obres i de la resta de cossos de seguretat, que vetlaran dia i nit per la seguretat de tots\u201d.<\/strong><\/p>\n\n\n\n<p>Per part seua, la regidora de Seguretat Ciutadana, Sonia Roca ha subratllat l&#8217;esfor\u00e7 de planificaci\u00f3 realitzat, <strong>\u201ceste dispositiu \u00e9s el resultat de mesos de treball i coordinaci\u00f3 entre tots els servicis municipals i els cossos de seguretat. Hem refor\u00e7at mitjans humans, tecnol\u00f2gics i d&#8217;emerg\u00e8ncia per a anticipar-nos a qualsevol situaci\u00f3 i garantir que les Falles de Torrent es desenrotllen amb normalitat\u201d.<\/strong><\/p>\n\n\n\n<p>El Comissari Cap de la Policia Local de Torrent, Jos\u00e9 Pascual Mart\u00ednez ha destacat el desplegament operatiu, <strong>\u201cla Policia Local far\u00e0 un important esfor\u00e7 operatiu durant estos dies, amb quasi tres-cents servicis policials, pres\u00e8ncia en tots els actes principals i el suport d&#8217;unitats especialitzades com el dron de vigil\u00e0ncia o la patrulla canina. El nostre objectiu \u00e9s clar: previndre incid\u00e8ncies i garantir la seguretat de tots\u201d.<\/strong><\/p>\n\n\n\n<figure class=\"wp-block-image size-large\"><img fetchpriority=\"high\" decoding=\"async\" width=\"1024\" height=\"682\" src=\"https:\/\/infotorrent.es\/wp-content\/uploads\/2026\/03\/4-2-1024x682.jpeg\" alt=\"\" class=\"wp-image-93755\" srcset=\"https:\/\/infotorrent.es\/wp-content\/uploads\/2026\/03\/4-2-1024x682.jpeg 1024w, https:\/\/infotorrent.es\/wp-content\/uploads\/2026\/03\/4-2-300x200.jpeg 300w, https:\/\/infotorrent.es\/wp-content\/uploads\/2026\/03\/4-2-768x512.jpeg 768w, https:\/\/infotorrent.es\/wp-content\/uploads\/2026\/03\/4-2-1536x1023.jpeg 1536w, https:\/\/infotorrent.es\/wp-content\/uploads\/2026\/03\/4-2.jpeg 1600w\" sizes=\"(max-width: 1024px) 100vw, 1024px\" \/><\/figure>\n\n\n\n<figure class=\"wp-block-gallery has-nested-images columns-default is-cropped wp-block-gallery-1 is-layout-flex wp-block-gallery-is-layout-flex\">\n<figure class=\"wp-block-image size-large\"><img decoding=\"async\" width=\"1024\" height=\"682\" data-id=\"93759\" src=\"https:\/\/infotorrent.es\/wp-content\/uploads\/2026\/03\/2-1-1024x682.jpeg\" alt=\"\" class=\"wp-image-93759\" srcset=\"https:\/\/infotorrent.es\/wp-content\/uploads\/2026\/03\/2-1-1024x682.jpeg 1024w, https:\/\/infotorrent.es\/wp-content\/uploads\/2026\/03\/2-1-300x200.jpeg 300w, https:\/\/infotorrent.es\/wp-content\/uploads\/2026\/03\/2-1-768x512.jpeg 768w, https:\/\/infotorrent.es\/wp-content\/uploads\/2026\/03\/2-1-1536x1023.jpeg 1536w, https:\/\/infotorrent.es\/wp-content\/uploads\/2026\/03\/2-1.jpeg 1600w\" sizes=\"(max-width: 1024px) 100vw, 1024px\" \/><\/figure>\n\n\n\n<figure class=\"wp-block-image size-large\"><img decoding=\"async\" width=\"1024\" height=\"682\" data-id=\"93757\" src=\"https:\/\/infotorrent.es\/wp-content\/uploads\/2026\/03\/1-2-1024x682.jpeg\" alt=\"\" class=\"wp-image-93757\" srcset=\"https:\/\/infotorrent.es\/wp-content\/uploads\/2026\/03\/1-2-1024x682.jpeg 1024w, https:\/\/infotorrent.es\/wp-content\/uploads\/2026\/03\/1-2-300x200.jpeg 300w, https:\/\/infotorrent.es\/wp-content\/uploads\/2026\/03\/1-2-768x512.jpeg 768w, https:\/\/infotorrent.es\/wp-content\/uploads\/2026\/03\/1-2-1536x1023.jpeg 1536w, https:\/\/infotorrent.es\/wp-content\/uploads\/2026\/03\/1-2.jpeg 1600w\" sizes=\"(max-width: 1024px) 100vw, 1024px\" \/><\/figure>\n<\/figure>\n","protected":false},"excerpt":{"rendered":"<p>Torrent desplega el major dispositiu de seguretat de la seua hist\u00f2ria per a unes Falles 2026 segures, coordinades i tecnol\u00f2gicament avan\u00e7ades L&#8217;Ajuntament activa un operatiu especial entre el 15 i el 19 de mar\u00e7 per a protegir els principals actes fallers amb milers d&#8217;assistents Policia Local, Protecci\u00f3 Civil, Bombers, Policia Nacional i Gu\u00e0rdia Civil treballen [&hellip;]<\/p>\n","protected":false},"author":20,"featured_media":93761,"comment_status":"open","ping_status":"open","sticky":false,"template":"","format":"standard","meta":{"_acf_changed":false,"footnotes":""},"categories":[141,1199],"tags":[],"class_list":["post-93754","post","type-post","status-publish","format-standard","has-post-thumbnail","hentry","category-alcaldia-2","category-policia-local-ca"],"acf":[],"_links":{"self":[{"href":"https:\/\/infotorrent.es\/ca\/wp-json\/wp\/v2\/posts\/93754","targetHints":{"allow":["GET"]}}],"collection":[{"href":"https:\/\/infotorrent.es\/ca\/wp-json\/wp\/v2\/posts"}],"about":[{"href":"https:\/\/infotorrent.es\/ca\/wp-json\/wp\/v2\/types\/post"}],"author":[{"embeddable":true,"href":"https:\/\/infotorrent.es\/ca\/wp-json\/wp\/v2\/users\/20"}],"replies":[{"embeddable":true,"href":"https:\/\/infotorrent.es\/ca\/wp-json\/wp\/v2\/comments?post=93754"}],"version-history":[{"count":1,"href":"https:\/\/infotorrent.es\/ca\/wp-json\/wp\/v2\/posts\/93754\/revisions"}],"predecessor-version":[{"id":93762,"href":"https:\/\/infotorrent.es\/ca\/wp-json\/wp\/v2\/posts\/93754\/revisions\/93762"}],"wp:featuredmedia":[{"embeddable":true,"href":"https:\/\/infotorrent.es\/ca\/wp-json\/wp\/v2\/media\/93761"}],"wp:attachment":[{"href":"https:\/\/infotorrent.es\/ca\/wp-json\/wp\/v2\/media?parent=93754"}],"wp:term":[{"taxonomy":"category","embeddable":true,"href":"https:\/\/infotorrent.es\/ca\/wp-json\/wp\/v2\/categories?post=93754"},{"taxonomy":"post_tag","embeddable":true,"href":"https:\/\/infotorrent.es\/ca\/wp-json\/wp\/v2\/tags?post=93754"}],"curies":[{"name":"wp","href":"https:\/\/api.w.org\/{rel}","templated":true}]}}