{"id":93725,"date":"2026-03-13T13:08:29","date_gmt":"2026-03-13T12:08:29","guid":{"rendered":"https:\/\/infotorrent.es\/?p=93725"},"modified":"2026-03-13T13:08:32","modified_gmt":"2026-03-13T12:08:32","slug":"torrent-reforca-la-prevencio-de-la-violencia-sexista-durant-les-falles-amb-la-installacio-de-punts-violeta-el-14-i-16-de-marc","status":"publish","type":"post","link":"https:\/\/infotorrent.es\/ca\/casa-de-la-dona-ca\/torrent-reforca-la-prevencio-de-la-violencia-sexista-durant-les-falles-amb-la-installacio-de-punts-violeta-el-14-i-16-de-marc\/","title":{"rendered":"Torrent refor\u00e7a la prevenci\u00f3 de la viol\u00e8ncia sexista durant les Falles amb la instal\u00b7laci\u00f3 de Punts Violeta el 14 i 16 de mar\u00e7"},"content":{"rendered":"\n<p><strong>La iniciativa impulsada per la Casa de la Dona oferir\u00e0 informaci\u00f3, sensibilitzaci\u00f3 i materials educatius per a promoure unes festes segures i lliures d&#8217;agressions<\/strong><\/p>\n\n\n\n<p><strong>L&#8217;Ajuntament mant\u00e9 tamb\u00e9 actiu el Punt Violeta virtual amb informaci\u00f3 i recursos disponibles les 24 hores<\/strong><\/p>\n\n\n\n<p>L&#8217;Ajuntament de Torrent, a trav\u00e9s de la Casa de la Dona, instal\u00b7lar\u00e0 novament Punts Violeta durant les Falles 2026 amb l&#8217;objectiu d&#8217;informar, sensibilitzar i previndre les agressions sexistes en els espais p\u00fablics d&#8217;oci i celebraci\u00f3. La iniciativa s&#8217;emmarca dins de les pol\u00edtiques municipals d&#8217;igualtat i del comprom\u00eds del consistori amb la toler\u00e0ncia zero enfront de qualsevol forma de viol\u00e8ncia contra les dones.<\/p>\n\n\n\n<p>En concret, els Punts Violeta estaran instal\u00b7lats els dies 14 i 16 de mar\u00e7 en horari de 10.30 a 13.30 hores a la porta de l&#8217;edifici Metre (EMAT), en l&#8217;Avinguda al Vedat, un lloc de gran aflu\u00e8ncia de persones durant les festes falleres.<\/p>\n\n\n\n<p>Durant estes jornades, personal especialitzat oferir\u00e0 informaci\u00f3 i assessorament a la ciutadania, a m\u00e9s de repartir material divulgatiu i realitzar accions de sensibilitzaci\u00f3 dirigides a fomentar el respecte i la conviv\u00e8ncia en l&#8217;espai p\u00fablic.<\/p>\n\n\n\n<p><strong>Informaci\u00f3, prevenci\u00f3 i sensibilitzaci\u00f3 en ple centre de la ciutat<\/strong><\/p>\n\n\n\n<p>Els Punts Violeta estan concebuts com a espais de refer\u00e8ncia durant les festes, on qualsevol persona pot informar-se sobre com detectar situacions d&#8217;assetjament o viol\u00e8ncia sexista i com actuar davant elles. A m\u00e9s, constitu\u00efxen un instrument fonamental per a promoure una cultura festiva basada en la igualtat i el respecte.<\/p>\n\n\n\n<p>En este sentit, des de la Casa de la Dona s&#8217;han preparat diferents materials informatius i educatius dissenyats espec\u00edficament per a esta campanya, entre els quals destaquen:<\/p>\n\n\n\n<p>\u2022&nbsp;&nbsp;&nbsp;&nbsp;&nbsp;&nbsp;&nbsp; Fullets informatius sobre prevenci\u00f3 d&#8217;agressions sexistes.<\/p>\n\n\n\n<p>\u2022&nbsp;&nbsp;&nbsp;&nbsp;&nbsp;&nbsp;&nbsp; Material divulgatiu contra la ciberviolencia.<\/p>\n\n\n\n<p>\u2022&nbsp;&nbsp;&nbsp;&nbsp;&nbsp;&nbsp;&nbsp; Mocadors fallers amb el lema \u201cDe festa amb respecte\u201d.<\/p>\n\n\n\n<p>\u2022&nbsp;&nbsp;&nbsp;&nbsp;&nbsp;&nbsp;&nbsp; Xapes amb el missatge \u201cPer unixes festes lliures d\u2019agressions sexistes\u201d.<\/p>\n\n\n\n<p>\u2022&nbsp;&nbsp;&nbsp;&nbsp;&nbsp;&nbsp;&nbsp; Adhesius amb missatges de sensibilitzaci\u00f3.<\/p>\n\n\n\n<p>\u2022&nbsp;&nbsp;&nbsp;&nbsp;&nbsp;&nbsp;&nbsp; Jocs educatius com el joc de cartes \u201cPatri-Arquejat\u201d.<\/p>\n\n\n\n<p>\u2022&nbsp;&nbsp;&nbsp;&nbsp;&nbsp;&nbsp;&nbsp; Activitats infantils des dels 4 anys amb el joc \u201cFestes per la igualtat\u201d, destinat a promoure valors d&#8217;igualtat entre els m\u00e9s xicotets.<\/p>\n\n\n\n<p>Estes activitats busquen implicar a tota la ciutadania, des dels m\u00e9s j\u00f3vens fins als adults, en la construcci\u00f3 d&#8217;unes festes on la diversi\u00f3 vaja sempre acompanyada de respecte i responsabilitat.<\/p>\n\n\n\n<p><strong>Un comprom\u00eds municipal amb unes festes segures<\/strong><\/p>\n\n\n\n<p>La regidora d&#8217;Igualtat i Dona, Amparo Chust, ha subratllat la import\u00e0ncia d&#8217;esta mena d&#8217;iniciatives per a continuar avan\u00e7ant en la prevenci\u00f3 de la viol\u00e8ncia contra les dones en contextos festius.<\/p>\n\n\n\n<p>Segons ha assenyalat Chust, <strong>\u201cles Falles s\u00f3n un dels moments m\u00e9s importants de l&#8217;any per a la nostra ciutat, i des de l&#8217;Ajuntament volem que totes les persones puguen gaudir d&#8217;elles amb llibertat i seguretat. Els Punts Violeta s\u00f3n una ferramenta fonamental per a informar, sensibilitzar i recordar que a Torrent no hi ha lloc per a les agressions sexistes\u201d.<\/strong><\/p>\n\n\n\n<p>La regidora ha afegit que <strong>\u201cdes de la Casa de la Dona continuem treballant perqu\u00e8 la igualtat i el respecte formen part tamb\u00e9 de les nostres celebracions. Per aix\u00f2 impulsem campanyes de prevenci\u00f3, materials educatius i espais d&#8217;informaci\u00f3 que ajuden a conscienciar a la ciutadania, especialment en contextos de gran aflu\u00e8ncia com les Falles\u201d.<\/strong><\/p>\n\n\n\n<p><strong>Punt Violeta virtual durant tot l&#8217;any<\/strong><\/p>\n\n\n\n<p>A m\u00e9s del servici presencial durant les festes, l&#8217;Ajuntament mant\u00e9 actiu el Punt Violeta virtual, disponible a trav\u00e9s de la web municipal, <a href=\"https:\/\/torrent.es\/punto-violeta\/\" target=\"_blank\" rel=\"noopener\">https:\/\/torrent.es\/punto-violeta\/<\/a> , durant tot l&#8217;any. Este recurs oferix informaci\u00f3 especialitzada, orientaci\u00f3 i materials de prevenci\u00f3 accessibles les 24 hores del dia.<\/p>\n\n\n\n<p>Amb esta iniciativa, el consistori continua refor\u00e7ant la seua estrat\u00e8gia de sensibilitzaci\u00f3 i prevenci\u00f3 enfront de la viol\u00e8ncia de g\u00e8nere, impulsant accions que promoguen unes festes inclusives, segures i basades en el respecte per a tota la ciutadania.<\/p>\n\n\n\n<p>D&#8217;esta manera, Torrent torna a apostar per la instal\u00b7laci\u00f3 d&#8217;estos espais informatius durant les seues celebracions m\u00e9s multitudin\u00e0ries, consolidant una l\u00ednia d&#8217;actuaci\u00f3 que busca garantir que la conviv\u00e8ncia, la igualtat i la seguretat formen part tamb\u00e9 de l&#8217;esperit festiu de la ciutat.<\/p>\n\n\n\n<figure class=\"wp-block-image size-large\"><img fetchpriority=\"high\" decoding=\"async\" width=\"1024\" height=\"683\" src=\"https:\/\/infotorrent.es\/wp-content\/uploads\/2026\/03\/2-10-1024x683.jpg\" alt=\"\" class=\"wp-image-93726\" srcset=\"https:\/\/infotorrent.es\/wp-content\/uploads\/2026\/03\/2-10-1024x683.jpg 1024w, https:\/\/infotorrent.es\/wp-content\/uploads\/2026\/03\/2-10-300x200.jpg 300w, https:\/\/infotorrent.es\/wp-content\/uploads\/2026\/03\/2-10-768x512.jpg 768w, https:\/\/infotorrent.es\/wp-content\/uploads\/2026\/03\/2-10.jpg 1080w\" sizes=\"(max-width: 1024px) 100vw, 1024px\" \/><\/figure>\n\n\n\n<figure class=\"wp-block-image size-large\"><img decoding=\"async\" width=\"1024\" height=\"675\" src=\"https:\/\/infotorrent.es\/wp-content\/uploads\/2026\/03\/1-9-1024x675.jpg\" alt=\"\" class=\"wp-image-93729\" srcset=\"https:\/\/infotorrent.es\/wp-content\/uploads\/2026\/03\/1-9-1024x675.jpg 1024w, https:\/\/infotorrent.es\/wp-content\/uploads\/2026\/03\/1-9-300x198.jpg 300w, https:\/\/infotorrent.es\/wp-content\/uploads\/2026\/03\/1-9-768x506.jpg 768w, https:\/\/infotorrent.es\/wp-content\/uploads\/2026\/03\/1-9.jpg 1080w\" sizes=\"(max-width: 1024px) 100vw, 1024px\" \/><\/figure>\n","protected":false},"excerpt":{"rendered":"<p>La iniciativa impulsada per la Casa de la Dona oferir\u00e0 informaci\u00f3, sensibilitzaci\u00f3 i materials educatius per a promoure unes festes segures i lliures d&#8217;agressions L&#8217;Ajuntament mant\u00e9 tamb\u00e9 actiu el Punt Violeta virtual amb informaci\u00f3 i recursos disponibles les 24 hores L&#8217;Ajuntament de Torrent, a trav\u00e9s de la Casa de la Dona, instal\u00b7lar\u00e0 novament Punts Violeta [&hellip;]<\/p>\n","protected":false},"author":20,"featured_media":93728,"comment_status":"open","ping_status":"open","sticky":false,"template":"","format":"standard","meta":{"_acf_changed":false,"footnotes":""},"categories":[1162,1232,152],"tags":[],"class_list":["post-93725","post","type-post","status-publish","format-standard","has-post-thumbnail","hentry","category-casa-de-la-dona-ca","category-dona-2","category-igualtat"],"acf":[],"_links":{"self":[{"href":"https:\/\/infotorrent.es\/ca\/wp-json\/wp\/v2\/posts\/93725","targetHints":{"allow":["GET"]}}],"collection":[{"href":"https:\/\/infotorrent.es\/ca\/wp-json\/wp\/v2\/posts"}],"about":[{"href":"https:\/\/infotorrent.es\/ca\/wp-json\/wp\/v2\/types\/post"}],"author":[{"embeddable":true,"href":"https:\/\/infotorrent.es\/ca\/wp-json\/wp\/v2\/users\/20"}],"replies":[{"embeddable":true,"href":"https:\/\/infotorrent.es\/ca\/wp-json\/wp\/v2\/comments?post=93725"}],"version-history":[{"count":1,"href":"https:\/\/infotorrent.es\/ca\/wp-json\/wp\/v2\/posts\/93725\/revisions"}],"predecessor-version":[{"id":93731,"href":"https:\/\/infotorrent.es\/ca\/wp-json\/wp\/v2\/posts\/93725\/revisions\/93731"}],"wp:featuredmedia":[{"embeddable":true,"href":"https:\/\/infotorrent.es\/ca\/wp-json\/wp\/v2\/media\/93728"}],"wp:attachment":[{"href":"https:\/\/infotorrent.es\/ca\/wp-json\/wp\/v2\/media?parent=93725"}],"wp:term":[{"taxonomy":"category","embeddable":true,"href":"https:\/\/infotorrent.es\/ca\/wp-json\/wp\/v2\/categories?post=93725"},{"taxonomy":"post_tag","embeddable":true,"href":"https:\/\/infotorrent.es\/ca\/wp-json\/wp\/v2\/tags?post=93725"}],"curies":[{"name":"wp","href":"https:\/\/api.w.org\/{rel}","templated":true}]}}