{"id":9372,"date":"2018-03-19T08:36:00","date_gmt":"2018-03-19T08:36:00","guid":{"rendered":"https:\/\/infotorrent.es\/uncategorized\/torrent-homenatja-al-granerer-en-la-festivitat-de-sant-josep\/"},"modified":"2018-03-19T08:36:00","modified_gmt":"2018-03-19T08:36:00","slug":"torrent-homenatja-al-granerer-en-la-festivitat-de-sant-josep","status":"publish","type":"post","link":"https:\/\/infotorrent.es\/ca\/noticies\/torrent-homenatja-al-granerer-en-la-festivitat-de-sant-josep\/","title":{"rendered":"Torrent homenatja al Granerer en la festivitat de Sant Josep"},"content":{"rendered":"<p style=\"text-align: justify;\"><strong>Milers de clavells blancs, rojos i rosa formen el mantell de la Geperdueta a l\u2019ofrena de Torrent<\/strong><\/p>\n<p style=\"text-align: justify;\">La ciutat de Torrent va viure el dissabte la primera jornada dels actes m\u00e9s emotius de la ciutat, l\u2019ofrena a la Mare de D\u00e9u dels Desamparats. Mirant al cel, els torrentins i torrentines vestien les seues millors vestimentes i la pluja va donar una treva perqu\u00e8 l\u2019acte transcorreguera amb normalitat.<\/p>\n<p style=\"text-align: justify;\">La primera ofrena va ser iniciada per la fallera Major de Torrent, M\u00aaJes\u00fas Rinc\u00f3n acompanyada per la seua Cort d\u2019Honor, en la que van participar les seg\u00fcents comissions: La Pla\u00e7a de la Conc\u00f2rdia, El Mol\u00ed, Avinguda Reina Sof\u00eda, Lope de Rueda, Sant Valeri\u00e0, Nicolau Andreu, Sant Gregori, Barri Cotxera, Sants Patrons, Carrer Toledo, Poble Nou, Antoni Pardo i La Pla\u00e7a.<\/p>\n<p style=\"text-align: justify;\"><a href=\"https:\/\/www.infotorrent.es\/wp-content\/uploads\/2018\/03\/26009569637_bcfdab5db4_z.jpg\"><img fetchpriority=\"high\" decoding=\"async\" class=\"wp-image-11846 aligncenter\" src=\"https:\/\/www.infotorrent.es\/wp-content\/uploads\/2018\/03\/26009569637_bcfdab5db4_z.jpg\" alt=\"\" width=\"499\" height=\"333\" \/><\/a><\/p>\n<p style=\"text-align: justify;\">L\u2019acte va finalitzar amb l\u2019entrega del ram de la fallera major infantil, Alexia Manzano, que acompanyada per la seua Cort d\u2019Honor van retre homenatge a la Geperudeta a l\u2019arribada a la pla\u00e7a de l\u2019Esgl\u00e9sia.<\/p>\n<p style=\"text-align: justify;\">La vesprada d\u2019ahir els fallers i falleres de la ciutat van completar el mantell de la Geperudeta fent l\u2019ofrena de clavells rojos, blancs i rosa que, una vegada entregats als \u201cvestidors\u201d, van confeccionar el bonic mantell de la patrona de tots el valencians. L\u2019ofrena va ser iniciada per la fallera major infantil, Alexia, acompanyada per la seua Cort d\u2019Honor i van participar les comissions: \u00c0ngel de l\u2019Alc\u00e0sser, Escultor Vicent Pallard\u00f3, Parc de Tr\u00e8nor, Cronista Vicent Beguer i Esteve, Santa Ll\u00facia, Cam\u00ed Reial, Sant Amador i Espartero, Xenillet- Bandera Valenciana, Carrer Benem\u00e8rita Gu\u00e0rdia Civil, Pare M\u00e9ndez, Sant Roc, Ram\u00f3n y Cajal, Sedav\u00ed, Avinguda i Zaragoza \u2013 Parc Central.<\/p>\n<p style=\"text-align: justify;\"><a href=\"https:\/\/www.infotorrent.es\/wp-content\/uploads\/2018\/03\/Ofrena-Torrent-3-Copy.jpg\"><img decoding=\"async\" class=\"wp-image-11813 aligncenter\" src=\"https:\/\/www.infotorrent.es\/wp-content\/uploads\/2018\/03\/Ofrena-Torrent-3-Copy.jpg\" alt=\"\" width=\"510\" height=\"340\" \/><\/a><\/p>\n<p style=\"text-align: justify;\">La fallera major de Torrent, M\u00aa Jes\u00fas Rinc\u00f3n, va clausurar l&#8217;acte acompanyada per la seua Cort d\u2019Honor i fent entrega del seu ram. Acte seguit, el cel de la ciutat va lluir amb un gran espectacle pirot\u00e8cnic que va posar el fermall a estes dos jornades tant emotives. Les ll\u00e0grimes d\u2019alegria i emoci\u00f3 recorrien els rostres de les falleres i fallers en estes dues jornades i tamb\u00e9 de les representants de les cases regionals de Torrent, que enguany han participat per primera vegada obrint junt amb la fallera major infantil la segona ofrena.<\/p>\n<p style=\"text-align: justify;\"><a href=\"https:\/\/www.infotorrent.es\/wp-content\/uploads\/2018\/03\/26030211957_5011825b7d_z.jpg\"><img decoding=\"async\" class=\"wp-image-11817 aligncenter\" src=\"https:\/\/www.infotorrent.es\/wp-content\/uploads\/2018\/03\/26030211957_5011825b7d_z.jpg\" alt=\"\" width=\"501\" height=\"335\" \/><\/a><\/p>\n<p style=\"text-align: justify;\">Este mat\u00ed, Torrent celebra la festivitat de Sant Josep i l\u2019\u00faltim dia de la setmana fallera, la jornada ha comen\u00e7at a les 12h amb la missa en la parr\u00f2quia de Sant Josep, a continuaci\u00f3 les falleres majors, M\u00aa Jes\u00fas Rinc\u00f3n i Alexia Manzano acompanyades de les seues corts d&#8217;honor han realitzat el tradicional homenatge al Granerer a la pla\u00e7a de les Corts Valencianes. Seguidament han gaudit de l&#8217;\u00faltima masclet\u00e0 a c\u00e0rrec de la pirot\u00e8ncia Germans Caballer.<\/p>\n<p style=\"text-align: justify;\">Els 58 monuments es cremaran al llarg d&#8217;esta nit ficant punt final a una setmana plena d&#8217;emoci\u00f3 on la m\u00e0gia i el treball de tot un any es convertir\u00e0 en cendres fins l&#8217;any seg\u00fcent.<\/p>\n<p style=\"text-align: justify;\">A les 21.00 hores es cremar\u00e0 el monument infantil de la falla Antoni Pardo, guanyador de la secci\u00f3 especial, en pres\u00e8ncia de la fallera major infantil, Alexia Manzano, i la seua cort juntament amb els m\u00e0xims representants infantils de la comissi\u00f3. A les 01.00 hores ser\u00e0 el torn del monument major guanyador de secci\u00f3 especial de la mateixa falla. M\u00aa Jes\u00fas Rinc\u00f3n i la seua cort d&#8217;honor acompanyar\u00e0 als fallers i falleres de la comissi\u00f3 en l&#8217;ep\u00edleg de la festa fallera.<\/p>\n<p style=\"text-align: justify;\"><strong>\u00a0<\/strong><\/p>\n","protected":false},"excerpt":{"rendered":"<p>Milers de clavells blancs, rojos i rosa formen el mantell de la Geperdueta a l\u2019ofrena de Torrent La ciutat de Torrent va viure el dissabte la primera jornada dels actes m\u00e9s emotius de la ciutat, l\u2019ofrena a la Mare de D\u00e9u dels Desamparats. Mirant al cel, els torrentins i torrentines vestien les seues millors vestimentes [&hellip;]<\/p>\n","protected":false},"author":13,"featured_media":9374,"comment_status":"closed","ping_status":"open","sticky":false,"template":"","format":"standard","meta":{"_acf_changed":false,"footnotes":""},"categories":[156,116],"tags":[873],"class_list":["post-9372","post","type-post","status-publish","format-standard","has-post-thumbnail","hentry","category-festes-i-tradicions-2","category-noticies","tag-fallesfalles-2018"],"acf":[],"_links":{"self":[{"href":"https:\/\/infotorrent.es\/ca\/wp-json\/wp\/v2\/posts\/9372","targetHints":{"allow":["GET"]}}],"collection":[{"href":"https:\/\/infotorrent.es\/ca\/wp-json\/wp\/v2\/posts"}],"about":[{"href":"https:\/\/infotorrent.es\/ca\/wp-json\/wp\/v2\/types\/post"}],"author":[{"embeddable":true,"href":"https:\/\/infotorrent.es\/ca\/wp-json\/wp\/v2\/users\/13"}],"replies":[{"embeddable":true,"href":"https:\/\/infotorrent.es\/ca\/wp-json\/wp\/v2\/comments?post=9372"}],"version-history":[{"count":0,"href":"https:\/\/infotorrent.es\/ca\/wp-json\/wp\/v2\/posts\/9372\/revisions"}],"wp:featuredmedia":[{"embeddable":true,"href":"https:\/\/infotorrent.es\/ca\/wp-json\/wp\/v2\/media\/9374"}],"wp:attachment":[{"href":"https:\/\/infotorrent.es\/ca\/wp-json\/wp\/v2\/media?parent=9372"}],"wp:term":[{"taxonomy":"category","embeddable":true,"href":"https:\/\/infotorrent.es\/ca\/wp-json\/wp\/v2\/categories?post=9372"},{"taxonomy":"post_tag","embeddable":true,"href":"https:\/\/infotorrent.es\/ca\/wp-json\/wp\/v2\/tags?post=9372"}],"curies":[{"name":"wp","href":"https:\/\/api.w.org\/{rel}","templated":true}]}}