{"id":93700,"date":"2026-03-13T13:00:10","date_gmt":"2026-03-13T12:00:10","guid":{"rendered":"https:\/\/infotorrent.es\/?p=93700"},"modified":"2026-03-13T13:00:19","modified_gmt":"2026-03-13T12:00:19","slug":"torrent-celebra-el-50-aniversari-dels-jocs-florals-de-la-falla-ramon-y-cajal-amb-el-lliurament-de-premis-de-la-seua-historica-cita-literaria","status":"publish","type":"post","link":"https:\/\/infotorrent.es\/ca\/cultura-es-2\/torrent-celebra-el-50-aniversari-dels-jocs-florals-de-la-falla-ramon-y-cajal-amb-el-lliurament-de-premis-de-la-seua-historica-cita-literaria\/","title":{"rendered":"Torrent celebra el 50 aniversari dels Jocs Florals de la Falla Ram\u00f3n y Cajal amb el lliurament de premis de la seua hist\u00f2rica cita liter\u00e0ria"},"content":{"rendered":"\n<p><strong>El casal de la comissi\u00f3 va acollir la clausura dels L Jocs Florals Fallers de Torrent i dels XLII Jocs Florals Infantils<\/strong><\/p>\n\n\n\n<p><strong>L&#8217;alcaldessa destaca que este certamen \u201c\u00e9s la mem\u00f2ria escrita del sentiment faller de Torrent\u201d<\/strong><\/p>\n\n\n\n<p>El casal de la Falla Ram\u00f3n y Cajal va acollir en la nit d&#8217;ahir l&#8217;acte de clausura i lliurament de premis dels L Jocs Florals Fallers de Torrent i dels XLII Jocs Florals Infantils, una de les cites culturals m\u00e9s emblem\u00e0tiques del calendari faller de la ciutat, que enguany va celebrar el seu 50 aniversari consolidant-se com un referent de la poesia fallera i de la promoci\u00f3 de la llengua valenciana.<\/p>\n\n\n\n<p>L&#8217;acte va reunir nombrosos fallers i falleres de la comissi\u00f3, aix\u00ed com a representants del m\u00f3n faller i cultural de la ciutat. Van assistir, entre altres, el regidor de Falles, Cultura i president de Junta Local Fallera, Aitor S\u00e1nchez, membres de l&#8217;equip de govern i del consistori, les Falleres Majors de Torrent 2026, Andrea Adelantado i Sara Mag\u00e1n, al costat de les seues Corts d&#8217;Honor, acompanyades per la Fallera Major de la comissi\u00f3, Marta Requena, i la Fallera Major Infantil, Valeria Andr\u00e9s, a m\u00e9s dels presidents de la falla Mar\u00eda Andreu, Jos\u00e9 Requena, Javi Hern\u00e1ndez i Ra\u00fal Mil.<\/p>\n\n\n\n<p>Durant la vetlada es va procedir a la lectura de la decisi\u00f3 del jurat i al lliurament dels guardons d&#8217;esta edici\u00f3, en la qual es van presentar 17 poesies en la categoria de majors i un total d&#8217;11 treballs en la categoria infantil, distribu\u00efts en dos categories A i B.<\/p>\n\n\n\n<p>El jurat d&#8217;esta edici\u00f3 va estar compost per Aitor S\u00e1nchez, Sonia Esteso (en substituci\u00f3 per indisposici\u00f3 d&#8217;Alfred Dom\u00ednguez), Guillermo Boix, Pepe Royo, Pepe Veiga i Lola Maeso, els qui van valorar la qualitat liter\u00e0ria i el sentiment faller de les obres presentades.<\/p>\n\n\n\n<p><strong>Guanyadors de l&#8217;edici\u00f3 2026<\/strong><\/p>\n\n\n\n<p>En la categoria infantil, els premis van recaure en els seg\u00fcents treballs:<\/p>\n\n\n\n<p>Categoria A<\/p>\n\n\n\n<p>1r premi: \u201cLa p\u00f3lvora que ens unix\u201d<\/p>\n\n\n\n<p>2n premi: \u201cEl meu somni faller\u201d<\/p>\n\n\n\n<p>Categoria B<\/p>\n\n\n\n<p>1r premi: \u201cSentits Fallers\u201d<\/p>\n\n\n\n<p>2n premi: \u201cCor de Fallera\u201d<\/p>\n\n\n\n<p>3r premi: \u201cLa Meua Companya\u201d<\/p>\n\n\n\n<p>En la categoria de majors, els treballs premiats van ser:<\/p>\n\n\n\n<p>1. \u201cTorrent (Fe, P\u00e0tria i Amor)\u201d<\/p>\n\n\n\n<p>2. \u201cDels poetes, la m\u00e0gica flor\u201d<\/p>\n\n\n\n<p>3. \u201cUn oblit que fa tremolar\u201d<\/p>\n\n\n\n<p><strong>Mig segle de poesia fallera<\/strong><\/p>\n\n\n\n<p>Durant l&#8217;acte va intervindre l&#8217;alcaldessa de Torrent, Amparo Folgado, qui va voler destacar el valor cultural d&#8217;este certamen literari que, durant cinc d\u00e8cades, ha contribu\u00eft a mantindre viva la tradici\u00f3 po\u00e8tica vinculada a les Falles.<\/p>\n\n\n\n<p>L&#8217;alcaldessa va subratllar que els Jocs Florals de la Falla Ram\u00f3n y Cajal representen molt m\u00e9s que un concurs literari, <strong>\u201cels Jocs Florals s\u00f3n la mem\u00f2ria escrita del sentiment faller de Torrent. En els seus versos trobem la plant\u00e0, la crem\u00e0, l&#8217;ofrena, la p\u00f3lvora, el ninot i l&#8217;orgull de ser fallers\u201d.<\/strong><\/p>\n\n\n\n<p>Folgado va recordar tamb\u00e9 l&#8217;origen d&#8217;este certamen, impulsat en els anys setanta per fallers compromesos amb la cultura i la llengua valenciana, <strong>\u201cva haver-hi fallers que van entendre que una festa que no pensa, que no escriu i que no reflexiona \u00e9s una festa incompleta. Gr\u00e0cies a eixe esperit van n\u00e0ixer estos Jocs Florals, que hui celebren mig segle d&#8217;hist\u00f2ria\u201d.<\/strong><\/p>\n\n\n\n<p>En la seua intervenci\u00f3, l&#8217;alcaldessa va voler recon\u00e9ixer especialment a Joaquim \u201cJoaqui\u201d Requena, impulsor del certamen, i al poeta Andr\u00e9s Andreu, figures fonamentals en el naixement i consolidaci\u00f3 d&#8217;esta iniciativa cultural.<\/p>\n\n\n\n<p><strong>Homenatge a Joaquim \u201cChimo\u201d Requena<\/strong><\/p>\n\n\n\n<p>La vetlada va tindre tamb\u00e9 un dels seus moments m\u00e9s emotius amb l&#8217;homenatge dedicat a Joaquim \u201cChimo\u201d Requena, figura clau en la hist\u00f2ria dels Jocs Florals i un dels principals impulsors d&#8217;este certamen literari des dels seus or\u00edgens. Requena, que a m\u00e9s va exercir com a presentador i conductor de la gala, va rebre el reconeixement i el carinyo de la comissi\u00f3 i dels assistents per la seua llarga traject\u00f2ria i dedicaci\u00f3 a esta iniciativa cultural.<\/p>\n\n\n\n<p>Al llarg de les d\u00e8cades, Chimo Requena ha sigut una de les \u00e0nimes d&#8217;este projecte, contribuint de manera decisiva a mantindre viva la tradici\u00f3 dels Jocs Florals i a consolidar-los com una cita imprescindible dins del calendari faller i cultural de Torrent.<\/p>\n\n\n\n<p>L&#8217;homenatge va voler recon\u00e9ixer precisament el seu comprom\u00eds amb la cultura, la llengua valenciana i la poesia fallera, aix\u00ed com el seu paper fonamental perqu\u00e8 este certamen haja aconseguit hui el mig segle d&#8217;hist\u00f2ria.<\/p>\n\n\n\n<p><strong>Un llegat cultural per a les noves generacions<\/strong><\/p>\n\n\n\n<p>L&#8217;alcaldessa va posar en valor tamb\u00e9 el paper dels Jocs Florals Infantils, que enguany celebren el seu 42 aniversari, destacant la seua import\u00e0ncia per a acostar als m\u00e9s j\u00f3vens a l&#8217;escriptura i al valenci\u00e0, \u201cestos Jocs Florals infantils van n\u00e0ixer per a inculcar als m\u00e9s xicotets l&#8217;amor per la llengua valenciana i per la poesia fallera, permetent que xiquets i xiquetes cresquen dins d&#8217;esta tradici\u00f3 cultural\u201d.<\/p>\n\n\n\n<p>Folgado va destacar a m\u00e9s la qualitat i el prestigi del jurat que, edici\u00f3 rere edici\u00f3, ha garantit el rigor i la independ\u00e8ncia del certamen.<\/p>\n\n\n\n<p><strong>Cultura i tradici\u00f3 en la Setmana Cultural de la comissi\u00f3<\/strong><\/p>\n\n\n\n<p>L&#8217;acte de lliurament de premis s&#8217;emmarca dins de la Setmana Cultural de la Falla Ram\u00f3n y Cajal, una programaci\u00f3 que cada any refor\u00e7a el car\u00e0cter cultural de la comissi\u00f3 i el seu comprom\u00eds amb la promoci\u00f3 de la llengua valenciana i la literatura fallera.<\/p>\n\n\n\n<p>Amb cinquanta anys d&#8217;hist\u00f2ria, els Jocs Florals de la Falla Ram\u00f3n y Cajal s&#8217;han consolidat com un dels cert\u00e0mens literaris fallers m\u00e9s importants de Torrent, reunint cada any a fallers i falleres que troben en la poesia una manera d&#8217;expressar el sentiment faller i la identitat cultural de la ciutat.<\/p>\n\n\n\n<figure class=\"wp-block-image size-large\"><img fetchpriority=\"high\" decoding=\"async\" width=\"1024\" height=\"682\" src=\"https:\/\/infotorrent.es\/wp-content\/uploads\/2026\/03\/2-8-1024x682.jpg\" alt=\"\" class=\"wp-image-93701\" srcset=\"https:\/\/infotorrent.es\/wp-content\/uploads\/2026\/03\/2-8-1024x682.jpg 1024w, https:\/\/infotorrent.es\/wp-content\/uploads\/2026\/03\/2-8-300x200.jpg 300w, https:\/\/infotorrent.es\/wp-content\/uploads\/2026\/03\/2-8-768x512.jpg 768w, https:\/\/infotorrent.es\/wp-content\/uploads\/2026\/03\/2-8.jpg 1487w\" sizes=\"(max-width: 1024px) 100vw, 1024px\" \/><\/figure>\n\n\n\n<figure class=\"wp-block-gallery has-nested-images columns-default is-cropped wp-block-gallery-1 is-layout-flex wp-block-gallery-is-layout-flex\">\n<figure class=\"wp-block-image size-large\"><img decoding=\"async\" width=\"1024\" height=\"682\" data-id=\"93705\" src=\"https:\/\/infotorrent.es\/wp-content\/uploads\/2026\/03\/5-6-1024x682.jpg\" alt=\"\" class=\"wp-image-93705\" srcset=\"https:\/\/infotorrent.es\/wp-content\/uploads\/2026\/03\/5-6-1024x682.jpg 1024w, https:\/\/infotorrent.es\/wp-content\/uploads\/2026\/03\/5-6-300x200.jpg 300w, https:\/\/infotorrent.es\/wp-content\/uploads\/2026\/03\/5-6-768x512.jpg 768w, https:\/\/infotorrent.es\/wp-content\/uploads\/2026\/03\/5-6-1536x1023.jpg 1536w, https:\/\/infotorrent.es\/wp-content\/uploads\/2026\/03\/5-6.jpg 1600w\" sizes=\"(max-width: 1024px) 100vw, 1024px\" \/><\/figure>\n\n\n\n<figure class=\"wp-block-image size-large\"><img decoding=\"async\" width=\"1024\" height=\"682\" data-id=\"93703\" src=\"https:\/\/infotorrent.es\/wp-content\/uploads\/2026\/03\/4-8-1024x682.jpg\" alt=\"\" class=\"wp-image-93703\" srcset=\"https:\/\/infotorrent.es\/wp-content\/uploads\/2026\/03\/4-8-1024x682.jpg 1024w, https:\/\/infotorrent.es\/wp-content\/uploads\/2026\/03\/4-8-300x200.jpg 300w, https:\/\/infotorrent.es\/wp-content\/uploads\/2026\/03\/4-8-768x512.jpg 768w, https:\/\/infotorrent.es\/wp-content\/uploads\/2026\/03\/4-8-1536x1023.jpg 1536w, https:\/\/infotorrent.es\/wp-content\/uploads\/2026\/03\/4-8.jpg 1600w\" sizes=\"(max-width: 1024px) 100vw, 1024px\" \/><\/figure>\n<\/figure>\n\n\n\n<figure class=\"wp-block-gallery has-nested-images columns-default is-cropped wp-block-gallery-2 is-layout-flex wp-block-gallery-is-layout-flex\">\n<figure class=\"wp-block-image size-large\"><img loading=\"lazy\" decoding=\"async\" width=\"1024\" height=\"682\" data-id=\"93707\" src=\"https:\/\/infotorrent.es\/wp-content\/uploads\/2026\/03\/3-10-1024x682.jpg\" alt=\"\" class=\"wp-image-93707\" srcset=\"https:\/\/infotorrent.es\/wp-content\/uploads\/2026\/03\/3-10-1024x682.jpg 1024w, https:\/\/infotorrent.es\/wp-content\/uploads\/2026\/03\/3-10-300x200.jpg 300w, https:\/\/infotorrent.es\/wp-content\/uploads\/2026\/03\/3-10-768x512.jpg 768w, https:\/\/infotorrent.es\/wp-content\/uploads\/2026\/03\/3-10-1536x1023.jpg 1536w, https:\/\/infotorrent.es\/wp-content\/uploads\/2026\/03\/3-10.jpg 1600w\" sizes=\"(max-width: 1024px) 100vw, 1024px\" \/><\/figure>\n<\/figure>\n\n\n\n<figure class=\"wp-block-gallery has-nested-images columns-default is-cropped wp-block-gallery-3 is-layout-flex wp-block-gallery-is-layout-flex\">\n<figure class=\"wp-block-image size-large\"><img loading=\"lazy\" decoding=\"async\" width=\"1024\" height=\"682\" data-id=\"93709\" src=\"https:\/\/infotorrent.es\/wp-content\/uploads\/2026\/03\/1-7-1024x682.jpg\" alt=\"\" class=\"wp-image-93709\" srcset=\"https:\/\/infotorrent.es\/wp-content\/uploads\/2026\/03\/1-7-1024x682.jpg 1024w, https:\/\/infotorrent.es\/wp-content\/uploads\/2026\/03\/1-7-300x200.jpg 300w, https:\/\/infotorrent.es\/wp-content\/uploads\/2026\/03\/1-7-768x512.jpg 768w, https:\/\/infotorrent.es\/wp-content\/uploads\/2026\/03\/1-7-1536x1023.jpg 1536w, https:\/\/infotorrent.es\/wp-content\/uploads\/2026\/03\/1-7.jpg 1600w\" sizes=\"(max-width: 1024px) 100vw, 1024px\" \/><\/figure>\n\n\n\n<figure class=\"wp-block-image size-large\"><img loading=\"lazy\" decoding=\"async\" width=\"1024\" height=\"682\" data-id=\"93711\" src=\"https:\/\/infotorrent.es\/wp-content\/uploads\/2026\/03\/6-7-1024x682.jpg\" alt=\"\" class=\"wp-image-93711\" srcset=\"https:\/\/infotorrent.es\/wp-content\/uploads\/2026\/03\/6-7-1024x682.jpg 1024w, https:\/\/infotorrent.es\/wp-content\/uploads\/2026\/03\/6-7-300x200.jpg 300w, https:\/\/infotorrent.es\/wp-content\/uploads\/2026\/03\/6-7-768x512.jpg 768w, https:\/\/infotorrent.es\/wp-content\/uploads\/2026\/03\/6-7-1536x1023.jpg 1536w, https:\/\/infotorrent.es\/wp-content\/uploads\/2026\/03\/6-7.jpg 1600w\" sizes=\"(max-width: 1024px) 100vw, 1024px\" \/><\/figure>\n<\/figure>\n","protected":false},"excerpt":{"rendered":"<p>El casal de la comissi\u00f3 va acollir la clausura dels L Jocs Florals Fallers de Torrent i dels XLII Jocs Florals Infantils L&#8217;alcaldessa destaca que este certamen \u201c\u00e9s la mem\u00f2ria escrita del sentiment faller de Torrent\u201d El casal de la Falla Ram\u00f3n y Cajal va acollir en la nit d&#8217;ahir l&#8217;acte de clausura i lliurament [&hellip;]<\/p>\n","protected":false},"author":20,"featured_media":93713,"comment_status":"open","ping_status":"open","sticky":false,"template":"","format":"standard","meta":{"_acf_changed":false,"footnotes":""},"categories":[141,126,1171],"tags":[],"class_list":["post-93700","post","type-post","status-publish","format-standard","has-post-thumbnail","hentry","category-alcaldia-2","category-cultura-es-2","category-fallas-ca"],"acf":[],"_links":{"self":[{"href":"https:\/\/infotorrent.es\/ca\/wp-json\/wp\/v2\/posts\/93700","targetHints":{"allow":["GET"]}}],"collection":[{"href":"https:\/\/infotorrent.es\/ca\/wp-json\/wp\/v2\/posts"}],"about":[{"href":"https:\/\/infotorrent.es\/ca\/wp-json\/wp\/v2\/types\/post"}],"author":[{"embeddable":true,"href":"https:\/\/infotorrent.es\/ca\/wp-json\/wp\/v2\/users\/20"}],"replies":[{"embeddable":true,"href":"https:\/\/infotorrent.es\/ca\/wp-json\/wp\/v2\/comments?post=93700"}],"version-history":[{"count":1,"href":"https:\/\/infotorrent.es\/ca\/wp-json\/wp\/v2\/posts\/93700\/revisions"}],"predecessor-version":[{"id":93714,"href":"https:\/\/infotorrent.es\/ca\/wp-json\/wp\/v2\/posts\/93700\/revisions\/93714"}],"wp:featuredmedia":[{"embeddable":true,"href":"https:\/\/infotorrent.es\/ca\/wp-json\/wp\/v2\/media\/93713"}],"wp:attachment":[{"href":"https:\/\/infotorrent.es\/ca\/wp-json\/wp\/v2\/media?parent=93700"}],"wp:term":[{"taxonomy":"category","embeddable":true,"href":"https:\/\/infotorrent.es\/ca\/wp-json\/wp\/v2\/categories?post=93700"},{"taxonomy":"post_tag","embeddable":true,"href":"https:\/\/infotorrent.es\/ca\/wp-json\/wp\/v2\/tags?post=93700"}],"curies":[{"name":"wp","href":"https:\/\/api.w.org\/{rel}","templated":true}]}}