{"id":93668,"date":"2026-03-13T12:18:36","date_gmt":"2026-03-13T11:18:36","guid":{"rendered":"https:\/\/infotorrent.es\/?p=93668"},"modified":"2026-03-13T12:21:17","modified_gmt":"2026-03-13T11:21:17","slug":"les-associacions-de-torrent-continuen-celebrant-les-seues-jornades-falleres-amb-espurna-i-el-cas-del-circulo-catolico","status":"publish","type":"post","link":"https:\/\/infotorrent.es\/ca\/alcaldia-2\/les-associacions-de-torrent-continuen-celebrant-les-seues-jornades-falleres-amb-espurna-i-el-cas-del-circulo-catolico\/","title":{"rendered":"Les associacions de Torrent continuen celebrant les seues jornades falleres amb Espurna i el CAS del C\u00edrculo Cat\u00f3lico"},"content":{"rendered":"\n<p>Les associacions i entitats socials de Torrent continuen sumant-se a la celebraci\u00f3 de les Falles amb les seues pr\u00f2pies jornades festives. Ahir va ser el torn de la Fundaci\u00f3 Espurna i del Centre d\u2019Acci\u00f3 Social (CAS) del C\u00edrculo Cat\u00f3lico de Torrent, que van viure un dia marcat per la tradici\u00f3 fallera, la conviv\u00e8ncia i la participaci\u00f3 d\u2019usuaris, familiars i representants municipals.<\/p>\n\n\n\n<h3 class=\"wp-block-heading\"><strong>Torrent celebra la Crem\u00e0 de la Falla Espurnes del centre ocupacional Espurna<\/strong><\/h3>\n\n\n\n<p>El centre ocupacional Espurna va celebrar ahir la seua jornada fallera, que va culminar amb la tradicional&nbsp;<strong>Crem\u00e0 de la Falla Espurnes<\/strong>, un monument elaborat pels mateixos xics i xiques del centre i que, sota el lema&nbsp;<strong>\u201cMarina\u201d<\/strong>, va retre homenatge al m\u00f3n de la mar.<\/p>\n\n\n\n<p>La jornada va comen\u00e7ar al mat\u00ed amb l\u2019acte d\u2019exaltaci\u00f3 dels representants de 2026, on van ser proclamats&nbsp;<strong>Francisco Cubells com a president i M. Victoria Benlloch com a Fallera Major<\/strong>. Durant l\u2019acte, el mantenidor&nbsp;<strong>Julio Garc\u00eda<\/strong>&nbsp;va dedicar unes emotives paraules als representants i a tota la fam\u00edlia d\u2019Espurna, destacant en la seua intervenci\u00f3 que&nbsp;<em>\u201cEspurna \u00e9s una nau la missi\u00f3 de la qual \u00e9s continuar acompanyant els xics i xiques en este viatge tan bonic i especial\u201d<\/em>.<\/p>\n\n\n\n<p>En el mateix acte tamb\u00e9 va tindre lloc el comiat i l\u2019agra\u00efment als representants de l\u2019any 2025,&nbsp;<strong>Amparo Estreder i Pepe Forner<\/strong>, posant aix\u00ed fi al seu regnat.<\/p>\n\n\n\n<p>Despr\u00e9s de l\u2019exaltaci\u00f3, es va celebrar la tradicional&nbsp;<strong>ofrena<\/strong>, seguida d\u2019una&nbsp;<strong>globot\u00e0<\/strong>&nbsp;que va animar l\u2019ambient festiu del mat\u00ed. Posteriorment, els participants van compartir un dinar amb&nbsp;<strong>paelles<\/strong>, continuant amb la programaci\u00f3 fallera del dia.<\/p>\n\n\n\n<p>Durant tota la jornada, l\u2019ambient festiu va estar acompanyat per la&nbsp;<strong>xaranga Els Cremaets<\/strong>, que va posar m\u00fasica i animaci\u00f3 als diferents actes celebrats.<\/p>\n\n\n\n<p>A la vesprada, la celebraci\u00f3 va concloure amb la&nbsp;<strong>Crem\u00e0 de la Falla Espurnes<\/strong>, despr\u00e9s de la qual els assistents van gaudir d\u2019un berenar de&nbsp;<strong>xocolate amb bunyols<\/strong>.<\/p>\n\n\n\n<p>A l\u2019acte d\u2019exaltaci\u00f3 van assistir els regidors de l\u2019equip de govern&nbsp;<strong>Jos\u00e9 Francisco Gozalvo, Sonia Roca, Ana Penella i Santiago Calatayud<\/strong>. Per la seua part, a la Crem\u00e0 van acudir&nbsp;<strong>l\u2019alcaldessa Amparo Folgado<\/strong>&nbsp;i&nbsp;<strong>la regidora Amparo Chust<\/strong>.<\/p>\n\n\n\n<h3 class=\"wp-block-heading\"><strong>El CAS del C\u00edrculo Cat\u00f3lico tamb\u00e9 celebra la seua jornada fallera<\/strong><\/h3>\n\n\n\n<p>A la vesprada, el&nbsp;<strong>Centre d\u2019Acci\u00f3 Social (CAS) del C\u00edrculo Cat\u00f3lico de Torrent<\/strong>&nbsp;va celebrar tamb\u00e9 la seua jornada fallera amb la&nbsp;<strong>plant\u00e0 i posterior crem\u00e0 del seu monument faller<\/strong>, elaborat pels mateixos alumnes del centre sota el lema&nbsp;<strong>\u201cEnc\u00e9n la flama dels h\u00e0bits saludables\u201d<\/strong>.<\/p>\n\n\n\n<p>La celebraci\u00f3 va incloure un&nbsp;<strong>berenar per a tots els participants<\/strong>&nbsp;i va culminar amb la tradicional&nbsp;<strong>crem\u00e0 de la falla<\/strong>, en un ambient festiu i de conviv\u00e8ncia.<\/p>\n\n\n\n<p>A l\u2019acte van acudir&nbsp;<strong>l\u2019alcaldessa Amparo Folgado<\/strong>,&nbsp;<strong>la regidora Amparo Chust<\/strong>&nbsp;i&nbsp;<strong>el regidor Jos\u00e9 Gozalvo<\/strong>, aix\u00ed com el&nbsp;<strong>president del C\u00edrculo Cat\u00f3lico, Benito Nemesio<\/strong>, que van voler acompanyar els alumnes, monitors i fam\u00edlies en esta jornada tan especial dins de les celebracions falleres de la ciutat.<\/p>\n\n\n\n<figure class=\"wp-block-gallery has-nested-images columns-default is-cropped wp-block-gallery-1 is-layout-flex wp-block-gallery-is-layout-flex\">\n<figure class=\"wp-block-image size-large\"><img fetchpriority=\"high\" decoding=\"async\" width=\"1024\" height=\"683\" data-id=\"93655\" src=\"https:\/\/infotorrent.es\/wp-content\/uploads\/2026\/03\/WhatsApp-Image-2026-03-13-at-12.10.57-1024x683.jpeg\" alt=\"\" class=\"wp-image-93655\" srcset=\"https:\/\/infotorrent.es\/wp-content\/uploads\/2026\/03\/WhatsApp-Image-2026-03-13-at-12.10.57-1024x683.jpeg 1024w, https:\/\/infotorrent.es\/wp-content\/uploads\/2026\/03\/WhatsApp-Image-2026-03-13-at-12.10.57-300x200.jpeg 300w, https:\/\/infotorrent.es\/wp-content\/uploads\/2026\/03\/WhatsApp-Image-2026-03-13-at-12.10.57-768x512.jpeg 768w, https:\/\/infotorrent.es\/wp-content\/uploads\/2026\/03\/WhatsApp-Image-2026-03-13-at-12.10.57.jpeg 1440w\" sizes=\"(max-width: 1024px) 100vw, 1024px\" \/><\/figure>\n\n\n\n<figure class=\"wp-block-image size-large\"><img decoding=\"async\" width=\"1024\" height=\"683\" data-id=\"93657\" src=\"https:\/\/infotorrent.es\/wp-content\/uploads\/2026\/03\/WhatsApp-Image-2026-03-13-at-12.08.401-1024x683.jpeg\" alt=\"\" class=\"wp-image-93657\" srcset=\"https:\/\/infotorrent.es\/wp-content\/uploads\/2026\/03\/WhatsApp-Image-2026-03-13-at-12.08.401-1024x683.jpeg 1024w, https:\/\/infotorrent.es\/wp-content\/uploads\/2026\/03\/WhatsApp-Image-2026-03-13-at-12.08.401-300x200.jpeg 300w, https:\/\/infotorrent.es\/wp-content\/uploads\/2026\/03\/WhatsApp-Image-2026-03-13-at-12.08.401-768x512.jpeg 768w, https:\/\/infotorrent.es\/wp-content\/uploads\/2026\/03\/WhatsApp-Image-2026-03-13-at-12.08.401.jpeg 1440w\" sizes=\"(max-width: 1024px) 100vw, 1024px\" \/><\/figure>\n\n\n\n<figure class=\"wp-block-image size-large\"><img decoding=\"async\" width=\"1024\" height=\"683\" data-id=\"93659\" src=\"https:\/\/infotorrent.es\/wp-content\/uploads\/2026\/03\/WhatsApp-Image-2026-03-13-at-12.08.40-1024x683.jpeg\" alt=\"\" class=\"wp-image-93659\" srcset=\"https:\/\/infotorrent.es\/wp-content\/uploads\/2026\/03\/WhatsApp-Image-2026-03-13-at-12.08.40-1024x683.jpeg 1024w, https:\/\/infotorrent.es\/wp-content\/uploads\/2026\/03\/WhatsApp-Image-2026-03-13-at-12.08.40-300x200.jpeg 300w, https:\/\/infotorrent.es\/wp-content\/uploads\/2026\/03\/WhatsApp-Image-2026-03-13-at-12.08.40-768x512.jpeg 768w, https:\/\/infotorrent.es\/wp-content\/uploads\/2026\/03\/WhatsApp-Image-2026-03-13-at-12.08.40.jpeg 1440w\" sizes=\"(max-width: 1024px) 100vw, 1024px\" \/><\/figure>\n\n\n\n<figure class=\"wp-block-image size-large\"><img loading=\"lazy\" decoding=\"async\" width=\"1024\" height=\"683\" data-id=\"93661\" src=\"https:\/\/infotorrent.es\/wp-content\/uploads\/2026\/03\/WhatsApp-Image-2026-03-13-at-12.09.24-1024x683.jpeg\" alt=\"\" class=\"wp-image-93661\" srcset=\"https:\/\/infotorrent.es\/wp-content\/uploads\/2026\/03\/WhatsApp-Image-2026-03-13-at-12.09.24-1024x683.jpeg 1024w, https:\/\/infotorrent.es\/wp-content\/uploads\/2026\/03\/WhatsApp-Image-2026-03-13-at-12.09.24-300x200.jpeg 300w, https:\/\/infotorrent.es\/wp-content\/uploads\/2026\/03\/WhatsApp-Image-2026-03-13-at-12.09.24-768x512.jpeg 768w, https:\/\/infotorrent.es\/wp-content\/uploads\/2026\/03\/WhatsApp-Image-2026-03-13-at-12.09.24.jpeg 1440w\" sizes=\"(max-width: 1024px) 100vw, 1024px\" \/><\/figure>\n\n\n\n<figure class=\"wp-block-image size-large\"><img loading=\"lazy\" decoding=\"async\" width=\"1024\" height=\"683\" data-id=\"93663\" src=\"https:\/\/infotorrent.es\/wp-content\/uploads\/2026\/03\/WhatsApp-Image-2026-03-13-at-12.08.00-1024x683.jpeg\" alt=\"\" class=\"wp-image-93663\" srcset=\"https:\/\/infotorrent.es\/wp-content\/uploads\/2026\/03\/WhatsApp-Image-2026-03-13-at-12.08.00-1024x683.jpeg 1024w, https:\/\/infotorrent.es\/wp-content\/uploads\/2026\/03\/WhatsApp-Image-2026-03-13-at-12.08.00-300x200.jpeg 300w, https:\/\/infotorrent.es\/wp-content\/uploads\/2026\/03\/WhatsApp-Image-2026-03-13-at-12.08.00-768x512.jpeg 768w, https:\/\/infotorrent.es\/wp-content\/uploads\/2026\/03\/WhatsApp-Image-2026-03-13-at-12.08.00.jpeg 1440w\" sizes=\"(max-width: 1024px) 100vw, 1024px\" \/><\/figure>\n\n\n\n<figure class=\"wp-block-image size-large\"><img loading=\"lazy\" decoding=\"async\" width=\"1024\" height=\"683\" data-id=\"93665\" src=\"https:\/\/infotorrent.es\/wp-content\/uploads\/2026\/03\/WhatsApp-Image-2026-03-13-at-12.08.001-1024x683.jpeg\" alt=\"\" class=\"wp-image-93665\" srcset=\"https:\/\/infotorrent.es\/wp-content\/uploads\/2026\/03\/WhatsApp-Image-2026-03-13-at-12.08.001-1024x683.jpeg 1024w, https:\/\/infotorrent.es\/wp-content\/uploads\/2026\/03\/WhatsApp-Image-2026-03-13-at-12.08.001-300x200.jpeg 300w, https:\/\/infotorrent.es\/wp-content\/uploads\/2026\/03\/WhatsApp-Image-2026-03-13-at-12.08.001-768x512.jpeg 768w, https:\/\/infotorrent.es\/wp-content\/uploads\/2026\/03\/WhatsApp-Image-2026-03-13-at-12.08.001.jpeg 1440w\" sizes=\"(max-width: 1024px) 100vw, 1024px\" \/><\/figure>\n<\/figure>\n","protected":false},"excerpt":{"rendered":"<p>Les associacions i entitats socials de Torrent continuen sumant-se a la celebraci\u00f3 de les Falles amb les seues pr\u00f2pies jornades festives. Ahir va ser el torn de la Fundaci\u00f3 Espurna i del Centre d\u2019Acci\u00f3 Social (CAS) del C\u00edrculo Cat\u00f3lico de Torrent, que van viure un dia marcat per la tradici\u00f3 fallera, la conviv\u00e8ncia i la [&hellip;]<\/p>\n","protected":false},"author":15,"featured_media":93657,"comment_status":"open","ping_status":"open","sticky":false,"template":"","format":"standard","meta":{"_acf_changed":false,"footnotes":""},"categories":[141,1149],"tags":[],"class_list":["post-93668","post","type-post","status-publish","format-standard","has-post-thumbnail","hentry","category-alcaldia-2","category-participacio-ciutadana"],"acf":[],"_links":{"self":[{"href":"https:\/\/infotorrent.es\/ca\/wp-json\/wp\/v2\/posts\/93668","targetHints":{"allow":["GET"]}}],"collection":[{"href":"https:\/\/infotorrent.es\/ca\/wp-json\/wp\/v2\/posts"}],"about":[{"href":"https:\/\/infotorrent.es\/ca\/wp-json\/wp\/v2\/types\/post"}],"author":[{"embeddable":true,"href":"https:\/\/infotorrent.es\/ca\/wp-json\/wp\/v2\/users\/15"}],"replies":[{"embeddable":true,"href":"https:\/\/infotorrent.es\/ca\/wp-json\/wp\/v2\/comments?post=93668"}],"version-history":[{"count":1,"href":"https:\/\/infotorrent.es\/ca\/wp-json\/wp\/v2\/posts\/93668\/revisions"}],"predecessor-version":[{"id":93670,"href":"https:\/\/infotorrent.es\/ca\/wp-json\/wp\/v2\/posts\/93668\/revisions\/93670"}],"wp:featuredmedia":[{"embeddable":true,"href":"https:\/\/infotorrent.es\/ca\/wp-json\/wp\/v2\/media\/93657"}],"wp:attachment":[{"href":"https:\/\/infotorrent.es\/ca\/wp-json\/wp\/v2\/media?parent=93668"}],"wp:term":[{"taxonomy":"category","embeddable":true,"href":"https:\/\/infotorrent.es\/ca\/wp-json\/wp\/v2\/categories?post=93668"},{"taxonomy":"post_tag","embeddable":true,"href":"https:\/\/infotorrent.es\/ca\/wp-json\/wp\/v2\/tags?post=93668"}],"curies":[{"name":"wp","href":"https:\/\/api.w.org\/{rel}","templated":true}]}}