{"id":93646,"date":"2026-03-12T14:34:02","date_gmt":"2026-03-12T13:34:02","guid":{"rendered":"https:\/\/infotorrent.es\/?p=93646"},"modified":"2026-03-12T14:36:01","modified_gmt":"2026-03-12T13:36:01","slug":"torrent-habilita-noves-places-daparcament-en-lalbereda-reina-sofia","status":"publish","type":"post","link":"https:\/\/infotorrent.es\/ca\/noticies\/urbanisme\/torrent-habilita-noves-places-daparcament-en-lalbereda-reina-sofia\/","title":{"rendered":"Torrent habilita noves places d&#8217;aparcament en l&#8217;Albereda Reina Sofia"},"content":{"rendered":"\n<p><strong>El regidor d&#8217;Urbanisme s&#8217;ha reunit amb propietaris del Centre Comercial Les Am\u00e8riques i comerciants de la zona per a abordar la situaci\u00f3 de l&#8217;aparcament, en el marc d&#8217;una ronda de contactes<\/strong><\/p>\n\n\n\n<p><strong>L&#8217;Ajuntament reorganitza la mobilitat en l&#8217;avinguda, per a millorar la disponibilitat d&#8217;estacionament per a ve\u00efns, treballadors i fam\u00edlies d&#8217;escolars dels centres educatius de la zona<\/strong><\/p>\n\n\n\n<p>L&#8217;Ajuntament de Torrent, a trav\u00e9s de l&#8217;\u00e0rea d&#8217;Urbanisme, ha iniciat una actuaci\u00f3 en l&#8217;Albereda Reina Sofia i el seu entorn amb l&#8217;objectiu de millorar la disponibilitat de places d&#8217;aparcament en este entorn de la ciutat, una zona amb una elevada demanda d&#8217;estacionament degut a la pres\u00e8ncia de centres educatius, comer\u00e7os, vivendes i equipaments, despr\u00e9s del recent anunci de la propietat privada del p\u00e0rquing d&#8217;implantar el pagament per estacionar en el seu p\u00e0rquing.<\/p>\n\n\n\n<p>Davant esta situaci\u00f3, l&#8217;Ajuntament ha decidit actuar sobre l&#8217;espai p\u00fablic per a incrementar les places d&#8217;estacionament disponibles i facilitar l&#8217;aparcament en la zona.<\/p>\n\n\n\n<p><strong>Reorganitzaci\u00f3 del carril bici<\/strong><\/p>\n\n\n\n<p>La intervenci\u00f3 ha consistit a reordenar l&#8217;actual distribuci\u00f3 del carril bici en l&#8217;Albereda Reina Sofia per a alliberar espai destinat a l&#8217;estacionament de vehicles.<\/p>\n\n\n\n<p>Per a aix\u00f2, l&#8217;Ajuntament ha comen\u00e7at ja els treballs de retirada dels separadors del carril bici situat en el costat imparell de l&#8217;avinguda, que fins ara funcionava en un \u00fanic sentit de circulaci\u00f3.<\/p>\n\n\n\n<p>L&#8217;eliminaci\u00f3 d&#8217;estos elements permet habilitar eixe espai per a noves places d&#8217;aparcament en l\u00ednia, incrementant la capacitat d&#8217;estacionament en una de les vies amb major demanda de l&#8217;entorn.<\/p>\n\n\n\n<p>Al mateix temps, el carril bici que discorre pel costat parell de l&#8217;avinguda es reorganitzar\u00e0 per a funcionar en doble sentit, concentrant en eixe \u00fanic costat la circulaci\u00f3 ciclista i mantenint aix\u00ed la continu\u00eftat de l&#8217;itinerari per a bicicletes.<\/p>\n\n\n\n<p>D&#8217;esta manera, l&#8217;actuaci\u00f3 permet compatibilitzar la mobilitat ciclista amb la creaci\u00f3 de noves places d&#8217;estacionament, adaptant la configuraci\u00f3 de l&#8217;avinguda a les necessitats actuals de l&#8217;entorn i dels ve\u00efns.<\/p>\n\n\n\n<p><strong>Di\u00e0leg amb els comer\u00e7os de l&#8217;entorn<\/strong><\/p>\n\n\n\n<p>En el marc d&#8217;esta actuaci\u00f3, el regidor d&#8217;Urbanisme, Vivenda i Medi Ambient, Jos\u00e9 Gozalvo, ha mantingut una reuni\u00f3 de treball amb propietaris dels locals del Centre Comercial Les Am\u00e8riques i comerciants de l&#8217;entorn, amb l&#8217;objectiu d&#8217;escoltar les seues inquietuds i analitzar conjuntament la situaci\u00f3 de l&#8217;aparcament en la zona.<\/p>\n\n\n\n<p>Durant la trobada s&#8217;han analitzat les necessitats de mobilitat i estacionament que afecten tant els negocis com als seus clients, aix\u00ed com les possibles mesures que poden contribuir a millorar l&#8217;accessibilitat i l&#8217;activitat comercial de l&#8217;entorn.<\/p>\n\n\n\n<p><strong>Resposta a una demanda ve\u00efnal<\/strong><\/p>\n\n\n\n<p>L&#8217;Ajuntament recorda que el diagn\u00f2stic del propi Pla de Mobilitat ja assenyalava l&#8217;exist\u00e8ncia d&#8217;un d\u00e8ficit de places d&#8217;aparcament residencial en determinades zones de la ciutat, especialment en \u00e0rees amb una alta concentraci\u00f3 d&#8217;equipaments, comer\u00e7os i centres educatius.<\/p>\n\n\n\n<p>Per aix\u00f2, des del consistori s&#8217;estan abordant solucions equilibrades que permeten millorar la disponibilitat d&#8217;estacionament sense renunciar a un model de mobilitat sostenible i ordenat.<\/p>\n\n\n\n<p>El regidor d&#8217;Urbanisme, Jos\u00e9 Gozalvo, ha assenyalat que&nbsp;<strong>\u201cdes de l&#8217;Ajuntament estem actuant per a donar resposta a una necessitat real dels ve\u00efns, treballadors i comer\u00e7os d&#8217;esta zona, reorganitzant l&#8217;espai p\u00fablic per a guanyar places d&#8217;aparcament sense renunciar a la mobilitat ciclista\u201d.<\/strong><\/p>\n\n\n\n<p>Aix\u00ed mateix, ha destacat que&nbsp;<strong>\u201cl&#8217;actuaci\u00f3 permet aprofitar millor l&#8217;espai de l&#8217;avinguda, concentrant el carril bici en un \u00fanic costat i generant noves zones d&#8217;estacionament que ajudaran a alleujar la pressi\u00f3 d&#8217;aparcament existent\u201d.<\/strong><\/p>\n\n\n\n<p><strong>Millora de la mobilitat en una zona amb alta activitat<\/strong><\/p>\n\n\n\n<p>L&#8217;Albereda Reina Sofia \u00e9s una de les vies amb major activitat de l&#8217;entorn, ja que connecta diferents barris i concentra una important activitat comercial, residencial, equipaments educatius i esportius i zones d&#8217;oci.<\/p>\n\n\n\n<p>Amb esta actuaci\u00f3, l&#8217;Ajuntament busca millorar la mobilitat i facilitar l&#8217;estacionament en una zona especialment utilitzada per ve\u00efns, fam\u00edlies i usuaris dels servicis de l&#8217;entorn, adaptant la configuraci\u00f3 de l&#8217;avinguda a les necessitats actuals de la ciutat.<\/p>\n\n\n\n<figure class=\"wp-block-gallery has-nested-images columns-default is-cropped wp-block-gallery-1 is-layout-flex wp-block-gallery-is-layout-flex\">\n<figure class=\"wp-block-image size-large\"><img fetchpriority=\"high\" decoding=\"async\" width=\"1024\" height=\"620\" data-id=\"93641\" src=\"https:\/\/infotorrent.es\/wp-content\/uploads\/2026\/03\/1-41-1024x620.jpg\" alt=\"\" class=\"wp-image-93641\" srcset=\"https:\/\/infotorrent.es\/wp-content\/uploads\/2026\/03\/1-41-1024x620.jpg 1024w, https:\/\/infotorrent.es\/wp-content\/uploads\/2026\/03\/1-41-300x182.jpg 300w, https:\/\/infotorrent.es\/wp-content\/uploads\/2026\/03\/1-41-768x465.jpg 768w, https:\/\/infotorrent.es\/wp-content\/uploads\/2026\/03\/1-41.jpg 1143w\" sizes=\"(max-width: 1024px) 100vw, 1024px\" \/><\/figure>\n\n\n\n<figure class=\"wp-block-image size-large\"><img decoding=\"async\" width=\"1024\" height=\"662\" data-id=\"93643\" src=\"https:\/\/infotorrent.es\/wp-content\/uploads\/2026\/03\/2-6-1024x662.jpg\" alt=\"\" class=\"wp-image-93643\" srcset=\"https:\/\/infotorrent.es\/wp-content\/uploads\/2026\/03\/2-6-1024x662.jpg 1024w, https:\/\/infotorrent.es\/wp-content\/uploads\/2026\/03\/2-6-300x194.jpg 300w, https:\/\/infotorrent.es\/wp-content\/uploads\/2026\/03\/2-6-768x497.jpg 768w, https:\/\/infotorrent.es\/wp-content\/uploads\/2026\/03\/2-6.jpg 1200w\" sizes=\"(max-width: 1024px) 100vw, 1024px\" \/><\/figure>\n<\/figure>\n","protected":false},"excerpt":{"rendered":"<p>El regidor d&#8217;Urbanisme s&#8217;ha reunit amb propietaris del Centre Comercial Les Am\u00e8riques i comerciants de la zona per a abordar la situaci\u00f3 de l&#8217;aparcament, en el marc d&#8217;una ronda de contactes L&#8217;Ajuntament reorganitza la mobilitat en l&#8217;avinguda, per a millorar la disponibilitat d&#8217;estacionament per a ve\u00efns, treballadors i fam\u00edlies d&#8217;escolars dels centres educatius de la [&hellip;]<\/p>\n","protected":false},"author":15,"featured_media":93641,"comment_status":"open","ping_status":"open","sticky":false,"template":"","format":"standard","meta":{"_acf_changed":false,"footnotes":""},"categories":[153,133],"tags":[],"class_list":["post-93646","post","type-post","status-publish","format-standard","has-post-thumbnail","hentry","category-movilidad-2","category-urbanisme"],"acf":[],"_links":{"self":[{"href":"https:\/\/infotorrent.es\/ca\/wp-json\/wp\/v2\/posts\/93646","targetHints":{"allow":["GET"]}}],"collection":[{"href":"https:\/\/infotorrent.es\/ca\/wp-json\/wp\/v2\/posts"}],"about":[{"href":"https:\/\/infotorrent.es\/ca\/wp-json\/wp\/v2\/types\/post"}],"author":[{"embeddable":true,"href":"https:\/\/infotorrent.es\/ca\/wp-json\/wp\/v2\/users\/15"}],"replies":[{"embeddable":true,"href":"https:\/\/infotorrent.es\/ca\/wp-json\/wp\/v2\/comments?post=93646"}],"version-history":[{"count":1,"href":"https:\/\/infotorrent.es\/ca\/wp-json\/wp\/v2\/posts\/93646\/revisions"}],"predecessor-version":[{"id":93648,"href":"https:\/\/infotorrent.es\/ca\/wp-json\/wp\/v2\/posts\/93646\/revisions\/93648"}],"wp:featuredmedia":[{"embeddable":true,"href":"https:\/\/infotorrent.es\/ca\/wp-json\/wp\/v2\/media\/93641"}],"wp:attachment":[{"href":"https:\/\/infotorrent.es\/ca\/wp-json\/wp\/v2\/media?parent=93646"}],"wp:term":[{"taxonomy":"category","embeddable":true,"href":"https:\/\/infotorrent.es\/ca\/wp-json\/wp\/v2\/categories?post=93646"},{"taxonomy":"post_tag","embeddable":true,"href":"https:\/\/infotorrent.es\/ca\/wp-json\/wp\/v2\/tags?post=93646"}],"curies":[{"name":"wp","href":"https:\/\/api.w.org\/{rel}","templated":true}]}}