{"id":93636,"date":"2026-03-12T14:16:47","date_gmt":"2026-03-12T13:16:47","guid":{"rendered":"https:\/\/infotorrent.es\/?p=93636"},"modified":"2026-03-12T15:41:29","modified_gmt":"2026-03-12T14:41:29","slug":"les-falleres-majors-de-torrent-continuen-les-seues-visites-institucionals-a-la-diputacio-de-valencia","status":"publish","type":"post","link":"https:\/\/infotorrent.es\/ca\/cultura-es-2\/les-falleres-majors-de-torrent-continuen-les-seues-visites-institucionals-a-la-diputacio-de-valencia\/","title":{"rendered":"Les Falleres Majors de Torrent continuen les seues visites institucionals a la Diputaci\u00f3 de Val\u00e8ncia"},"content":{"rendered":"\n<p><strong>Andrea Adelantado i Sara Mag\u00e1n, junt amb les seues Corts d\u2019Honor, disfruten&nbsp;d\u2019una jornada fallera a Val\u00e8ncia acompanyades per l\u2019alcaldessa Amparo Folgado<\/strong><\/p>\n\n\n\n<p>Les Falleres Majors de Torrent, Andrea Adelantado i Sara Mag\u00e1n, acompanyades per les seues Corts d\u2019Honor i per l\u2019alcaldessa de la ciutat, Amparo Folgado, han iniciat este dimarts la seua agenda de visites institucionals en una jornada marcada per la tradici\u00f3 i el protagonisme faller que ha comen\u00e7at a la capital del T\u00faria.<\/p>\n\n\n\n<p>El primer acte oficial del dia ha tingut lloc a la Diputaci\u00f3 de Val\u00e8ncia, a la seu ubicada a la pla\u00e7a de Manises. All\u00ed, les representants torrentines han sigut rebudes a la pla\u00e7a per les comissions falleres de Torrent, que han protagonitzat una c\u00e0lida benvinguda al ritme de la nova can\u00e7\u00f3&nbsp;<strong>\u201cFalles de Torrent\u201d<\/strong>, estrenada durant la Crida.<\/p>\n\n\n\n<p>Posteriorment, la recepci\u00f3 institucional s\u2019ha celebrat al Palau de la Scala, on han sigut rebudes pel president de la Diputaci\u00f3 de Val\u00e8ncia, Vicent Momp\u00f3, la vicepresidenta segona, Reme Mazzolari, i l\u2019alcaldessa de Torrent, Amparo Folgado, en qualitat de diputada provincial de Govern Obert i Integritat Institucional. En la trobada tamb\u00e9 ha estat present la Fallera Major de Val\u00e8ncia, Carmen Prades, junt amb la seua Cort d\u2019Honor.<\/p>\n\n\n\n<p>Aix\u00ed mateix, les comissions falleres de Torrent, representades pels m\u00e0xims responsables de les 28 comissions de la ciutat, tamb\u00e9 han sigut rebudes pel president de la Diputaci\u00f3 en este acte institucional.<\/p>\n\n\n\n<p>Despr\u00e9s de la visita a la Diputaci\u00f3, Andrea Adelantado i Sara Mag\u00e1n, junt amb les seues Corts d\u2019Honor, l\u2019Alcaldessa Amparo Folgado i la Segon Tinent d\u2019alcalde, Amparo Chust, han continuat la jornada amb un recorregut pel centre hist\u00f2ric de Val\u00e8ncia. Durant el mat\u00ed han visitat la Bas\u00edlica de la Mare de D\u00e9u dels Desamparats i s\u2019han acostat tamb\u00e9 a saludar, al centre de la pla\u00e7a, la Pirot\u00e8cnia Alpujarre\u00f1a, encarregada del dispar del dia a la pla\u00e7a de l\u2019Ajuntament.<\/p>\n\n\n\n<p>L\u2019agenda ha prosseguit amb diverses visites a comissions falleres del Cap i Casal. En primer lloc, han acudit a la plant\u00e0 de la Falla Avinguda de l&#8217;Oest, on han sigut rebudes per l\u2019artista faller Paco Torres. Posteriorment han visitat la Falla del Pilar, on el seu president, Jos\u00e9 Javier L\u00f3pez Llop, i la Fallera Major, Leyre G\u00fcil Barber\u00e0, els han mostrat el monument faller des del seu interior i els han oferit un refrigeri a mitjan mat\u00ed. Les visites han concl\u00f2s a la Falla Convent de Jerusalem\u2013Matem\u00e0tic Marzal.<\/p>\n\n\n\n<p>El mat\u00ed ha culminat amb la seua assist\u00e8ncia a la masclet\u00e0 a la pla\u00e7a de l\u2019Ajuntament de Val\u00e8ncia, que sota el lema&nbsp;<strong>\u201cMasclethor 5.0\u201d<\/strong>&nbsp;ha sigut disparada per la Pirot\u00e8cnia Alpujarre\u00f1a d\u2019Ug\u00edjar (Granada).<\/p>\n\n\n\n<p>L\u2019agenda fallera de les m\u00e0ximes representants de Torrent continuar\u00e0 en els pr\u00f2xims dies. Este dijous de vesprada reprendran les seues visites institucionals a Torrent, on acudiran a les resid\u00e8ncies p\u00fabliques de majors. A m\u00e9s, esta mateixa nit se celebrar\u00e0 la&nbsp;<strong>XLII edici\u00f3 dels Jocs Florals de la Falla Ram\u00f3n y Cajal<\/strong>.<\/p>\n\n\n\n<p>Amb estes activitats, les Falleres Majors de Torrent avancen cap a un dels moments m\u00e9s esperats de les festes: la&nbsp;<strong>Nit de la Plant\u00e0<\/strong>, que tindr\u00e0 lloc el pr\u00f2xim diumenge 15 de mar\u00e7 i marcar\u00e0 l\u2019inici oficial de les celebracions falleres a la ciutat.<\/p>\n\n\n\n<figure class=\"wp-block-gallery has-nested-images columns-default is-cropped wp-block-gallery-1 is-layout-flex wp-block-gallery-is-layout-flex\">\n<figure class=\"wp-block-image size-large\"><img fetchpriority=\"high\" decoding=\"async\" width=\"1024\" height=\"683\" data-id=\"93623\" src=\"https:\/\/infotorrent.es\/wp-content\/uploads\/2026\/03\/WhatsApp-Image-2026-03-12-at-11.46.251-1024x683.jpeg\" alt=\"\" class=\"wp-image-93623\" srcset=\"https:\/\/infotorrent.es\/wp-content\/uploads\/2026\/03\/WhatsApp-Image-2026-03-12-at-11.46.251-1024x683.jpeg 1024w, https:\/\/infotorrent.es\/wp-content\/uploads\/2026\/03\/WhatsApp-Image-2026-03-12-at-11.46.251-300x200.jpeg 300w, https:\/\/infotorrent.es\/wp-content\/uploads\/2026\/03\/WhatsApp-Image-2026-03-12-at-11.46.251-768x512.jpeg 768w, https:\/\/infotorrent.es\/wp-content\/uploads\/2026\/03\/WhatsApp-Image-2026-03-12-at-11.46.251-1536x1024.jpeg 1536w, https:\/\/infotorrent.es\/wp-content\/uploads\/2026\/03\/WhatsApp-Image-2026-03-12-at-11.46.251.jpeg 2048w\" sizes=\"(max-width: 1024px) 100vw, 1024px\" \/><\/figure>\n\n\n\n<figure class=\"wp-block-image size-large\"><img decoding=\"async\" width=\"1024\" height=\"683\" data-id=\"93625\" src=\"https:\/\/infotorrent.es\/wp-content\/uploads\/2026\/03\/WhatsApp-Image-2026-03-12-at-11.46.243-1024x683.jpeg\" alt=\"\" class=\"wp-image-93625\" srcset=\"https:\/\/infotorrent.es\/wp-content\/uploads\/2026\/03\/WhatsApp-Image-2026-03-12-at-11.46.243-1024x683.jpeg 1024w, https:\/\/infotorrent.es\/wp-content\/uploads\/2026\/03\/WhatsApp-Image-2026-03-12-at-11.46.243-300x200.jpeg 300w, https:\/\/infotorrent.es\/wp-content\/uploads\/2026\/03\/WhatsApp-Image-2026-03-12-at-11.46.243-768x512.jpeg 768w, https:\/\/infotorrent.es\/wp-content\/uploads\/2026\/03\/WhatsApp-Image-2026-03-12-at-11.46.243-1536x1024.jpeg 1536w, https:\/\/infotorrent.es\/wp-content\/uploads\/2026\/03\/WhatsApp-Image-2026-03-12-at-11.46.243.jpeg 2048w\" sizes=\"(max-width: 1024px) 100vw, 1024px\" \/><\/figure>\n\n\n\n<figure class=\"wp-block-image size-large\"><img decoding=\"async\" width=\"1024\" height=\"683\" data-id=\"93627\" src=\"https:\/\/infotorrent.es\/wp-content\/uploads\/2026\/03\/WhatsApp-Image-2026-03-12-at-11.46.241-1024x683.jpeg\" alt=\"\" class=\"wp-image-93627\" srcset=\"https:\/\/infotorrent.es\/wp-content\/uploads\/2026\/03\/WhatsApp-Image-2026-03-12-at-11.46.241-1024x683.jpeg 1024w, https:\/\/infotorrent.es\/wp-content\/uploads\/2026\/03\/WhatsApp-Image-2026-03-12-at-11.46.241-300x200.jpeg 300w, https:\/\/infotorrent.es\/wp-content\/uploads\/2026\/03\/WhatsApp-Image-2026-03-12-at-11.46.241-768x512.jpeg 768w, https:\/\/infotorrent.es\/wp-content\/uploads\/2026\/03\/WhatsApp-Image-2026-03-12-at-11.46.241-1536x1024.jpeg 1536w, https:\/\/infotorrent.es\/wp-content\/uploads\/2026\/03\/WhatsApp-Image-2026-03-12-at-11.46.241.jpeg 2048w\" sizes=\"(max-width: 1024px) 100vw, 1024px\" \/><\/figure>\n\n\n\n<figure class=\"wp-block-image size-large\"><img loading=\"lazy\" decoding=\"async\" width=\"1024\" height=\"683\" data-id=\"93629\" src=\"https:\/\/infotorrent.es\/wp-content\/uploads\/2026\/03\/WhatsApp-Image-2026-03-12-at-11.46.25-1024x683.jpeg\" alt=\"\" class=\"wp-image-93629\" srcset=\"https:\/\/infotorrent.es\/wp-content\/uploads\/2026\/03\/WhatsApp-Image-2026-03-12-at-11.46.25-1024x683.jpeg 1024w, https:\/\/infotorrent.es\/wp-content\/uploads\/2026\/03\/WhatsApp-Image-2026-03-12-at-11.46.25-300x200.jpeg 300w, https:\/\/infotorrent.es\/wp-content\/uploads\/2026\/03\/WhatsApp-Image-2026-03-12-at-11.46.25-768x512.jpeg 768w, https:\/\/infotorrent.es\/wp-content\/uploads\/2026\/03\/WhatsApp-Image-2026-03-12-at-11.46.25-1536x1024.jpeg 1536w, https:\/\/infotorrent.es\/wp-content\/uploads\/2026\/03\/WhatsApp-Image-2026-03-12-at-11.46.25.jpeg 2048w\" sizes=\"(max-width: 1024px) 100vw, 1024px\" \/><\/figure>\n\n\n\n<figure class=\"wp-block-image size-large\"><img loading=\"lazy\" decoding=\"async\" width=\"1024\" height=\"683\" data-id=\"93631\" src=\"https:\/\/infotorrent.es\/wp-content\/uploads\/2026\/03\/WhatsApp-Image-2026-03-12-at-11.46.24-1024x683.jpeg\" alt=\"\" class=\"wp-image-93631\" srcset=\"https:\/\/infotorrent.es\/wp-content\/uploads\/2026\/03\/WhatsApp-Image-2026-03-12-at-11.46.24-1024x683.jpeg 1024w, https:\/\/infotorrent.es\/wp-content\/uploads\/2026\/03\/WhatsApp-Image-2026-03-12-at-11.46.24-300x200.jpeg 300w, https:\/\/infotorrent.es\/wp-content\/uploads\/2026\/03\/WhatsApp-Image-2026-03-12-at-11.46.24-768x512.jpeg 768w, https:\/\/infotorrent.es\/wp-content\/uploads\/2026\/03\/WhatsApp-Image-2026-03-12-at-11.46.24-1536x1024.jpeg 1536w, https:\/\/infotorrent.es\/wp-content\/uploads\/2026\/03\/WhatsApp-Image-2026-03-12-at-11.46.24.jpeg 2048w\" sizes=\"(max-width: 1024px) 100vw, 1024px\" \/><\/figure>\n\n\n\n<figure class=\"wp-block-image size-large\"><img loading=\"lazy\" decoding=\"async\" width=\"1024\" height=\"683\" data-id=\"93633\" src=\"https:\/\/infotorrent.es\/wp-content\/uploads\/2026\/03\/WhatsApp-Image-2026-03-12-at-11.46.242-1024x683.jpeg\" alt=\"\" class=\"wp-image-93633\" srcset=\"https:\/\/infotorrent.es\/wp-content\/uploads\/2026\/03\/WhatsApp-Image-2026-03-12-at-11.46.242-1024x683.jpeg 1024w, https:\/\/infotorrent.es\/wp-content\/uploads\/2026\/03\/WhatsApp-Image-2026-03-12-at-11.46.242-300x200.jpeg 300w, https:\/\/infotorrent.es\/wp-content\/uploads\/2026\/03\/WhatsApp-Image-2026-03-12-at-11.46.242-768x512.jpeg 768w, https:\/\/infotorrent.es\/wp-content\/uploads\/2026\/03\/WhatsApp-Image-2026-03-12-at-11.46.242-1536x1024.jpeg 1536w, https:\/\/infotorrent.es\/wp-content\/uploads\/2026\/03\/WhatsApp-Image-2026-03-12-at-11.46.242.jpeg 2048w\" sizes=\"(max-width: 1024px) 100vw, 1024px\" \/><\/figure>\n<\/figure>\n","protected":false},"excerpt":{"rendered":"<p>Andrea Adelantado i Sara Mag\u00e1n, junt amb les seues Corts d\u2019Honor, disfruten&nbsp;d\u2019una jornada fallera a Val\u00e8ncia acompanyades per l\u2019alcaldessa Amparo Folgado Les Falleres Majors de Torrent, Andrea Adelantado i Sara Mag\u00e1n, acompanyades per les seues Corts d\u2019Honor i per l\u2019alcaldessa de la ciutat, Amparo Folgado, han iniciat este dimarts la seua agenda de visites institucionals [&hellip;]<\/p>\n","protected":false},"author":15,"featured_media":93631,"comment_status":"open","ping_status":"open","sticky":false,"template":"","format":"standard","meta":{"_acf_changed":false,"footnotes":""},"categories":[141,126,1171],"tags":[],"class_list":["post-93636","post","type-post","status-publish","format-standard","has-post-thumbnail","hentry","category-alcaldia-2","category-cultura-es-2","category-fallas-ca"],"acf":[],"_links":{"self":[{"href":"https:\/\/infotorrent.es\/ca\/wp-json\/wp\/v2\/posts\/93636","targetHints":{"allow":["GET"]}}],"collection":[{"href":"https:\/\/infotorrent.es\/ca\/wp-json\/wp\/v2\/posts"}],"about":[{"href":"https:\/\/infotorrent.es\/ca\/wp-json\/wp\/v2\/types\/post"}],"author":[{"embeddable":true,"href":"https:\/\/infotorrent.es\/ca\/wp-json\/wp\/v2\/users\/15"}],"replies":[{"embeddable":true,"href":"https:\/\/infotorrent.es\/ca\/wp-json\/wp\/v2\/comments?post=93636"}],"version-history":[{"count":2,"href":"https:\/\/infotorrent.es\/ca\/wp-json\/wp\/v2\/posts\/93636\/revisions"}],"predecessor-version":[{"id":93650,"href":"https:\/\/infotorrent.es\/ca\/wp-json\/wp\/v2\/posts\/93636\/revisions\/93650"}],"wp:featuredmedia":[{"embeddable":true,"href":"https:\/\/infotorrent.es\/ca\/wp-json\/wp\/v2\/media\/93631"}],"wp:attachment":[{"href":"https:\/\/infotorrent.es\/ca\/wp-json\/wp\/v2\/media?parent=93636"}],"wp:term":[{"taxonomy":"category","embeddable":true,"href":"https:\/\/infotorrent.es\/ca\/wp-json\/wp\/v2\/categories?post=93636"},{"taxonomy":"post_tag","embeddable":true,"href":"https:\/\/infotorrent.es\/ca\/wp-json\/wp\/v2\/tags?post=93636"}],"curies":[{"name":"wp","href":"https:\/\/api.w.org\/{rel}","templated":true}]}}