{"id":93596,"date":"2026-03-11T14:38:53","date_gmt":"2026-03-11T13:38:53","guid":{"rendered":"https:\/\/infotorrent.es\/?p=93596"},"modified":"2026-03-11T14:40:17","modified_gmt":"2026-03-11T13:40:17","slug":"torrent-inicia-lestudi-duna-solucio-estructural-per-al-pont-de-quatre-camins-despres-dels-danys-provocats-per-la-dana","status":"publish","type":"post","link":"https:\/\/infotorrent.es\/ca\/noticies\/urbanisme\/torrent-inicia-lestudi-duna-solucio-estructural-per-al-pont-de-quatre-camins-despres-dels-danys-provocats-per-la-dana\/","title":{"rendered":"Torrent inicia l&#8217;estudi d&#8217;una soluci\u00f3 estructural per al pont de Quatre Camins despr\u00e9s dels danys provocats per la DANA"},"content":{"rendered":"\n<p><strong>L&#8217;Ajuntament va executar actuacions d&#8217;emerg\u00e8ncia per a recuperar la mobilitat i garantir la seguretat de la infraestructura<\/strong><\/p>\n\n\n\n<p><strong>Constru\u00eft en els anys 20 i ampliat en els 70, el pont de Quatre Camins afronta ara el final de la seua vida \u00fatil<\/strong><\/p>\n\n\n\n<p>L&#8217;Ajuntament de Torrent ha iniciat els treballs t\u00e8cnics per a analitzar la situaci\u00f3 estructural del pont de Quatre Camins despr\u00e9s dels greus danys patits durant la DANA del 29 d&#8217;octubre de 2024 i estudiar les solucions m\u00e9s adequades per a garantir la seguretat i funcionalitat d&#8217;esta infraestructura estrat\u00e8gica per a la ciutat.<\/p>\n\n\n\n<p>El pont de Quatre Camins constitu\u00efx un dels principals accessos al municipi, ja que connecta el nucli urb\u00e0 amb el pol\u00edgon industrial Mes del Jutge i enlla\u00e7a amb el carrer Val\u00e8ncia, una via clau per a la circulaci\u00f3 di\u00e0ria de treballadors, empreses i ve\u00efns.<\/p>\n\n\n\n<p>Es tracta a m\u00e9s d&#8217;una infraestructura amb una llarga traject\u00f2ria hist\u00f2rica. El pont va ser constru\u00eft originalment en la d\u00e8cada de 1920 per la Diputaci\u00f3 de Val\u00e8ncia i posteriorment ampliat en els anys 70 per a adaptar-lo al creixement del tr\u00e0nsit i de la ciutat.<\/p>\n\n\n\n<p><strong>Els efectes de la DANA sobre el pont<\/strong><\/p>\n\n\n\n<p>Durant la DANA del 29 d&#8217;octubre de 2024, el desbordament del barranc de Poio va provocar danys importants en infraestructures vi\u00e0ries, xarxes de servicis i equipaments urbans del municipi, afectant tamb\u00e9 el pont de Quatre Camins.<\/p>\n\n\n\n<p>Encara que l&#8217;estructura principal del pont va resistir l&#8217;episodi de pluges torrencials, la for\u00e7a de l&#8217;aigua i l&#8217;arrossegament de materials van provocar importants afeccions en diferents elements de la infraestructura i en el seu entorn immediat.<\/p>\n\n\n\n<p>Les inspeccions realitzades despr\u00e9s de la riuada van detectar danys en baranes i defenses del pont, desaparici\u00f3 d&#8217;elements d&#8217;enllumenat i servicis urbans, acumulaci\u00f3 de materials sota l&#8217;estructura i possibles afeccions en estreps, fonamentacions i drenatges, aix\u00ed com lliscaments en el vessant del barranc en els voltants del pont.<\/p>\n\n\n\n<p>Davant esta situaci\u00f3, l&#8217;Ajuntament de Torrent va actuar amb rapidesa mitjan\u00e7ant la tramitaci\u00f3 de contractes d&#8217;emerg\u00e8ncia amb l&#8217;objectiu de garantir la seguretat de la infraestructura i recuperar com m\u00e9s prompte millor la comunicaci\u00f3 entre els dos costats del barranc.<\/p>\n\n\n\n<p><strong>Actuacions d&#8217;emerg\u00e8ncia per a recuperar la mobilitat<\/strong><\/p>\n\n\n\n<p>Despr\u00e9s de la cat\u00e0strofe, l&#8217;Ajuntament va posar en marxa una intervenci\u00f3 urgent per a rehabilitar el pont i estabilitzar l&#8217;entorn del barranc, permetent restablir progressivament la circulaci\u00f3 en esta zona clau per a la mobilitat del municipi.<\/p>\n\n\n\n<p>Entre les actuacions realitzades es troben:<\/p>\n\n\n\n<p>\u2022&nbsp;&nbsp;&nbsp;&nbsp;&nbsp;&nbsp;&nbsp;&nbsp;neteja del llit i retirada de residus arrossegats per la riuada<\/p>\n\n\n\n<p>\u2022&nbsp;&nbsp;&nbsp;&nbsp;&nbsp;&nbsp;&nbsp;&nbsp;inspecci\u00f3 i reparaci\u00f3 d&#8217;estreps, piles i fonamentacions<\/p>\n\n\n\n<p>\u2022&nbsp;&nbsp;&nbsp;&nbsp;&nbsp;&nbsp;&nbsp;&nbsp;reparaci\u00f3 de bigues i elements estructurals<\/p>\n\n\n\n<p>\u2022&nbsp;&nbsp;&nbsp;&nbsp;&nbsp;&nbsp;&nbsp;&nbsp;reposici\u00f3 de baranes, enllumenat i senyalitzaci\u00f3<\/p>\n\n\n\n<p>\u2022&nbsp;&nbsp;&nbsp;&nbsp;&nbsp;&nbsp;&nbsp;&nbsp;restituci\u00f3 de servicis urbans afectats<\/p>\n\n\n\n<p>\u2022&nbsp;&nbsp;&nbsp;&nbsp;&nbsp;&nbsp;&nbsp;&nbsp;execuci\u00f3 d&#8217;esculleres de protecci\u00f3 en la base del pont<\/p>\n\n\n\n<p>\u2022&nbsp;&nbsp;&nbsp;&nbsp;&nbsp;&nbsp;&nbsp;&nbsp;estabilitzaci\u00f3 del vessant del barranc<\/p>\n\n\n\n<p>\u2022&nbsp;&nbsp;&nbsp;&nbsp;&nbsp;&nbsp;&nbsp;&nbsp;reposici\u00f3 del carril bici i del tancat de seguretat<\/p>\n\n\n\n<p>Estes actuacions van permetre restablir la circulaci\u00f3 i garantir la seguretat mentres s&#8217;avaluava amb major detall l&#8217;estat de la infraestructura.<\/p>\n\n\n\n<p>L&#8217;informe t\u00e8cnic apunta al final de la vida \u00fatil del pont<\/p>\n\n\n\n<p>Despr\u00e9s de les primeres actuacions d&#8217;emerg\u00e8ncia, l&#8217;Ajuntament va sol\u00b7licitar un informe t\u00e8cnic especialitzat per a analitzar en profunditat l&#8217;estat del pont.<\/p>\n\n\n\n<p>L&#8217;estudi elaborat per un t\u00e8cnic especialista de la Universitat Polit\u00e8cnica de Val\u00e8ncia, que va concloure que, encara que el pont havia resistit l&#8217;episodi de pluges, la infraestructura es troba en la fase final de la seua vida \u00fatil, per la qual cosa recomanava comen\u00e7ar a estudiar alternatives de futur per a garantir la seguretat i funcionalitat d&#8217;esta connexi\u00f3.<\/p>\n\n\n\n<p>A partir d&#8217;este informe, l&#8217;\u00e0rea d&#8217;Urbanisme i Infraestructures de l&#8217;Ajuntament de Torrent ha iniciat l&#8217;an\u00e0lisi de les diferents opcions que permeten donar una soluci\u00f3 estructural a esta infraestructura estrat\u00e8gica per a la ciutat.<\/p>\n\n\n\n<p><strong>Torrent continua avan\u00e7ant en la reconstrucci\u00f3 despr\u00e9s de la DANA<\/strong><\/p>\n\n\n\n<p>L&#8217;alcaldessa de Torrent, Amparo Folgado, ha destacat que la prioritat de l&#8217;Ajuntament ha sigut des del primer moment garantir la seguretat i recuperar la mobilitat en esta zona de la ciutat.<\/p>\n\n\n\n<p><strong>\u201cEl pont de Quatre Camins \u00e9s una infraestructura fonamental per a Torrent i per a la seua activitat econ\u00f2mica. Despr\u00e9s de la DANA actuem amb rapidesa per a reparar els danys i restablir la circulaci\u00f3, per\u00f2 tamb\u00e9 estem treballant amb responsabilitat per a analitzar quin ha de ser la millor soluci\u00f3 per al futur d&#8217;esta connexi\u00f3\u201d<\/strong>, ha assenyalat.<\/p>\n\n\n\n<p>Per part seua, el regidor d&#8217;Urbanisme, Jos\u00e9 Francisco Gozalvo, ha explicat que l&#8217;Ajuntament est\u00e0 abordant esta q\u00fcesti\u00f3 des d&#8217;un punt de vista t\u00e8cnic i de planificaci\u00f3 a llarg termini.<\/p>\n\n\n\n<p><strong>\u201cEls informes t\u00e8cnics apunten al fet que el pont es troba al final de la seua vida \u00fatil, per la qual cosa des de l&#8217;\u00e0rea d&#8217;Urbanisme i Infraestructures hem comen\u00e7at a estudiar les possibles actuacions que permeten garantir una infraestructura segura i preparada per al futur\u201d<\/strong>, ha indicat.<\/p>\n\n\n\n<p>L&#8217;Ajuntament de Torrent continua aix\u00ed avan\u00e7ant en el proc\u00e9s de reconstrucci\u00f3 d&#8217;infraestructures despr\u00e9s dels efectes de la DANA, avaluant les solucions t\u00e8cniques m\u00e9s adequades per a refor\u00e7ar la seguretat hidr\u00e0ulica i la resili\u00e8ncia de la ciutat.<\/p>\n\n\n\n<figure class=\"wp-block-gallery has-nested-images columns-default is-cropped wp-block-gallery-1 is-layout-flex wp-block-gallery-is-layout-flex\">\n<figure class=\"wp-block-image size-large\"><img fetchpriority=\"high\" decoding=\"async\" width=\"1024\" height=\"682\" data-id=\"93591\" src=\"https:\/\/infotorrent.es\/wp-content\/uploads\/2026\/03\/2-5-1-1024x682.jpg\" alt=\"\" class=\"wp-image-93591\" srcset=\"https:\/\/infotorrent.es\/wp-content\/uploads\/2026\/03\/2-5-1-1024x682.jpg 1024w, https:\/\/infotorrent.es\/wp-content\/uploads\/2026\/03\/2-5-1-300x200.jpg 300w, https:\/\/infotorrent.es\/wp-content\/uploads\/2026\/03\/2-5-1-768x512.jpg 768w, https:\/\/infotorrent.es\/wp-content\/uploads\/2026\/03\/2-5-1-1536x1023.jpg 1536w, https:\/\/infotorrent.es\/wp-content\/uploads\/2026\/03\/2-5-1.jpg 1600w\" sizes=\"(max-width: 1024px) 100vw, 1024px\" \/><\/figure>\n\n\n\n<figure class=\"wp-block-image size-large\"><img decoding=\"async\" width=\"1024\" height=\"682\" data-id=\"93593\" src=\"https:\/\/infotorrent.es\/wp-content\/uploads\/2026\/03\/1-39-1024x682.jpg\" alt=\"\" class=\"wp-image-93593\" srcset=\"https:\/\/infotorrent.es\/wp-content\/uploads\/2026\/03\/1-39-1024x682.jpg 1024w, https:\/\/infotorrent.es\/wp-content\/uploads\/2026\/03\/1-39-300x200.jpg 300w, https:\/\/infotorrent.es\/wp-content\/uploads\/2026\/03\/1-39-768x512.jpg 768w, https:\/\/infotorrent.es\/wp-content\/uploads\/2026\/03\/1-39-1536x1023.jpg 1536w, https:\/\/infotorrent.es\/wp-content\/uploads\/2026\/03\/1-39.jpg 1600w\" sizes=\"(max-width: 1024px) 100vw, 1024px\" \/><\/figure>\n<\/figure>\n","protected":false},"excerpt":{"rendered":"<p>L&#8217;Ajuntament va executar actuacions d&#8217;emerg\u00e8ncia per a recuperar la mobilitat i garantir la seguretat de la infraestructura Constru\u00eft en els anys 20 i ampliat en els 70, el pont de Quatre Camins afronta ara el final de la seua vida \u00fatil L&#8217;Ajuntament de Torrent ha iniciat els treballs t\u00e8cnics per a analitzar la situaci\u00f3 estructural [&hellip;]<\/p>\n","protected":false},"author":15,"featured_media":93591,"comment_status":"open","ping_status":"open","sticky":false,"template":"","format":"standard","meta":{"_acf_changed":false,"footnotes":""},"categories":[141,1217,133],"tags":[],"class_list":["post-93596","post","type-post","status-publish","format-standard","has-post-thumbnail","hentry","category-alcaldia-2","category-dana-ca","category-urbanisme"],"acf":[],"_links":{"self":[{"href":"https:\/\/infotorrent.es\/ca\/wp-json\/wp\/v2\/posts\/93596","targetHints":{"allow":["GET"]}}],"collection":[{"href":"https:\/\/infotorrent.es\/ca\/wp-json\/wp\/v2\/posts"}],"about":[{"href":"https:\/\/infotorrent.es\/ca\/wp-json\/wp\/v2\/types\/post"}],"author":[{"embeddable":true,"href":"https:\/\/infotorrent.es\/ca\/wp-json\/wp\/v2\/users\/15"}],"replies":[{"embeddable":true,"href":"https:\/\/infotorrent.es\/ca\/wp-json\/wp\/v2\/comments?post=93596"}],"version-history":[{"count":1,"href":"https:\/\/infotorrent.es\/ca\/wp-json\/wp\/v2\/posts\/93596\/revisions"}],"predecessor-version":[{"id":93598,"href":"https:\/\/infotorrent.es\/ca\/wp-json\/wp\/v2\/posts\/93596\/revisions\/93598"}],"wp:featuredmedia":[{"embeddable":true,"href":"https:\/\/infotorrent.es\/ca\/wp-json\/wp\/v2\/media\/93591"}],"wp:attachment":[{"href":"https:\/\/infotorrent.es\/ca\/wp-json\/wp\/v2\/media?parent=93596"}],"wp:term":[{"taxonomy":"category","embeddable":true,"href":"https:\/\/infotorrent.es\/ca\/wp-json\/wp\/v2\/categories?post=93596"},{"taxonomy":"post_tag","embeddable":true,"href":"https:\/\/infotorrent.es\/ca\/wp-json\/wp\/v2\/tags?post=93596"}],"curies":[{"name":"wp","href":"https:\/\/api.w.org\/{rel}","templated":true}]}}