{"id":93566,"date":"2026-03-11T13:50:00","date_gmt":"2026-03-11T12:50:00","guid":{"rendered":"https:\/\/infotorrent.es\/?p=93566"},"modified":"2026-03-11T13:54:14","modified_gmt":"2026-03-11T12:54:14","slug":"les-falleres-majors-de-torrent-inicien-les-seues-visites-institucionals-en-la-previa-de-la-planta","status":"publish","type":"post","link":"https:\/\/infotorrent.es\/ca\/fallas-ca\/les-falleres-majors-de-torrent-inicien-les-seues-visites-institucionals-en-la-previa-de-la-planta\/","title":{"rendered":"Les Falleres Majors de Torrent inicien les seues visites institucionals en la pr\u00e8via de la Plant\u00e0"},"content":{"rendered":"\n<p>Torrent es prepara per a viure amb intensitat els dies previs a l&#8217;esperada Plant\u00e0 de les Falles, mentres les Falleres Majors de la ciutat, Andrea Adelantado i Sara Mag\u00e1n, acompanyades per les seues respectives Corts d&#8217;Honor, continuen amb la tradicional ronda de visites institucionals.<\/p>\n\n\n\n<p>En esta ocasi\u00f3, les m\u00e0ximes representants de la festa han volgut expressar el seu agra\u00efment a les forces i cossos de seguretat que exercixen un paper fonamental durant la celebraci\u00f3 de les Falles. Aix\u00ed, han visitat la seu de la Policia Nacional i la de la Policia Local de Torrent, on han traslladat el seu reconeixement pel treball que realitzen per a garantir la seguretat i el bon desenrotllament de les festes. Durant la jornada tamb\u00e9 han acudit a les instal\u00b7lacions del concessionari Ferto, que col\u00b7labora amb Junta Local Fallera oferint-los els vehicles oficials per a estes Falles 2026.<\/p>\n\n\n\n<p>L&#8217;agenda de visites continuar\u00e0 esta mateixa vesprada amb una parada al parc de bombers, prevista al voltant de les 17.00 hores, i posteriorment amb una trobada amb els voluntaris de Protecci\u00f3 Civil, a les 18.30 hores, als qui tamb\u00e9 traslladaran l&#8217;agra\u00efment de tot el col\u00b7lectiu faller per la seua dedicaci\u00f3 i comprom\u00eds durant estos dies tan assenyalats.<\/p>\n\n\n\n<p>Dem\u00e0 dijous, les Falleres Majors de Torrent continuaran amb la seua agenda institucional amb una visita a la Diputaci\u00f3 de Val\u00e8ncia i a diferents institucions de la ciutat de Val\u00e8ncia, on continuaran representant a Torrent i a la festa fallera en un dels actes tradicionals previs a la setmana gran.<\/p>\n\n\n\n<p>D&#8217;altra banda, divendres que ve 13 de mar\u00e7, coincidint amb l&#8217;\u00faltim dia de classes abans de l&#8217;inici de les Falles, Andrea Adelantado i Sara Mag\u00e1n mantindran la tradici\u00f3 de visitar diferents centres educatius de la ciutat en representaci\u00f3 de tota la comunitat escolar de Torrent. Entre els centres que visitaran es troben l&#8217;Escola Infantil Polzet i a Trinit\u00e0ries, La Pur\u00edssima i Montesi\u00f3n, els col\u00b7legis en els quals les dos van estudiar, on compartiran amb els m\u00e9s xicotets la il\u00b7lusi\u00f3 i l&#8217;ambient festiu que caracteritza a les festes josefinas.<\/p>\n\n\n\n<p>Les activitats d&#8217;eixa mateixa jornada continuaran amb visites als centres de majors Verge de l&#8217;Olivar i a l&#8217;asil Sant Elena, portant tamb\u00e9 fins all\u00ed l&#8217;esperit faller i compartint estos moments especials amb les persones majors de la ciutat.<\/p>\n\n\n\n<p>Amb estos actes, Andrea Adelantado i Sara Mag\u00e1n continuen impulsant l&#8217;esperit festiu i la tradici\u00f3 fallera a Torrent, acostant les Falles a tots els sectors de la societat i refor\u00e7ant el paper d&#8217;esta celebraci\u00f3 com un element integrador i d&#8217;orgull per a tota la ciutat.<\/p>\n\n\n\n<figure class=\"wp-block-image size-large\"><img fetchpriority=\"high\" decoding=\"async\" width=\"1024\" height=\"682\" src=\"https:\/\/infotorrent.es\/wp-content\/uploads\/2026\/03\/acb8a325-f1a6-4bc6-b04e-a07e4c890b03-1024x682.jpg\" alt=\"\" class=\"wp-image-93557\" srcset=\"https:\/\/infotorrent.es\/wp-content\/uploads\/2026\/03\/acb8a325-f1a6-4bc6-b04e-a07e4c890b03-1024x682.jpg 1024w, https:\/\/infotorrent.es\/wp-content\/uploads\/2026\/03\/acb8a325-f1a6-4bc6-b04e-a07e4c890b03-300x200.jpg 300w, https:\/\/infotorrent.es\/wp-content\/uploads\/2026\/03\/acb8a325-f1a6-4bc6-b04e-a07e4c890b03-768x512.jpg 768w, https:\/\/infotorrent.es\/wp-content\/uploads\/2026\/03\/acb8a325-f1a6-4bc6-b04e-a07e4c890b03-1536x1023.jpg 1536w, https:\/\/infotorrent.es\/wp-content\/uploads\/2026\/03\/acb8a325-f1a6-4bc6-b04e-a07e4c890b03.jpg 1600w\" sizes=\"(max-width: 1024px) 100vw, 1024px\" \/><\/figure>\n\n\n\n<figure class=\"wp-block-gallery has-nested-images columns-default is-cropped wp-block-gallery-1 is-layout-flex wp-block-gallery-is-layout-flex\">\n<figure class=\"wp-block-image size-large\"><img decoding=\"async\" width=\"1024\" height=\"682\" data-id=\"93563\" src=\"https:\/\/infotorrent.es\/wp-content\/uploads\/2026\/03\/WhatsApp-Image-2026-03-11-at-13.28.05-1024x682.jpeg\" alt=\"\" class=\"wp-image-93563\" srcset=\"https:\/\/infotorrent.es\/wp-content\/uploads\/2026\/03\/WhatsApp-Image-2026-03-11-at-13.28.05-1024x682.jpeg 1024w, https:\/\/infotorrent.es\/wp-content\/uploads\/2026\/03\/WhatsApp-Image-2026-03-11-at-13.28.05-300x200.jpeg 300w, https:\/\/infotorrent.es\/wp-content\/uploads\/2026\/03\/WhatsApp-Image-2026-03-11-at-13.28.05-768x512.jpeg 768w, https:\/\/infotorrent.es\/wp-content\/uploads\/2026\/03\/WhatsApp-Image-2026-03-11-at-13.28.05-1536x1023.jpeg 1536w, https:\/\/infotorrent.es\/wp-content\/uploads\/2026\/03\/WhatsApp-Image-2026-03-11-at-13.28.05.jpeg 1600w\" sizes=\"(max-width: 1024px) 100vw, 1024px\" \/><\/figure>\n\n\n\n<figure class=\"wp-block-image size-large\"><img decoding=\"async\" width=\"1024\" height=\"682\" data-id=\"93561\" src=\"https:\/\/infotorrent.es\/wp-content\/uploads\/2026\/03\/01e1ae9c-5a57-4062-b550-669599a16b65-1024x682.jpg\" alt=\"\" class=\"wp-image-93561\" srcset=\"https:\/\/infotorrent.es\/wp-content\/uploads\/2026\/03\/01e1ae9c-5a57-4062-b550-669599a16b65-1024x682.jpg 1024w, https:\/\/infotorrent.es\/wp-content\/uploads\/2026\/03\/01e1ae9c-5a57-4062-b550-669599a16b65-300x200.jpg 300w, https:\/\/infotorrent.es\/wp-content\/uploads\/2026\/03\/01e1ae9c-5a57-4062-b550-669599a16b65-768x512.jpg 768w, https:\/\/infotorrent.es\/wp-content\/uploads\/2026\/03\/01e1ae9c-5a57-4062-b550-669599a16b65-1536x1023.jpg 1536w, https:\/\/infotorrent.es\/wp-content\/uploads\/2026\/03\/01e1ae9c-5a57-4062-b550-669599a16b65.jpg 1600w\" sizes=\"(max-width: 1024px) 100vw, 1024px\" \/><\/figure>\n\n\n\n<figure class=\"wp-block-image size-large\"><img loading=\"lazy\" decoding=\"async\" width=\"1024\" height=\"682\" data-id=\"93559\" src=\"https:\/\/infotorrent.es\/wp-content\/uploads\/2026\/03\/1b38a014-6006-4e84-9916-4c6e3d15e984-1024x682.jpg\" alt=\"\" class=\"wp-image-93559\" srcset=\"https:\/\/infotorrent.es\/wp-content\/uploads\/2026\/03\/1b38a014-6006-4e84-9916-4c6e3d15e984-1024x682.jpg 1024w, https:\/\/infotorrent.es\/wp-content\/uploads\/2026\/03\/1b38a014-6006-4e84-9916-4c6e3d15e984-300x200.jpg 300w, https:\/\/infotorrent.es\/wp-content\/uploads\/2026\/03\/1b38a014-6006-4e84-9916-4c6e3d15e984-768x512.jpg 768w, https:\/\/infotorrent.es\/wp-content\/uploads\/2026\/03\/1b38a014-6006-4e84-9916-4c6e3d15e984-1536x1023.jpg 1536w, https:\/\/infotorrent.es\/wp-content\/uploads\/2026\/03\/1b38a014-6006-4e84-9916-4c6e3d15e984.jpg 1600w\" sizes=\"(max-width: 1024px) 100vw, 1024px\" \/><\/figure>\n\n\n\n<figure class=\"wp-block-image size-large\"><img loading=\"lazy\" decoding=\"async\" width=\"1024\" height=\"682\" data-id=\"93555\" src=\"https:\/\/infotorrent.es\/wp-content\/uploads\/2026\/03\/WhatsApp-Image-2026-03-11-at-13.28.05-1-1024x682.jpeg\" alt=\"\" class=\"wp-image-93555\" srcset=\"https:\/\/infotorrent.es\/wp-content\/uploads\/2026\/03\/WhatsApp-Image-2026-03-11-at-13.28.05-1-1024x682.jpeg 1024w, https:\/\/infotorrent.es\/wp-content\/uploads\/2026\/03\/WhatsApp-Image-2026-03-11-at-13.28.05-1-300x200.jpeg 300w, https:\/\/infotorrent.es\/wp-content\/uploads\/2026\/03\/WhatsApp-Image-2026-03-11-at-13.28.05-1-768x512.jpeg 768w, https:\/\/infotorrent.es\/wp-content\/uploads\/2026\/03\/WhatsApp-Image-2026-03-11-at-13.28.05-1-1536x1023.jpeg 1536w, https:\/\/infotorrent.es\/wp-content\/uploads\/2026\/03\/WhatsApp-Image-2026-03-11-at-13.28.05-1.jpeg 1600w\" sizes=\"(max-width: 1024px) 100vw, 1024px\" \/><\/figure>\n<\/figure>\n","protected":false},"excerpt":{"rendered":"<p>Torrent es prepara per a viure amb intensitat els dies previs a l&#8217;esperada Plant\u00e0 de les Falles, mentres les Falleres Majors de la ciutat, Andrea Adelantado i Sara Mag\u00e1n, acompanyades per les seues respectives Corts d&#8217;Honor, continuen amb la tradicional ronda de visites institucionals. En esta ocasi\u00f3, les m\u00e0ximes representants de la festa han volgut [&hellip;]<\/p>\n","protected":false},"author":21,"featured_media":93557,"comment_status":"open","ping_status":"open","sticky":false,"template":"","format":"standard","meta":{"_acf_changed":false,"footnotes":""},"categories":[1171],"tags":[],"class_list":["post-93566","post","type-post","status-publish","format-standard","has-post-thumbnail","hentry","category-fallas-ca"],"acf":[],"_links":{"self":[{"href":"https:\/\/infotorrent.es\/ca\/wp-json\/wp\/v2\/posts\/93566","targetHints":{"allow":["GET"]}}],"collection":[{"href":"https:\/\/infotorrent.es\/ca\/wp-json\/wp\/v2\/posts"}],"about":[{"href":"https:\/\/infotorrent.es\/ca\/wp-json\/wp\/v2\/types\/post"}],"author":[{"embeddable":true,"href":"https:\/\/infotorrent.es\/ca\/wp-json\/wp\/v2\/users\/21"}],"replies":[{"embeddable":true,"href":"https:\/\/infotorrent.es\/ca\/wp-json\/wp\/v2\/comments?post=93566"}],"version-history":[{"count":1,"href":"https:\/\/infotorrent.es\/ca\/wp-json\/wp\/v2\/posts\/93566\/revisions"}],"predecessor-version":[{"id":93568,"href":"https:\/\/infotorrent.es\/ca\/wp-json\/wp\/v2\/posts\/93566\/revisions\/93568"}],"wp:featuredmedia":[{"embeddable":true,"href":"https:\/\/infotorrent.es\/ca\/wp-json\/wp\/v2\/media\/93557"}],"wp:attachment":[{"href":"https:\/\/infotorrent.es\/ca\/wp-json\/wp\/v2\/media?parent=93566"}],"wp:term":[{"taxonomy":"category","embeddable":true,"href":"https:\/\/infotorrent.es\/ca\/wp-json\/wp\/v2\/categories?post=93566"},{"taxonomy":"post_tag","embeddable":true,"href":"https:\/\/infotorrent.es\/ca\/wp-json\/wp\/v2\/tags?post=93566"}],"curies":[{"name":"wp","href":"https:\/\/api.w.org\/{rel}","templated":true}]}}