{"id":93550,"date":"2026-03-11T13:19:42","date_gmt":"2026-03-11T12:19:42","guid":{"rendered":"https:\/\/infotorrent.es\/?p=93550"},"modified":"2026-03-11T13:25:44","modified_gmt":"2026-03-11T12:25:44","slug":"torrent-guarda-un-minut-de-silenci-en-record-de-les-victimes-del-terrorisme-en-el-dia-europeu-de-les-victimes","status":"publish","type":"post","link":"https:\/\/infotorrent.es\/ca\/alcaldia-2\/torrent-guarda-un-minut-de-silenci-en-record-de-les-victimes-del-terrorisme-en-el-dia-europeu-de-les-victimes\/","title":{"rendered":"Torrent guarda un minut de silenci en record de les v\u00edctimes del terrorisme en el Dia Europeu de les V\u00edctimes"},"content":{"rendered":"\n<p>L&#8217;Ajuntament de Torrent ha guardat este dimarts un minut de silenci amb motiu del Dia Europeu de les V\u00edctimes del Terrorisme, que es commemora cada 11 de mar\u00e7 en record de les v\u00edctimes dels atemptats ocorreguts a Madrid en 2004.<\/p>\n\n\n\n<p>A les 12.00 hores, a les portes del consistori, s&#8217;han concentrat l&#8217;alcaldessa de Torrent, Amparo Folgado, al costat de membres de l&#8217;equip de govern i representants de la corporaci\u00f3 municipal, per a mostrar el seu respecte i solidaritat amb totes les persones afectades pel terrorisme.<\/p>\n\n\n\n<p>Este acte simb\u00f2lic respon a la convocat\u00f2ria realitzada per la Federaci\u00f3 Espanyola de Municipis i Prov\u00edncies (FEMP), que va convidar a ajuntaments de tota Espanya a sumar-se a esta iniciativa com a gest de record, suport a les v\u00edctimes i de ferm rebuig a qualsevol forma de viol\u00e8ncia i barb\u00e0rie.<\/p>\n\n\n\n<p>A m\u00e9s, l&#8217;Ajuntament de Torrent ha volgut rendir un homenatge especial depositant un centre floral en el mon\u00f2lit dedicat a les v\u00edctimes del terrorisme, situat en la rotonda de Pare M\u00e9ndez amb Reina Sofia. Amb este gest, el consistori reafirma el seu record permanent cap als qui van patir la barb\u00e0rie terrorista i el seu suport a les v\u00edctimes i a les seues fam\u00edlies.<\/p>\n\n\n\n<p>Amb este minut de silenci, l&#8217;Ajuntament de Torrent reafirma el seu comprom\u00eds amb la mem\u00f2ria de les v\u00edctimes i amb la defensa dels valors de conviv\u00e8ncia, llibertat i democr\u00e0cia.<\/p>\n\n\n\n<figure class=\"wp-block-image size-large\"><img fetchpriority=\"high\" decoding=\"async\" width=\"1024\" height=\"682\" src=\"https:\/\/infotorrent.es\/wp-content\/uploads\/2026\/03\/WhatsApp-Image-2026-03-11-at-12.10.22-1-1024x682.jpeg\" alt=\"\" class=\"wp-image-93545\" srcset=\"https:\/\/infotorrent.es\/wp-content\/uploads\/2026\/03\/WhatsApp-Image-2026-03-11-at-12.10.22-1-1024x682.jpeg 1024w, https:\/\/infotorrent.es\/wp-content\/uploads\/2026\/03\/WhatsApp-Image-2026-03-11-at-12.10.22-1-300x200.jpeg 300w, https:\/\/infotorrent.es\/wp-content\/uploads\/2026\/03\/WhatsApp-Image-2026-03-11-at-12.10.22-1-768x512.jpeg 768w, https:\/\/infotorrent.es\/wp-content\/uploads\/2026\/03\/WhatsApp-Image-2026-03-11-at-12.10.22-1-1536x1023.jpeg 1536w, https:\/\/infotorrent.es\/wp-content\/uploads\/2026\/03\/WhatsApp-Image-2026-03-11-at-12.10.22-1.jpeg 1600w\" sizes=\"(max-width: 1024px) 100vw, 1024px\" \/><\/figure>\n\n\n\n<figure class=\"wp-block-gallery has-nested-images columns-default is-cropped wp-block-gallery-1 is-layout-flex wp-block-gallery-is-layout-flex\">\n<figure class=\"wp-block-image size-large\"><img decoding=\"async\" width=\"1024\" height=\"682\" data-id=\"93547\" src=\"https:\/\/infotorrent.es\/wp-content\/uploads\/2026\/03\/WhatsApp-Image-2026-03-11-at-12.10.22-1024x682.jpeg\" alt=\"\" class=\"wp-image-93547\" srcset=\"https:\/\/infotorrent.es\/wp-content\/uploads\/2026\/03\/WhatsApp-Image-2026-03-11-at-12.10.22-1024x682.jpeg 1024w, https:\/\/infotorrent.es\/wp-content\/uploads\/2026\/03\/WhatsApp-Image-2026-03-11-at-12.10.22-300x200.jpeg 300w, https:\/\/infotorrent.es\/wp-content\/uploads\/2026\/03\/WhatsApp-Image-2026-03-11-at-12.10.22-768x512.jpeg 768w, https:\/\/infotorrent.es\/wp-content\/uploads\/2026\/03\/WhatsApp-Image-2026-03-11-at-12.10.22-1536x1023.jpeg 1536w, https:\/\/infotorrent.es\/wp-content\/uploads\/2026\/03\/WhatsApp-Image-2026-03-11-at-12.10.22.jpeg 1600w\" sizes=\"(max-width: 1024px) 100vw, 1024px\" \/><\/figure>\n\n\n\n<figure class=\"wp-block-image size-large\"><img decoding=\"async\" width=\"1024\" height=\"682\" data-id=\"93543\" src=\"https:\/\/infotorrent.es\/wp-content\/uploads\/2026\/03\/WhatsApp-Image-2026-03-11-at-12.10.22-2-1024x682.jpeg\" alt=\"\" class=\"wp-image-93543\" srcset=\"https:\/\/infotorrent.es\/wp-content\/uploads\/2026\/03\/WhatsApp-Image-2026-03-11-at-12.10.22-2-1024x682.jpeg 1024w, https:\/\/infotorrent.es\/wp-content\/uploads\/2026\/03\/WhatsApp-Image-2026-03-11-at-12.10.22-2-300x200.jpeg 300w, https:\/\/infotorrent.es\/wp-content\/uploads\/2026\/03\/WhatsApp-Image-2026-03-11-at-12.10.22-2-768x512.jpeg 768w, https:\/\/infotorrent.es\/wp-content\/uploads\/2026\/03\/WhatsApp-Image-2026-03-11-at-12.10.22-2-1536x1023.jpeg 1536w, https:\/\/infotorrent.es\/wp-content\/uploads\/2026\/03\/WhatsApp-Image-2026-03-11-at-12.10.22-2.jpeg 1600w\" sizes=\"(max-width: 1024px) 100vw, 1024px\" \/><\/figure>\n<\/figure>\n\n\n\n<figure class=\"wp-block-image size-large\"><img loading=\"lazy\" decoding=\"async\" width=\"768\" height=\"1024\" src=\"https:\/\/infotorrent.es\/wp-content\/uploads\/2026\/03\/WhatsApp-Image-2026-03-11-at-12.25.07-768x1024.jpeg\" alt=\"\" class=\"wp-image-93541\" srcset=\"https:\/\/infotorrent.es\/wp-content\/uploads\/2026\/03\/WhatsApp-Image-2026-03-11-at-12.25.07-768x1024.jpeg 768w, https:\/\/infotorrent.es\/wp-content\/uploads\/2026\/03\/WhatsApp-Image-2026-03-11-at-12.25.07-225x300.jpeg 225w, https:\/\/infotorrent.es\/wp-content\/uploads\/2026\/03\/WhatsApp-Image-2026-03-11-at-12.25.07-1152x1536.jpeg 1152w, https:\/\/infotorrent.es\/wp-content\/uploads\/2026\/03\/WhatsApp-Image-2026-03-11-at-12.25.07.jpeg 1200w\" sizes=\"(max-width: 768px) 100vw, 768px\" \/><\/figure>\n","protected":false},"excerpt":{"rendered":"<p>L&#8217;Ajuntament de Torrent ha guardat este dimarts un minut de silenci amb motiu del Dia Europeu de les V\u00edctimes del Terrorisme, que es commemora cada 11 de mar\u00e7 en record de les v\u00edctimes dels atemptats ocorreguts a Madrid en 2004. A les 12.00 hores, a les portes del consistori, s&#8217;han concentrat l&#8217;alcaldessa de Torrent, Amparo [&hellip;]<\/p>\n","protected":false},"author":21,"featured_media":93545,"comment_status":"open","ping_status":"open","sticky":false,"template":"","format":"standard","meta":{"_acf_changed":false,"footnotes":""},"categories":[141,1190],"tags":[],"class_list":["post-93550","post","type-post","status-publish","format-standard","has-post-thumbnail","hentry","category-alcaldia-2","category-ayuntamiento-de-torrent-ca"],"acf":[],"_links":{"self":[{"href":"https:\/\/infotorrent.es\/ca\/wp-json\/wp\/v2\/posts\/93550","targetHints":{"allow":["GET"]}}],"collection":[{"href":"https:\/\/infotorrent.es\/ca\/wp-json\/wp\/v2\/posts"}],"about":[{"href":"https:\/\/infotorrent.es\/ca\/wp-json\/wp\/v2\/types\/post"}],"author":[{"embeddable":true,"href":"https:\/\/infotorrent.es\/ca\/wp-json\/wp\/v2\/users\/21"}],"replies":[{"embeddable":true,"href":"https:\/\/infotorrent.es\/ca\/wp-json\/wp\/v2\/comments?post=93550"}],"version-history":[{"count":1,"href":"https:\/\/infotorrent.es\/ca\/wp-json\/wp\/v2\/posts\/93550\/revisions"}],"predecessor-version":[{"id":93552,"href":"https:\/\/infotorrent.es\/ca\/wp-json\/wp\/v2\/posts\/93550\/revisions\/93552"}],"wp:featuredmedia":[{"embeddable":true,"href":"https:\/\/infotorrent.es\/ca\/wp-json\/wp\/v2\/media\/93545"}],"wp:attachment":[{"href":"https:\/\/infotorrent.es\/ca\/wp-json\/wp\/v2\/media?parent=93550"}],"wp:term":[{"taxonomy":"category","embeddable":true,"href":"https:\/\/infotorrent.es\/ca\/wp-json\/wp\/v2\/categories?post=93550"},{"taxonomy":"post_tag","embeddable":true,"href":"https:\/\/infotorrent.es\/ca\/wp-json\/wp\/v2\/tags?post=93550"}],"curies":[{"name":"wp","href":"https:\/\/api.w.org\/{rel}","templated":true}]}}