{"id":9354,"date":"2018-03-14T15:17:17","date_gmt":"2018-03-14T15:17:17","guid":{"rendered":"https:\/\/infotorrent.es\/uncategorized\/els-directors-dels-collegis-trien-els-seus-representants-en-el-consell-escolar-municipal\/"},"modified":"2018-03-14T15:14:12","modified_gmt":"2018-03-14T15:14:12","slug":"els-directors-dels-collegis-trien-els-seus-representants-en-el-consell-escolar-municipal","status":"publish","type":"post","link":"https:\/\/infotorrent.es\/ca\/noticies\/els-directors-dels-collegis-trien-els-seus-representants-en-el-consell-escolar-municipal\/","title":{"rendered":"Els directors dels col\u00b7legis trien els seus representants en el Consell Escolar Municipal"},"content":{"rendered":"<p style=\"text-align: justify;\">Els directors dels col\u00b7legis de la ciutat triaren ahir els seus representants en el Consell Escolar Municipal, un proc\u00e9s que la regidora d\u2019Educaci\u00f3, Patricia S\u00e1ez, va seguir en primera persona. Al llarg de la vesprada, per la seu d&#8217;Educaci\u00f3 passaren els caps dels centres p\u00fablics i concertats per a dipositar el seu vot. Quant als centres privats concertats han sigut triats Beatriz Botella Castellets, C\u00e1ndida Mar\u00eda Marco Navarro i Ram\u00f3n Torres L\u00f3pez de la Nieta. Per la seua banda, els representants dels col\u00b7legis p\u00fablics en el Consell Escolar Municipal seran Remedios Esteve Mateu, Carlos Justo Guti\u00e9rrez i Jesus Marcote Icart.<\/p>\n<p style=\"text-align: justify;\">\u00a0\u00a0<img fetchpriority=\"high\" decoding=\"async\" class=\"size-full wp-image-11693 aligncenter\" src=\"https:\/\/www.infotorrent.es\/wp-content\/uploads\/2018\/03\/eleccions_consell_1.jpg\" alt=\"\" width=\"768\" height=\"512\" \/><\/p>\n<p>&nbsp;<\/p>\n","protected":false},"excerpt":{"rendered":"<p>Els directors dels col\u00b7legis de la ciutat triaren ahir els seus representants en el Consell Escolar Municipal, un proc\u00e9s que la regidora d\u2019Educaci\u00f3, Patricia S\u00e1ez, va seguir en primera persona. Al llarg de la vesprada, per la seu d&#8217;Educaci\u00f3 passaren els caps dels centres p\u00fablics i concertats per a dipositar el seu vot. Quant als [&hellip;]<\/p>\n","protected":false},"author":3,"featured_media":9356,"comment_status":"closed","ping_status":"open","sticky":false,"template":"","format":"standard","meta":{"_acf_changed":false,"footnotes":""},"categories":[121,116],"tags":[259],"class_list":["post-9354","post","type-post","status-publish","format-standard","has-post-thumbnail","hentry","category-educacio","category-noticies","tag-ajuntament-de-torrenttorrent"],"acf":[],"_links":{"self":[{"href":"https:\/\/infotorrent.es\/ca\/wp-json\/wp\/v2\/posts\/9354","targetHints":{"allow":["GET"]}}],"collection":[{"href":"https:\/\/infotorrent.es\/ca\/wp-json\/wp\/v2\/posts"}],"about":[{"href":"https:\/\/infotorrent.es\/ca\/wp-json\/wp\/v2\/types\/post"}],"author":[{"embeddable":true,"href":"https:\/\/infotorrent.es\/ca\/wp-json\/wp\/v2\/users\/3"}],"replies":[{"embeddable":true,"href":"https:\/\/infotorrent.es\/ca\/wp-json\/wp\/v2\/comments?post=9354"}],"version-history":[{"count":0,"href":"https:\/\/infotorrent.es\/ca\/wp-json\/wp\/v2\/posts\/9354\/revisions"}],"wp:featuredmedia":[{"embeddable":true,"href":"https:\/\/infotorrent.es\/ca\/wp-json\/wp\/v2\/media\/9356"}],"wp:attachment":[{"href":"https:\/\/infotorrent.es\/ca\/wp-json\/wp\/v2\/media?parent=9354"}],"wp:term":[{"taxonomy":"category","embeddable":true,"href":"https:\/\/infotorrent.es\/ca\/wp-json\/wp\/v2\/categories?post=9354"},{"taxonomy":"post_tag","embeddable":true,"href":"https:\/\/infotorrent.es\/ca\/wp-json\/wp\/v2\/tags?post=9354"}],"curies":[{"name":"wp","href":"https:\/\/api.w.org\/{rel}","templated":true}]}}