{"id":93524,"date":"2026-03-10T13:00:50","date_gmt":"2026-03-10T12:00:50","guid":{"rendered":"https:\/\/infotorrent.es\/?p=93524"},"modified":"2026-03-10T13:08:28","modified_gmt":"2026-03-10T12:08:28","slug":"torrent-aprova-el-projecte-definitiu-de-reforma-integral-del-ceip-verge-del-rosari-dins-del-pla-edificant-amb-una-inversio-de-mes-de-26-milions-deuros","status":"publish","type":"post","link":"https:\/\/infotorrent.es\/ca\/noticies\/urbanisme\/torrent-aprova-el-projecte-definitiu-de-reforma-integral-del-ceip-verge-del-rosari-dins-del-pla-edificant-amb-una-inversio-de-mes-de-26-milions-deuros\/","title":{"rendered":"Torrent aprova el projecte definitiu de reforma integral del CEIP Verge del Rosari dins del Pla Edificant amb una inversi\u00f3 de m\u00e9s de 2,6 milions d&#8217;euros"},"content":{"rendered":"\n<p><strong>L&#8217;actuaci\u00f3 modernitzar\u00e0 de manera completa el centre, millorant l&#8217;accessibilitat, ampliant cuina i menjador, renovant patis i adaptant totes les instal\u00b7lacions a la normativa vigent<\/strong><\/p>\n\n\n\n<p>La Junta de Govern Local de l&#8217;Ajuntament de Torrent ha fet un pas decisiu en la reforma integral del CEIP Verge del Rosari amb l&#8217;aprovaci\u00f3 del projecte b\u00e0sic i d&#8217;execuci\u00f3 de les obres d&#8217;adequaci\u00f3 del centre, en el marc del Pla Edificant de la Generalitat Valenciana.<\/p>\n\n\n\n<p>L&#8217;actuaci\u00f3 compta amb un finan\u00e7ament delegat per la Conselleria d&#8217;Educaci\u00f3 per import de 2.713.306,62 euros i un pressupost de licitaci\u00f3 de 2.605.958,08 euros (IVA incl\u00f2s).<\/p>\n\n\n\n<p><strong>Una reforma integral en un centre de m\u00e9s de 3.600 m\u00b2<\/strong><\/p>\n\n\n\n<p>El CEIP Verge del Rosari, situat al carrer Gabriela Mistral, 4, ocupa una parcel\u00b7la de 4.313 m\u00b2 i disposa d&#8217;aproximadament 3.673 m\u00b2 constru\u00efts distribu\u00efts en dos blocs: l&#8217;edifici de Prim\u00e0ria (PB+3) i l&#8217;edifici d&#8217;Infantil (PB+1).<\/p>\n\n\n\n<p>El projecte contempla una actuaci\u00f3 integral que abasta tant espais interiors com exteriors, amb m\u00e9s de 1.600 m\u00b2 de reformes interiors i m\u00e9s de 3.100 m\u00b2 d&#8217;intervencions en patis i zones exteriors, incloent-hi noves construccions auxiliars, p\u00e8rgoles, rampes i \u00e0rees de joc.<\/p>\n\n\n\n<p><strong>Principals actuacions previstes<\/strong><\/p>\n\n\n\n<p>La intervenci\u00f3 s&#8217;estructura en diversos blocs d&#8217;actuaci\u00f3:<\/p>\n\n\n\n<p>\u2022&nbsp;&nbsp;&nbsp;&nbsp;&nbsp;&nbsp;&nbsp;&nbsp;Ampliaci\u00f3 i modernitzaci\u00f3 de cuina i menjador<\/p>\n\n\n\n<p>S&#8217;ampliar\u00e0 la cuina i es reorganitzar\u00e0 el menjador per a adaptar-los al nombre real d&#8217;alumnes, traslladant les antigues aules de 2 anys a l&#8217;edifici d&#8217;Infantil i generant un espai m\u00e9s funcional, segur i eficient.<\/p>\n\n\n\n<p>\u2022&nbsp;&nbsp;&nbsp;&nbsp;&nbsp;&nbsp;&nbsp;&nbsp;Reorganitzaci\u00f3 de l&#8217;\u00e0rea d&#8217;acc\u00e9s i administraci\u00f3<\/p>\n\n\n\n<p>S&#8217;ampliar\u00e0 el vest\u00edbul principal, es reubicar\u00e0 la consergeria i es reorganitzaran despatxos i zones administratives. A m\u00e9s, es rebaixar\u00e0 la cota de la planta baixa per a eliminar barreres arquitect\u00f2niques i connectar a nivell amb el pati.<\/p>\n\n\n\n<p>\u2022&nbsp;&nbsp;&nbsp;&nbsp;&nbsp;&nbsp;&nbsp;&nbsp;Reforma completa de banys i vestuaris<\/p>\n\n\n\n<p>S&#8217;ampliaran els lavabos de segona i tercera planta, incorporant cabines accessibles. En Infantil, cada aula comptar\u00e0 amb bany propi i s&#8217;habilitaran lavabos adaptats d&#8217;\u00fas general.<\/p>\n\n\n\n<p>\u2022&nbsp;&nbsp;&nbsp;&nbsp;&nbsp;&nbsp;&nbsp;&nbsp;Nova biblioteca i sala polivalent<\/p>\n\n\n\n<p>Es reorganitzaran espais per a crear una biblioteca moderna i una sala polivalent connectades tant amb l&#8217;acc\u00e9s principal com amb el pati.<\/p>\n\n\n\n<p>\u2022&nbsp;&nbsp;&nbsp;&nbsp;&nbsp;&nbsp;&nbsp;&nbsp;Reordenaci\u00f3 integral de l&#8217;edifici d&#8217;Infantil<\/p>\n\n\n\n<p>Es generaran huit aules adaptades al programa funcional del Pla Edificant, amb il\u00b7luminaci\u00f3 i ventilaci\u00f3 natural, zona de descans i acc\u00e9s directe a l&#8217;exterior.<\/p>\n\n\n\n<p>\u2022&nbsp;&nbsp;&nbsp;&nbsp;&nbsp;&nbsp;&nbsp;&nbsp;Accessibilitat universal<\/p>\n\n\n\n<p>S&#8217;eliminaran barreres arquitect\u00f2niques i s&#8217;integraran ascensors, garantint l&#8217;acc\u00e9s a totes les plantes de l&#8217;edifici.<\/p>\n\n\n\n<p>\u2022&nbsp;&nbsp;&nbsp;&nbsp;&nbsp;&nbsp;&nbsp;&nbsp;Adequaci\u00f3 de patis i zones de joc<\/p>\n\n\n\n<p>S&#8217;intervindr\u00e0 en m\u00e9s de 3.100 m\u00b2 exteriors, millorant paviments, creant zones d&#8217;ombra, noves \u00e0rees de joc, rampes accessibles i espais estanciales m\u00e9s segurs i funcionals.<\/p>\n\n\n\n<p>\u2022&nbsp;&nbsp;&nbsp;&nbsp;&nbsp;&nbsp;&nbsp;&nbsp;Protecci\u00f3 solar de la fa\u00e7ana sud<\/p>\n\n\n\n<p>S&#8217;incorporaran elements de protecci\u00f3 solar per a millorar el confort t\u00e8rmic i l&#8217;efici\u00e8ncia energ\u00e8tica.<\/p>\n\n\n\n<p>L&#8217;alcaldessa de Torrent, Amparo Folgado ha subratllat la import\u00e0ncia estrat\u00e8gica d&#8217;esta actuaci\u00f3,&nbsp;<strong>\u201cestem parlant d&#8217;una reforma integral que transforma per complet el CEIP Verge del Rosari. No \u00e9s una intervenci\u00f3 puntual, sin\u00f3 una modernitzaci\u00f3 profunda que millora l&#8217;accessibilitat, amplia espais essencials com la cuina i el menjador, dignifica els patis i adapta tot el centre a la normativa actual. \u00c9s una inversi\u00f3 hist\u00f2rica en educaci\u00f3 p\u00fablica per a Torrent\u201d.<\/strong><\/p>\n\n\n\n<p>L&#8217;alcaldessa ha afegit que,&nbsp;<strong>\u201cel nostre comprom\u00eds \u00e9s clar: oferir als nostres xiquets i xiquetes instal\u00b7lacions segures, accessibles i preparades per al futur. Amb esta actuaci\u00f3 donem resposta a necessitats estructurals que portaven anys pendents i garantim un entorn educatiu de qualitat\u201d.<\/strong><\/p>\n\n\n\n<p>Per part seua, el regidor de l&#8217;\u00e0rea d&#8217;Urbanisme ha destacat el treball t\u00e8cnic realitzat,&nbsp;<strong>\u201cel projecte ha sigut exhaustivament supervisat i complix amb tots els requisits del Codi T\u00e8cnic de l&#8217;Edificaci\u00f3. \u00c9s una obra completa, t\u00e8cnicament solvent i perfectament definida per a la seua execuci\u00f3. Estem davant una actuaci\u00f3 que millora tant el funcionament diari del centre com la seua efici\u00e8ncia i seguretat\u201d.<\/strong><\/p>\n\n\n\n<p>I ha afegit,&nbsp;<strong>\u201cel Pla Edificant ens permet actuar amb responsabilitat i planificaci\u00f3. Esta reforma no sols corregix defici\u00e8ncies existents, sin\u00f3 que actualitza el centre als est\u00e0ndards educatius i constructius del segle XXI\u201d.<\/strong><\/p>\n\n\n\n<p>Amb esta aprovaci\u00f3, l&#8217;Ajuntament de Torrent continua avan\u00e7ant en la millora de les infraestructures educatives del municipi, refor\u00e7ant la seua aposta per una educaci\u00f3 p\u00fablica de qualitat, moderna, accessible i adaptada a les necessitats reals de la comunitat escolar.<\/p>\n\n\n\n<figure class=\"wp-block-image size-large\"><img fetchpriority=\"high\" decoding=\"async\" width=\"1024\" height=\"664\" src=\"https:\/\/infotorrent.es\/wp-content\/uploads\/2026\/03\/1-72-1024x664.jpg\" alt=\"\" class=\"wp-image-93521\" srcset=\"https:\/\/infotorrent.es\/wp-content\/uploads\/2026\/03\/1-72-1024x664.jpg 1024w, https:\/\/infotorrent.es\/wp-content\/uploads\/2026\/03\/1-72-300x195.jpg 300w, https:\/\/infotorrent.es\/wp-content\/uploads\/2026\/03\/1-72-768x498.jpg 768w, https:\/\/infotorrent.es\/wp-content\/uploads\/2026\/03\/1-72-1536x996.jpg 1536w, https:\/\/infotorrent.es\/wp-content\/uploads\/2026\/03\/1-72.jpg 1600w\" sizes=\"(max-width: 1024px) 100vw, 1024px\" \/><\/figure>\n","protected":false},"excerpt":{"rendered":"<p>L&#8217;actuaci\u00f3 modernitzar\u00e0 de manera completa el centre, millorant l&#8217;accessibilitat, ampliant cuina i menjador, renovant patis i adaptant totes les instal\u00b7lacions a la normativa vigent La Junta de Govern Local de l&#8217;Ajuntament de Torrent ha fet un pas decisiu en la reforma integral del CEIP Verge del Rosari amb l&#8217;aprovaci\u00f3 del projecte b\u00e0sic i d&#8217;execuci\u00f3 de [&hellip;]<\/p>\n","protected":false},"author":21,"featured_media":93521,"comment_status":"open","ping_status":"open","sticky":false,"template":"","format":"standard","meta":{"_acf_changed":false,"footnotes":""},"categories":[141,133,140,1160],"tags":[],"class_list":["post-93524","post","type-post","status-publish","format-standard","has-post-thumbnail","hentry","category-alcaldia-2","category-urbanisme","category-urbanismo-3","category-urbanismo-noticias-ca"],"acf":[],"_links":{"self":[{"href":"https:\/\/infotorrent.es\/ca\/wp-json\/wp\/v2\/posts\/93524","targetHints":{"allow":["GET"]}}],"collection":[{"href":"https:\/\/infotorrent.es\/ca\/wp-json\/wp\/v2\/posts"}],"about":[{"href":"https:\/\/infotorrent.es\/ca\/wp-json\/wp\/v2\/types\/post"}],"author":[{"embeddable":true,"href":"https:\/\/infotorrent.es\/ca\/wp-json\/wp\/v2\/users\/21"}],"replies":[{"embeddable":true,"href":"https:\/\/infotorrent.es\/ca\/wp-json\/wp\/v2\/comments?post=93524"}],"version-history":[{"count":1,"href":"https:\/\/infotorrent.es\/ca\/wp-json\/wp\/v2\/posts\/93524\/revisions"}],"predecessor-version":[{"id":93526,"href":"https:\/\/infotorrent.es\/ca\/wp-json\/wp\/v2\/posts\/93524\/revisions\/93526"}],"wp:featuredmedia":[{"embeddable":true,"href":"https:\/\/infotorrent.es\/ca\/wp-json\/wp\/v2\/media\/93521"}],"wp:attachment":[{"href":"https:\/\/infotorrent.es\/ca\/wp-json\/wp\/v2\/media?parent=93524"}],"wp:term":[{"taxonomy":"category","embeddable":true,"href":"https:\/\/infotorrent.es\/ca\/wp-json\/wp\/v2\/categories?post=93524"},{"taxonomy":"post_tag","embeddable":true,"href":"https:\/\/infotorrent.es\/ca\/wp-json\/wp\/v2\/tags?post=93524"}],"curies":[{"name":"wp","href":"https:\/\/api.w.org\/{rel}","templated":true}]}}