{"id":93516,"date":"2026-03-10T12:31:23","date_gmt":"2026-03-10T11:31:23","guid":{"rendered":"https:\/\/infotorrent.es\/?p=93516"},"modified":"2026-03-10T12:35:33","modified_gmt":"2026-03-10T11:35:33","slug":"torrent-obri-un-nou-aparcament-gratuit-en-parc-central-amb-34-places","status":"publish","type":"post","link":"https:\/\/infotorrent.es\/ca\/noticies\/urbanisme\/torrent-obri-un-nou-aparcament-gratuit-en-parc-central-amb-34-places\/","title":{"rendered":"Torrent obri un nou aparcament gratu\u00eft en Parc Central amb 34 places"},"content":{"rendered":"\n<p><strong>El consistori habilita 585 places d\u2019estacionament gratu\u00eft en superf\u00edcie des de juny de 2023<\/strong><\/p>\n\n\n\n<p> L\u2019Ajuntament de Torrent continua ampliant la xarxa d\u2019estacionaments de la ciutat amb l\u2019obertura d\u2019un nou aparcament gratu\u00eft en superf\u00edcie al barri de Parc Central, on ja s\u2019han senyalitzat i obert 34 noves places d\u2019estacionament amb acc\u00e9s directe des de l\u2019avinguda Barcelona \u201992.<\/p>\n\n\n\n<p>El nou espai s\u2019ubica en s\u00f2l dotacional, entre les parcel\u00b7les on es construiran el futur Palau de Just\u00edcia i el Centre de Dia per a persones majors i amb diversitat funcional. Amb esta actuaci\u00f3, el consistori dona resposta a la demanda d\u2019estacionament en una de les zones amb major creixement residencial de la ciutat.<\/p>\n\n\n\n<p>L\u2019alcaldessa de Torrent, Amparo Folgado, ha destacat que \u201camb l\u2019obertura d\u2019este nou aparcament continuem fent passos per a facilitar el dia a dia dels ve\u00efns, especialment en barris en expansi\u00f3 com Parc Central, on l\u2019increment de poblaci\u00f3 fa necessari generar noves zones d\u2019estacionament accessibles i gratu\u00eftes\u201d.<\/p>\n\n\n\n<p>Folgado ha subratllat a m\u00e9s que \u201cl\u2019estrat\u00e8gia municipal passa per aprofitar solars disponibles per a posar-los al servici dels ciutadans mentre es desenvolupen els projectes definitius previstos en ells, optimitzant aix\u00ed els recursos i millorant la mobilitat als barris\u201d.<\/p>\n\n\n\n<p>Per la seua banda, el regidor d\u2019Urbanisme, Jos\u00e9 Francisco Gozalvo, ha explicat que \u201cl\u2019aparcament ja es troba operatiu despr\u00e9s dels treballs d\u2019adequaci\u00f3 i senyalitzaci\u00f3 realitzats en la parcel\u00b7la, que permeten oferir 34 places ben organitzades i amb acc\u00e9s directe des de l\u2019avinguda Barcelona \u201992\u201d. Aix\u00ed mateix, ha afegit que \u201ceste tipus d\u2019actuacions permeten respondre amb rapidesa a una necessitat molt concreta dels ve\u00efns mentre continuen avan\u00e7ant els projectes urban\u00edstics previstos en la zona\u201d.<\/p>\n\n\n\n<p><strong>Nou aparcament previst al barri de l\u2019Alter<\/strong><\/p>\n\n\n\n<p>En paral\u00b7lel a esta obertura, l\u2019Ajuntament ha anunciat tamb\u00e9 esta setmana la creaci\u00f3 d\u2019una nova zona d\u2019estacionament en superf\u00edcie al carrer Silla, al barri de l\u2019Alter, que ser\u00e0 possible despr\u00e9s de la recent compra de dos vivendes per part del consistori per a destinar el solar resultant a aparcament p\u00fablic i espai d\u2019esbarjo per als ve\u00efns.<\/p>\n\n\n\n<p>Segons ha explicat el regidor, \u201cesta actuaci\u00f3 permetr\u00e0 generar noves places en una zona on l\u2019aparcament \u00e9s especialment complicat, millorant aix\u00ed l\u2019accessibilitat i la qualitat de vida dels residents del barri\u201d.<\/p>\n\n\n\n<p><strong>Manteniment i neteja d\u2019aparcaments en solars<\/strong><\/p>\n\n\n\n<p>Aix\u00ed mateix, durant esta setmana l\u2019Ajuntament de Torrent est\u00e0 duent a terme treballs de manteniment i neteja en diversos aparcaments en superf\u00edcie ubicats en solars i amb ferm de zahorra, amb l\u2019objectiu de mantindre\u2019ls en condicions \u00f2ptimes d\u2019\u00fas.<\/p>\n\n\n\n<p>Entre els espais en qu\u00e8 s\u2019est\u00e0 actuant es troben l\u2019aparcament del carrer M\u00fasic Jos\u00e9 Ort\u00ed Soriano, el situat al carrer La Foyeta i el del carrer Alzira, al barri de la Marxadella.<\/p>\n\n\n\n<p>Estes tasques inclouen la retirada de residus, la neteja general de les parcel\u00b7les i treballs de manteniment del ferm per a garantir la seguretat i la comoditat dels usuaris.<\/p>\n\n\n\n<p><strong>M\u00e9s de 585 places noves d\u2019aparcament des de 2023<\/strong><\/p>\n\n\n\n<p>Esta nova actuaci\u00f3 s\u2019emmarca en el pla d\u2019ampliaci\u00f3 d\u2019estacionaments que l\u2019actual equip de govern desenvolupa des de juny de 2023. Entre les principals intervencions realitzades fins ara destaquen:<\/p>\n\n\n\n<ul class=\"wp-block-list\">\n<li>70 places al carrer 6 de Desembre \/ Pare M\u00e9ndez, recuperant un solar asfaltat que portava anys sense \u00fas i que ara torna a estar disponible en una zona amb alta demanda d\u2019estacionament, pr\u00f2xima al p\u00e0rquing subterrani de l\u2019avinguda Juan Carlos I.<\/li>\n\n\n\n<li>183 places al nou aparcament de l\u2019Hort de Tr\u00e9nor, totalment asfaltat, il\u00b7luminat i senyalitzat.<\/li>\n\n\n\n<li>15 places asfaltades al carrer Xirivella.<\/li>\n\n\n\n<li>54 places habilitades al Cam\u00ed la Noria, en col\u00b7laboraci\u00f3 amb FGV.<\/li>\n\n\n\n<li>35 places a la zona de la Marxadella, amb ferm de zahorra al carrer Orfe\u00f3 del Cercle Cat\u00f2lic.<\/li>\n\n\n\n<li>15 places reordenades i asfaltades als carrers Santa Teresita i Sant Llu\u00eds Bertran.<\/li>\n\n\n\n<li>80 places condicionades amb zahorra al solar situat entre els carrers Foyeta i Caja de Ahorros.<\/li>\n\n\n\n<li>M\u00e9s de 100 places al solar on s\u2019ubicar\u00e0 el futur tanc de tempestes de Parc Central, junt a la rotonda dels carrers Munich \u201972 i Londres \u201948.<\/li>\n\n\n\n<li>34 places al solar ubicat al carrer Barcelona \u201992.<\/li>\n<\/ul>\n\n\n\n<figure class=\"wp-block-image size-large\"><img fetchpriority=\"high\" decoding=\"async\" width=\"1024\" height=\"682\" src=\"https:\/\/infotorrent.es\/wp-content\/uploads\/2026\/03\/WhatsApp-Image-2026-03-10-at-12.14.43-1024x682.jpeg\" alt=\"\" class=\"wp-image-93513\" srcset=\"https:\/\/infotorrent.es\/wp-content\/uploads\/2026\/03\/WhatsApp-Image-2026-03-10-at-12.14.43-1024x682.jpeg 1024w, https:\/\/infotorrent.es\/wp-content\/uploads\/2026\/03\/WhatsApp-Image-2026-03-10-at-12.14.43-300x200.jpeg 300w, https:\/\/infotorrent.es\/wp-content\/uploads\/2026\/03\/WhatsApp-Image-2026-03-10-at-12.14.43-768x512.jpeg 768w, https:\/\/infotorrent.es\/wp-content\/uploads\/2026\/03\/WhatsApp-Image-2026-03-10-at-12.14.43-1536x1023.jpeg 1536w, https:\/\/infotorrent.es\/wp-content\/uploads\/2026\/03\/WhatsApp-Image-2026-03-10-at-12.14.43.jpeg 1600w\" sizes=\"(max-width: 1024px) 100vw, 1024px\" \/><\/figure>\n\n\n\n<figure class=\"wp-block-gallery has-nested-images columns-default is-cropped wp-block-gallery-1 is-layout-flex wp-block-gallery-is-layout-flex\">\n<figure class=\"wp-block-image size-large\"><img decoding=\"async\" width=\"1024\" height=\"682\" data-id=\"93511\" src=\"https:\/\/infotorrent.es\/wp-content\/uploads\/2026\/03\/WhatsApp-Image-2026-03-10-at-12.14.43-1-1024x682.jpeg\" alt=\"\" class=\"wp-image-93511\" srcset=\"https:\/\/infotorrent.es\/wp-content\/uploads\/2026\/03\/WhatsApp-Image-2026-03-10-at-12.14.43-1-1024x682.jpeg 1024w, https:\/\/infotorrent.es\/wp-content\/uploads\/2026\/03\/WhatsApp-Image-2026-03-10-at-12.14.43-1-300x200.jpeg 300w, https:\/\/infotorrent.es\/wp-content\/uploads\/2026\/03\/WhatsApp-Image-2026-03-10-at-12.14.43-1-768x512.jpeg 768w, https:\/\/infotorrent.es\/wp-content\/uploads\/2026\/03\/WhatsApp-Image-2026-03-10-at-12.14.43-1-1536x1023.jpeg 1536w, https:\/\/infotorrent.es\/wp-content\/uploads\/2026\/03\/WhatsApp-Image-2026-03-10-at-12.14.43-1.jpeg 1600w\" sizes=\"(max-width: 1024px) 100vw, 1024px\" \/><\/figure>\n\n\n\n<figure class=\"wp-block-image size-large\"><img decoding=\"async\" width=\"1024\" height=\"682\" data-id=\"93509\" src=\"https:\/\/infotorrent.es\/wp-content\/uploads\/2026\/03\/WhatsApp-Image-2026-03-10-at-12.14.43-2-1024x682.jpeg\" alt=\"\" class=\"wp-image-93509\" srcset=\"https:\/\/infotorrent.es\/wp-content\/uploads\/2026\/03\/WhatsApp-Image-2026-03-10-at-12.14.43-2-1024x682.jpeg 1024w, https:\/\/infotorrent.es\/wp-content\/uploads\/2026\/03\/WhatsApp-Image-2026-03-10-at-12.14.43-2-300x200.jpeg 300w, https:\/\/infotorrent.es\/wp-content\/uploads\/2026\/03\/WhatsApp-Image-2026-03-10-at-12.14.43-2-768x512.jpeg 768w, https:\/\/infotorrent.es\/wp-content\/uploads\/2026\/03\/WhatsApp-Image-2026-03-10-at-12.14.43-2-1536x1023.jpeg 1536w, https:\/\/infotorrent.es\/wp-content\/uploads\/2026\/03\/WhatsApp-Image-2026-03-10-at-12.14.43-2.jpeg 1600w\" sizes=\"(max-width: 1024px) 100vw, 1024px\" \/><\/figure>\n\n\n\n<figure class=\"wp-block-image size-large\"><img loading=\"lazy\" decoding=\"async\" width=\"1024\" height=\"682\" data-id=\"93507\" src=\"https:\/\/infotorrent.es\/wp-content\/uploads\/2026\/03\/WhatsApp-Image-2026-03-10-at-12.14.43-3-1024x682.jpeg\" alt=\"\" class=\"wp-image-93507\" srcset=\"https:\/\/infotorrent.es\/wp-content\/uploads\/2026\/03\/WhatsApp-Image-2026-03-10-at-12.14.43-3-1024x682.jpeg 1024w, https:\/\/infotorrent.es\/wp-content\/uploads\/2026\/03\/WhatsApp-Image-2026-03-10-at-12.14.43-3-300x200.jpeg 300w, https:\/\/infotorrent.es\/wp-content\/uploads\/2026\/03\/WhatsApp-Image-2026-03-10-at-12.14.43-3-768x512.jpeg 768w, https:\/\/infotorrent.es\/wp-content\/uploads\/2026\/03\/WhatsApp-Image-2026-03-10-at-12.14.43-3-1536x1023.jpeg 1536w, https:\/\/infotorrent.es\/wp-content\/uploads\/2026\/03\/WhatsApp-Image-2026-03-10-at-12.14.43-3.jpeg 1600w\" sizes=\"(max-width: 1024px) 100vw, 1024px\" \/><\/figure>\n<\/figure>\n","protected":false},"excerpt":{"rendered":"<p>El consistori habilita 585 places d\u2019estacionament gratu\u00eft en superf\u00edcie des de juny de 2023 L\u2019Ajuntament de Torrent continua ampliant la xarxa d\u2019estacionaments de la ciutat amb l\u2019obertura d\u2019un nou aparcament gratu\u00eft en superf\u00edcie al barri de Parc Central, on ja s\u2019han senyalitzat i obert 34 noves places d\u2019estacionament amb acc\u00e9s directe des de l\u2019avinguda Barcelona [&hellip;]<\/p>\n","protected":false},"author":21,"featured_media":93511,"comment_status":"open","ping_status":"open","sticky":false,"template":"","format":"standard","meta":{"_acf_changed":false,"footnotes":""},"categories":[141,133,140,1160],"tags":[],"class_list":["post-93516","post","type-post","status-publish","format-standard","has-post-thumbnail","hentry","category-alcaldia-2","category-urbanisme","category-urbanismo-3","category-urbanismo-noticias-ca"],"acf":[],"_links":{"self":[{"href":"https:\/\/infotorrent.es\/ca\/wp-json\/wp\/v2\/posts\/93516","targetHints":{"allow":["GET"]}}],"collection":[{"href":"https:\/\/infotorrent.es\/ca\/wp-json\/wp\/v2\/posts"}],"about":[{"href":"https:\/\/infotorrent.es\/ca\/wp-json\/wp\/v2\/types\/post"}],"author":[{"embeddable":true,"href":"https:\/\/infotorrent.es\/ca\/wp-json\/wp\/v2\/users\/21"}],"replies":[{"embeddable":true,"href":"https:\/\/infotorrent.es\/ca\/wp-json\/wp\/v2\/comments?post=93516"}],"version-history":[{"count":1,"href":"https:\/\/infotorrent.es\/ca\/wp-json\/wp\/v2\/posts\/93516\/revisions"}],"predecessor-version":[{"id":93518,"href":"https:\/\/infotorrent.es\/ca\/wp-json\/wp\/v2\/posts\/93516\/revisions\/93518"}],"wp:featuredmedia":[{"embeddable":true,"href":"https:\/\/infotorrent.es\/ca\/wp-json\/wp\/v2\/media\/93511"}],"wp:attachment":[{"href":"https:\/\/infotorrent.es\/ca\/wp-json\/wp\/v2\/media?parent=93516"}],"wp:term":[{"taxonomy":"category","embeddable":true,"href":"https:\/\/infotorrent.es\/ca\/wp-json\/wp\/v2\/categories?post=93516"},{"taxonomy":"post_tag","embeddable":true,"href":"https:\/\/infotorrent.es\/ca\/wp-json\/wp\/v2\/tags?post=93516"}],"curies":[{"name":"wp","href":"https:\/\/api.w.org\/{rel}","templated":true}]}}