{"id":9348,"date":"2018-03-13T14:49:48","date_gmt":"2018-03-13T14:49:48","guid":{"rendered":"https:\/\/infotorrent.es\/uncategorized\/torrent-campio-zonal-dels-jecv-de-raspall\/"},"modified":"2018-03-13T14:45:50","modified_gmt":"2018-03-13T14:45:50","slug":"torrent-campio-zonal-dels-jecv-de-raspall","status":"publish","type":"post","link":"https:\/\/infotorrent.es\/ca\/noticies\/torrent-campio-zonal-dels-jecv-de-raspall\/","title":{"rendered":"Torrent, campi\u00f3 zonal dels JECV de raspall"},"content":{"rendered":"<p style=\"text-align: justify;\">El trinquet Jos\u00e9 Mar\u00eda Veguer acoll\u00ed este cap de setmana les finals zonals d\u2019iniciaci\u00f3 dels XXXVI Jocs Esportius de la Comunitat Valenciana de raspall. Les escoles de Torrent, Rafelbunyol, Marquesat i Tavernes Blanques han participat en estes primeres finals, en qu\u00e8 els participants torrentins de les categories benjam\u00ed i alev\u00ed van triomfar en unes partides molt emocionants.<\/p>\n<p style=\"text-align: justify;\">En categoria benjam\u00ed, Torrent va guanyar per 20 a 5 a l\u2019equip de Rafelbunyol A. Quant a la categoria alev\u00ed, Torrent B va guanyar per 25 a 0 a l\u2019equip de Marquesat A. La regidora d&#8217;Esports, Nadia Mar\u00edn, acompanyada del vicepresident de la Federaci\u00f3 de Pilota Valenciana, Conrado Ferrando, van lliurar les medalles i els trofeus als finalistes.<\/p>\n<p style=\"text-align: justify;\"><strong>Petanca fallera<br \/>\n<\/strong>D\u2019altra banda, Mar\u00edn tamb\u00e9 va entregar, divendres de vesprada, els premis del Campionat Faller de Petanca, al costat del regidor de Benestar Social, Francesc Carbonell. L\u2019acte va reunir els participants d&#8217;este torneig els quals, a m\u00e9s d&#8217;arreplegar els guardons, van fer un berenar amb xocolate i bunyols.<\/p>\n<p><img fetchpriority=\"high\" decoding=\"async\" class=\"alignnone size-full wp-image-11663\" src=\"https:\/\/www.infotorrent.es\/wp-content\/uploads\/2018\/03\/petanca_torrent-Copy.jpg\" alt=\"\" width=\"740\" height=\"493\" \/><\/p>\n","protected":false},"excerpt":{"rendered":"<p>El trinquet Jos\u00e9 Mar\u00eda Veguer acoll\u00ed este cap de setmana les finals zonals d\u2019iniciaci\u00f3 dels XXXVI Jocs Esportius de la Comunitat Valenciana de raspall. Les escoles de Torrent, Rafelbunyol, Marquesat i Tavernes Blanques han participat en estes primeres finals, en qu\u00e8 els participants torrentins de les categories benjam\u00ed i alev\u00ed van triomfar en unes partides [&hellip;]<\/p>\n","protected":false},"author":9,"featured_media":9350,"comment_status":"closed","ping_status":"open","sticky":false,"template":"","format":"standard","meta":{"_acf_changed":false,"footnotes":""},"categories":[123,116],"tags":[870],"class_list":["post-9348","post","type-post","status-publish","format-standard","has-post-thumbnail","hentry","category-joventut-i-esports","category-noticies","tag-francesc-carbonelljocs-esportiusnadia-marinrafelbunyol-marquesatraspalltavernes-blanquestorrent"],"acf":[],"_links":{"self":[{"href":"https:\/\/infotorrent.es\/ca\/wp-json\/wp\/v2\/posts\/9348","targetHints":{"allow":["GET"]}}],"collection":[{"href":"https:\/\/infotorrent.es\/ca\/wp-json\/wp\/v2\/posts"}],"about":[{"href":"https:\/\/infotorrent.es\/ca\/wp-json\/wp\/v2\/types\/post"}],"author":[{"embeddable":true,"href":"https:\/\/infotorrent.es\/ca\/wp-json\/wp\/v2\/users\/9"}],"replies":[{"embeddable":true,"href":"https:\/\/infotorrent.es\/ca\/wp-json\/wp\/v2\/comments?post=9348"}],"version-history":[{"count":0,"href":"https:\/\/infotorrent.es\/ca\/wp-json\/wp\/v2\/posts\/9348\/revisions"}],"wp:featuredmedia":[{"embeddable":true,"href":"https:\/\/infotorrent.es\/ca\/wp-json\/wp\/v2\/media\/9350"}],"wp:attachment":[{"href":"https:\/\/infotorrent.es\/ca\/wp-json\/wp\/v2\/media?parent=9348"}],"wp:term":[{"taxonomy":"category","embeddable":true,"href":"https:\/\/infotorrent.es\/ca\/wp-json\/wp\/v2\/categories?post=9348"},{"taxonomy":"post_tag","embeddable":true,"href":"https:\/\/infotorrent.es\/ca\/wp-json\/wp\/v2\/tags?post=9348"}],"curies":[{"name":"wp","href":"https:\/\/api.w.org\/{rel}","templated":true}]}}