{"id":93457,"date":"2026-03-09T20:36:08","date_gmt":"2026-03-09T19:36:08","guid":{"rendered":"https:\/\/infotorrent.es\/?p=93457"},"modified":"2026-03-09T20:36:13","modified_gmt":"2026-03-09T19:36:13","slug":"torrent-rep-a-lajuntament-a-11-professors-participants-en-un-projecte-erasmus-del-programa-ka210sch","status":"publish","type":"post","link":"https:\/\/infotorrent.es\/ca\/alcaldia-2\/torrent-rep-a-lajuntament-a-11-professors-participants-en-un-projecte-erasmus-del-programa-ka210sch\/","title":{"rendered":"Torrent rep a l&#8217;Ajuntament a 11 professors participants en un projecte Erasmus+ del programa KA210sch"},"content":{"rendered":"\n<p><strong>El professorat visitant coneix la hist\u00f2ria, tradicions i realitat actual de la ciutat en una recepci\u00f3 institucional en el sal\u00f3 de plens<\/strong><\/p>\n\n\n\n<p><strong>El CEIP Federico Maicas participa al costat de centres de Turquia i It\u00e0lia en un projecte europeu d&#8217;innovaci\u00f3 educativa basat en intel\u00b7lig\u00e8ncia artificial i ensenyan\u00e7a d&#8217;idiomes<\/strong><\/p>\n\n\n\n<p>L&#8217;Ajuntament de Torrent ha rebut este mat\u00ed la visita d&#8217;11 professors europeus participants en un projecte del programa Erasmus+, que es troben a la ciutat en el marc d&#8217;una iniciativa educativa impulsada pel CEIP Federico Maicas.<\/p>\n\n\n\n<p>La recepci\u00f3 institucional s&#8217;ha celebrat en el sal\u00f3 de plens del consistori, on el cap de gabinet d&#8217;Alcaldia, historiador i investigador, Bor C\u00edscar, ha donat la benvinguda al grup i els ha oferit una explicaci\u00f3 sobre la hist\u00f2ria, les tradicions i la realitat social i econ\u00f2mica de la ciutat.<\/p>\n\n\n\n<p>Durant la trobada, els docents han pogut con\u00e9ixer de primera m\u00e0 alguns dels aspectes m\u00e9s representatius de Torrent, una ciutat pr\u00f2xima als 100.000 habitants i amb una intensa vida cultural, educativa i associativa. La visita ha servit tamb\u00e9 per a refor\u00e7ar els lla\u00e7os entre els centres educatius participants i per a mostrar l&#8217;hospitalitat de la ciutat amb els projectes internacionals vinculats a l&#8217;\u00e0mbit educatiu.<\/p>\n\n\n\n<p><strong>Una aproximaci\u00f3 a la hist\u00f2ria i la identitat de Torrent<\/strong><\/p>\n\n\n\n<p>En la seua intervenci\u00f3, Bor C\u00edscar va realitzar una exposici\u00f3 divulgativa sobre els or\u00edgens i evoluci\u00f3 de Torrent, des dels primers assentaments en l&#8217;Edat del Bronze en el Vedat fins al desenrotllament urb\u00e0 actual, passant per les etapes romana, andalusina i cristiana.<\/p>\n\n\n\n<p>A m\u00e9s, va explicar alguns trets caracter\u00edstics del municipi, com el seu teixit econ\u00f2mic, el seu creixement demogr\u00e0fic i l&#8217;important calendari festiu que forma part de la identitat torrentina, amb celebracions com les Falles, la Setmana Santa o les festes patronals.<\/p>\n\n\n\n<p>C\u00edscar va destacar que este tipus de trobades contribu\u00efxen a projectar la ciutat en l&#8217;\u00e0mbit europeu i a enfortir l&#8217;intercanvi cultural i educatiu entre comunitats escolars de diferents pa\u00efsos.<\/p>\n\n\n\n<p>En este sentit, va assenyalar que <strong>\u201cTorrent \u00e9s una ciutat oberta, amb una gran tradici\u00f3 educativa i cultural, i sempre \u00e9s un orgull rebre a docents d&#8217;altres pa\u00efsos que participen en projectes europeus que fomenten l&#8217;aprenentatge, la cooperaci\u00f3 i el coneixement mutu\u201d.<\/strong><\/p>\n\n\n\n<p>Aix\u00ed mateix, va subratllar que <strong>\u201cl&#8217;educaci\u00f3 \u00e9s una de les ferramentes m\u00e9s poderoses per a acostar cultures i construir una Europa basada en valors compartits com la cooperaci\u00f3, la innovaci\u00f3 i el respecte\u201d.<\/strong><\/p>\n\n\n\n<p><strong>Un projecte europeu d&#8217;innovaci\u00f3 educativa<\/strong><\/p>\n\n\n\n<p>La visita del professorat s&#8217;emmarca en un projecte Erasmus+ del tipus KA210sch, una modalitat destinada a xicotetes associacions de cooperaci\u00f3 entre centres escolars europeus, que permet desenrotllar iniciatives educatives conjuntes centrades en la innovaci\u00f3 pedag\u00f2gica, l&#8217;intercanvi d&#8217;experi\u00e8ncies i l&#8217;aprenentatge col\u00b7laboratiu.<\/p>\n\n\n\n<p>En este cas, el CEIP Federico Maicas de Torrent participa al costat de dos centres educatius de Turquia i un d&#8217;It\u00e0lia, amb els quals desenrotlla un projecte educatiu recolzat en la plataforma eTwinning.<\/p>\n\n\n\n<p>L&#8217;objectiu principal d&#8217;esta iniciativa \u00e9s elaborar materials did\u00e0ctics innovadors per a l&#8217;ensenyan\u00e7a d&#8217;idiomes mitjan\u00e7ant l&#8217;\u00fas de ferramentes d&#8217;intel\u00b7lig\u00e8ncia artificial, fomentant metodologies m\u00e9s din\u00e0miques i adaptades als reptes educatius actuals.<\/p>\n\n\n\n<p>Els centres participants treballen de manera col\u00b7laborativa en la creaci\u00f3 de recursos educatius que posteriorment compartixen entre si i apliquen a les seues aules, la qual cosa permet enriquir el proc\u00e9s d&#8217;aprenentatge de l&#8217;alumnat i afavorir la cooperaci\u00f3 entre docents de diferents pa\u00efsos.<\/p>\n\n\n\n<p><strong>Educaci\u00f3, cooperaci\u00f3 i valors europeus<\/strong><\/p>\n\n\n\n<p>Un dels aspectes destacats del projecte \u00e9s la participaci\u00f3 de centres educatius de Turquia, un pa\u00eds que, encara que no pertany a la Uni\u00f3 Europea, participa activament en iniciatives Erasmus i compartix els principis i valors que promou el programa educatiu europeu.<\/p>\n\n\n\n<p>Des del CEIP Federico Maicas s&#8217;ha posat de manifest la import\u00e0ncia d&#8217;esta mena de projectes per a obrir el centre al m\u00f3n i fomentar la cooperaci\u00f3 internacional, mostrant a m\u00e9s una clara voluntat de col\u00b7laboraci\u00f3 educativa amb centres de diferents pa\u00efsos.<\/p>\n\n\n\n<p><strong>Torrent, ciutat compromesa amb l&#8217;educaci\u00f3 i la cooperaci\u00f3 internacional<\/strong><\/p>\n\n\n\n<p>La visita del professorat Erasmus se suma a altres iniciatives d&#8217;intercanvi educatiu que es desenrotllen a la ciutat al llarg del curs escolar i que impliquen diversos centres educatius de Torrent.<\/p>\n\n\n\n<p>L&#8217;Ajuntament mant\u00e9 aix\u00ed el seu comprom\u00eds amb la promoci\u00f3 de l&#8217;educaci\u00f3, la innovaci\u00f3 pedag\u00f2gica i la projecci\u00f3 internacional de la ciutat, facilitant espais de trobada entre docents i estudiants de diferents pa\u00efsos.<\/p>\n\n\n\n<p>Este tipus d&#8217;experi\u00e8ncies contribu\u00efxen a enfortir el coneixement mutu entre cultures, promoure l&#8217;aprenentatge d&#8217;idiomes i consolidar xarxes de cooperaci\u00f3 educativa que enriquixen tant als centres participants com a la comunitat educativa en el seu conjunt.<\/p>\n\n\n\n<figure class=\"wp-block-image size-large\"><img fetchpriority=\"high\" decoding=\"async\" width=\"1024\" height=\"682\" src=\"https:\/\/infotorrent.es\/wp-content\/uploads\/2026\/03\/13-5-1024x682.jpg\" alt=\"\" class=\"wp-image-93458\" srcset=\"https:\/\/infotorrent.es\/wp-content\/uploads\/2026\/03\/13-5-1024x682.jpg 1024w, https:\/\/infotorrent.es\/wp-content\/uploads\/2026\/03\/13-5-300x200.jpg 300w, https:\/\/infotorrent.es\/wp-content\/uploads\/2026\/03\/13-5-768x512.jpg 768w, https:\/\/infotorrent.es\/wp-content\/uploads\/2026\/03\/13-5-1536x1023.jpg 1536w, https:\/\/infotorrent.es\/wp-content\/uploads\/2026\/03\/13-5.jpg 1600w\" sizes=\"(max-width: 1024px) 100vw, 1024px\" \/><\/figure>\n\n\n\n<figure class=\"wp-block-gallery has-nested-images columns-default is-cropped wp-block-gallery-1 is-layout-flex wp-block-gallery-is-layout-flex\">\n<figure class=\"wp-block-image size-large\"><img decoding=\"async\" width=\"1024\" height=\"682\" data-id=\"93463\" src=\"https:\/\/infotorrent.es\/wp-content\/uploads\/2026\/03\/3-6-1024x682.jpg\" alt=\"\" class=\"wp-image-93463\" srcset=\"https:\/\/infotorrent.es\/wp-content\/uploads\/2026\/03\/3-6-1024x682.jpg 1024w, https:\/\/infotorrent.es\/wp-content\/uploads\/2026\/03\/3-6-300x200.jpg 300w, https:\/\/infotorrent.es\/wp-content\/uploads\/2026\/03\/3-6-768x512.jpg 768w, https:\/\/infotorrent.es\/wp-content\/uploads\/2026\/03\/3-6-1536x1023.jpg 1536w, https:\/\/infotorrent.es\/wp-content\/uploads\/2026\/03\/3-6.jpg 1600w\" sizes=\"(max-width: 1024px) 100vw, 1024px\" \/><\/figure>\n\n\n\n<figure class=\"wp-block-image size-large\"><img decoding=\"async\" width=\"1024\" height=\"682\" data-id=\"93461\" src=\"https:\/\/infotorrent.es\/wp-content\/uploads\/2026\/03\/6-5-1024x682.jpg\" alt=\"\" class=\"wp-image-93461\" srcset=\"https:\/\/infotorrent.es\/wp-content\/uploads\/2026\/03\/6-5-1024x682.jpg 1024w, https:\/\/infotorrent.es\/wp-content\/uploads\/2026\/03\/6-5-300x200.jpg 300w, https:\/\/infotorrent.es\/wp-content\/uploads\/2026\/03\/6-5-768x512.jpg 768w, https:\/\/infotorrent.es\/wp-content\/uploads\/2026\/03\/6-5-1536x1023.jpg 1536w, https:\/\/infotorrent.es\/wp-content\/uploads\/2026\/03\/6-5.jpg 1600w\" sizes=\"(max-width: 1024px) 100vw, 1024px\" \/><\/figure>\n<\/figure>\n\n\n\n<figure class=\"wp-block-gallery has-nested-images columns-default is-cropped wp-block-gallery-2 is-layout-flex wp-block-gallery-is-layout-flex\">\n<figure class=\"wp-block-image size-large\"><img loading=\"lazy\" decoding=\"async\" width=\"1024\" height=\"682\" data-id=\"93465\" src=\"https:\/\/infotorrent.es\/wp-content\/uploads\/2026\/03\/8-3-1024x682.jpg\" alt=\"\" class=\"wp-image-93465\" srcset=\"https:\/\/infotorrent.es\/wp-content\/uploads\/2026\/03\/8-3-1024x682.jpg 1024w, https:\/\/infotorrent.es\/wp-content\/uploads\/2026\/03\/8-3-300x200.jpg 300w, https:\/\/infotorrent.es\/wp-content\/uploads\/2026\/03\/8-3-768x512.jpg 768w, https:\/\/infotorrent.es\/wp-content\/uploads\/2026\/03\/8-3-1536x1023.jpg 1536w, https:\/\/infotorrent.es\/wp-content\/uploads\/2026\/03\/8-3.jpg 1600w\" sizes=\"(max-width: 1024px) 100vw, 1024px\" \/><\/figure>\n\n\n\n<figure class=\"wp-block-image size-large\"><img loading=\"lazy\" decoding=\"async\" width=\"1024\" height=\"682\" data-id=\"93467\" src=\"https:\/\/infotorrent.es\/wp-content\/uploads\/2026\/03\/7-7-1024x682.jpg\" alt=\"\" class=\"wp-image-93467\" srcset=\"https:\/\/infotorrent.es\/wp-content\/uploads\/2026\/03\/7-7-1024x682.jpg 1024w, https:\/\/infotorrent.es\/wp-content\/uploads\/2026\/03\/7-7-300x200.jpg 300w, https:\/\/infotorrent.es\/wp-content\/uploads\/2026\/03\/7-7-768x512.jpg 768w, https:\/\/infotorrent.es\/wp-content\/uploads\/2026\/03\/7-7-1536x1023.jpg 1536w, https:\/\/infotorrent.es\/wp-content\/uploads\/2026\/03\/7-7.jpg 1600w\" sizes=\"(max-width: 1024px) 100vw, 1024px\" \/><\/figure>\n<\/figure>\n\n\n\n<figure class=\"wp-block-image size-large\"><img loading=\"lazy\" decoding=\"async\" width=\"1024\" height=\"682\" src=\"https:\/\/infotorrent.es\/wp-content\/uploads\/2026\/03\/9-5-1024x682.jpg\" alt=\"\" class=\"wp-image-93469\" srcset=\"https:\/\/infotorrent.es\/wp-content\/uploads\/2026\/03\/9-5-1024x682.jpg 1024w, https:\/\/infotorrent.es\/wp-content\/uploads\/2026\/03\/9-5-300x200.jpg 300w, https:\/\/infotorrent.es\/wp-content\/uploads\/2026\/03\/9-5-768x512.jpg 768w, https:\/\/infotorrent.es\/wp-content\/uploads\/2026\/03\/9-5-1536x1023.jpg 1536w, https:\/\/infotorrent.es\/wp-content\/uploads\/2026\/03\/9-5.jpg 1600w\" sizes=\"(max-width: 1024px) 100vw, 1024px\" \/><\/figure>\n","protected":false},"excerpt":{"rendered":"<p>El professorat visitant coneix la hist\u00f2ria, tradicions i realitat actual de la ciutat en una recepci\u00f3 institucional en el sal\u00f3 de plens El CEIP Federico Maicas participa al costat de centres de Turquia i It\u00e0lia en un projecte europeu d&#8217;innovaci\u00f3 educativa basat en intel\u00b7lig\u00e8ncia artificial i ensenyan\u00e7a d&#8217;idiomes L&#8217;Ajuntament de Torrent ha rebut este mat\u00ed [&hellip;]<\/p>\n","protected":false},"author":20,"featured_media":93460,"comment_status":"open","ping_status":"open","sticky":false,"template":"","format":"standard","meta":{"_acf_changed":false,"footnotes":""},"categories":[141,1190,1184],"tags":[],"class_list":["post-93457","post","type-post","status-publish","format-standard","has-post-thumbnail","hentry","category-alcaldia-2","category-ayuntamiento-de-torrent-ca","category-educacio-educacion-noticias-ca"],"acf":[],"_links":{"self":[{"href":"https:\/\/infotorrent.es\/ca\/wp-json\/wp\/v2\/posts\/93457","targetHints":{"allow":["GET"]}}],"collection":[{"href":"https:\/\/infotorrent.es\/ca\/wp-json\/wp\/v2\/posts"}],"about":[{"href":"https:\/\/infotorrent.es\/ca\/wp-json\/wp\/v2\/types\/post"}],"author":[{"embeddable":true,"href":"https:\/\/infotorrent.es\/ca\/wp-json\/wp\/v2\/users\/20"}],"replies":[{"embeddable":true,"href":"https:\/\/infotorrent.es\/ca\/wp-json\/wp\/v2\/comments?post=93457"}],"version-history":[{"count":1,"href":"https:\/\/infotorrent.es\/ca\/wp-json\/wp\/v2\/posts\/93457\/revisions"}],"predecessor-version":[{"id":93471,"href":"https:\/\/infotorrent.es\/ca\/wp-json\/wp\/v2\/posts\/93457\/revisions\/93471"}],"wp:featuredmedia":[{"embeddable":true,"href":"https:\/\/infotorrent.es\/ca\/wp-json\/wp\/v2\/media\/93460"}],"wp:attachment":[{"href":"https:\/\/infotorrent.es\/ca\/wp-json\/wp\/v2\/media?parent=93457"}],"wp:term":[{"taxonomy":"category","embeddable":true,"href":"https:\/\/infotorrent.es\/ca\/wp-json\/wp\/v2\/categories?post=93457"},{"taxonomy":"post_tag","embeddable":true,"href":"https:\/\/infotorrent.es\/ca\/wp-json\/wp\/v2\/tags?post=93457"}],"curies":[{"name":"wp","href":"https:\/\/api.w.org\/{rel}","templated":true}]}}