{"id":93417,"date":"2026-03-09T09:52:15","date_gmt":"2026-03-09T08:52:15","guid":{"rendered":"https:\/\/infotorrent.es\/?p=93417"},"modified":"2026-03-09T09:53:48","modified_gmt":"2026-03-09T08:53:48","slug":"adisto-celebra-el-seu-gran-dia-faller-a-torrent","status":"publish","type":"post","link":"https:\/\/infotorrent.es\/ca\/noticies\/benestar-social\/adisto-celebra-el-seu-gran-dia-faller-a-torrent\/","title":{"rendered":"ADISTO celebra el seu gran dia faller a Torrent"},"content":{"rendered":"\n<p>L\u2019associaci\u00f3 ADISTO, entitat que treballa a Torrent amb persones amb discapacitat intel\u00b7lectual i del desenvolupament, va celebrar este diumenge el seu gran dia faller al carrer La Marina, davant de la seua seu, en una jornada festiva que va reunir nombrosos socis, familiars i representants de la societat torrentina.<\/p>\n\n\n\n<p>La celebraci\u00f3 va comen\u00e7ar a primera hora del mat\u00ed amb el tradicional desdejuni faller i la <em>plant\u00e0<\/em> de la falla sota el lema <strong>\u201cLa Primavera i l\u2019amor pel planeta\u201d<\/strong>, un monument que simbolitzava la cura de l\u2019entorn i l\u2019arribada d\u2019una nova estaci\u00f3 carregada d\u2019esperan\u00e7a.<\/p>\n\n\n\n<p>A mitjan mat\u00ed va tindre lloc un animat passacarrer en el qual la Fallera Major d\u2019ADISTO, <strong>Nuria Alfonso<\/strong>, junt amb la seua Cort d\u2019Honor, va estar acompanyada per les Falleres Majors de Torrent, <strong>Andrea Adelantado i Sara Mag\u00e1n<\/strong>, aix\u00ed com per les seues respectives Corts d\u2019Honor. La desfilada va comptar a m\u00e9s amb la m\u00fasica i l\u2019ambient festiu de la xaranga <strong>l\u2019Enram\u00e0<\/strong>, que va omplir d\u2019alegria els carrers del barri des de l\u2019Avinguda al Vedat.<\/p>\n\n\n\n<p>Posteriorment es va celebrar la tradicional <strong>Ofrena a la Mare de D\u00e9u dels Desamparats<\/strong>, que va tindre lloc a l\u2019interior del temple de la <strong>Parr\u00f2quia de la Sagrada Fam\u00edlia<\/strong>, en un emotiu acte en el qual els participants van estar acompanyats pel rector <strong>D. Pablo Aranda<\/strong>.<\/p>\n\n\n\n<p>La jornada va continuar amb diverses activitats l\u00fadiques i gastron\u00f2miques, entre elles un <strong>quint i tapa<\/strong>, concursos com el de <strong>pastissos<\/strong> i la preparaci\u00f3 d\u2019una <strong>gran paella<\/strong> que va ser compartida per tots els assistents, refor\u00e7ant l\u2019ambient de conviv\u00e8ncia i participaci\u00f3 que caracteritza esta cita fallera.<\/p>\n\n\n\n<p>L\u2019alcaldessa de Torrent, <strong>Amparo Folgado<\/strong>, va voler acompanyar els integrants d\u2019ADISTO en este dia tan especial, junt amb la Fallera Major de l\u2019associaci\u00f3, <strong>Nuria Alfonso<\/strong>, i el seu president, <strong>Jos\u00e9 Mar\u00eda Fern\u00e1ndez<\/strong>. La primera edil va estar acompanyada pels regidors de l\u2019equip de govern <strong>M\u00aa \u00c1ngeles Lerma, Amparo Chust, Aitor S\u00e1nchez i Santiago Calatayud<\/strong>, aix\u00ed com per altres membres de la corporaci\u00f3 municipal.<\/p>\n\n\n\n<p>Durant la seua visita, l\u2019alcaldessa va felicitar l\u2019associaci\u00f3 per l\u2019organitzaci\u00f3 de la jornada i va destacar la import\u00e0ncia d\u2019iniciatives com esta: <strong>\u201cADISTO torna a demostrar que les Falles s\u00f3n una festa oberta, inclusiva i plena de valors. \u00c9s un orgull per a Torrent comptar amb una associaci\u00f3 tan compromesa, que treballa cada dia per la integraci\u00f3 i que hui ens reunix a tots per a celebrar la festa amb alegria i conviv\u00e8ncia\u201d.<\/strong><\/p>\n\n\n\n<p>Folgado tamb\u00e9 va voler agrair <strong>\u201cl\u2019esfor\u00e7 dels socis, les fam\u00edlies i l\u2019equip de l\u2019associaci\u00f3 per mantindre vives estes tradicions i per fer d\u2019este dia faller un exemple de participaci\u00f3 i d\u2019uni\u00f3 per a tota la ciutat\u201d.<\/strong><\/p>\n\n\n\n<p>Despr\u00e9s del lliurament de trofeus dels diferents concursos, la jornada va concloure a les <strong>17 hores amb la Crem\u00e0 de la falla \u201cLa Primavera i l\u2019amor pel planeta\u201d<\/strong>, posant aix\u00ed el fermall final a la festa fallera d\u2019ADISTO, que va comen\u00e7ar setmanes arrere amb la presentaci\u00f3 fallera i amb la solid\u00e0ria <strong>Operaci\u00f3 Quilo<\/strong>.<\/p>\n\n\n\n<figure class=\"wp-block-image size-large\"><img fetchpriority=\"high\" decoding=\"async\" width=\"1024\" height=\"768\" src=\"https:\/\/infotorrent.es\/wp-content\/uploads\/2026\/03\/WhatsApp-Image-2026-03-09-at-09.46.45-1024x768.jpeg\" alt=\"\" class=\"wp-image-93412\" srcset=\"https:\/\/infotorrent.es\/wp-content\/uploads\/2026\/03\/WhatsApp-Image-2026-03-09-at-09.46.45-1024x768.jpeg 1024w, https:\/\/infotorrent.es\/wp-content\/uploads\/2026\/03\/WhatsApp-Image-2026-03-09-at-09.46.45-300x225.jpeg 300w, https:\/\/infotorrent.es\/wp-content\/uploads\/2026\/03\/WhatsApp-Image-2026-03-09-at-09.46.45-768x576.jpeg 768w, https:\/\/infotorrent.es\/wp-content\/uploads\/2026\/03\/WhatsApp-Image-2026-03-09-at-09.46.45-1536x1152.jpeg 1536w, https:\/\/infotorrent.es\/wp-content\/uploads\/2026\/03\/WhatsApp-Image-2026-03-09-at-09.46.45.jpeg 1600w\" sizes=\"(max-width: 1024px) 100vw, 1024px\" \/><\/figure>\n\n\n\n<figure class=\"wp-block-gallery has-nested-images columns-default is-cropped wp-block-gallery-1 is-layout-flex wp-block-gallery-is-layout-flex\">\n<figure class=\"wp-block-image size-large\"><img decoding=\"async\" width=\"1024\" height=\"768\" data-id=\"93414\" src=\"https:\/\/infotorrent.es\/wp-content\/uploads\/2026\/03\/WhatsApp-Image-2026-03-09-at-09.46.44-1024x768.jpeg\" alt=\"\" class=\"wp-image-93414\" srcset=\"https:\/\/infotorrent.es\/wp-content\/uploads\/2026\/03\/WhatsApp-Image-2026-03-09-at-09.46.44-1024x768.jpeg 1024w, https:\/\/infotorrent.es\/wp-content\/uploads\/2026\/03\/WhatsApp-Image-2026-03-09-at-09.46.44-300x225.jpeg 300w, https:\/\/infotorrent.es\/wp-content\/uploads\/2026\/03\/WhatsApp-Image-2026-03-09-at-09.46.44-768x576.jpeg 768w, https:\/\/infotorrent.es\/wp-content\/uploads\/2026\/03\/WhatsApp-Image-2026-03-09-at-09.46.44-1536x1152.jpeg 1536w, https:\/\/infotorrent.es\/wp-content\/uploads\/2026\/03\/WhatsApp-Image-2026-03-09-at-09.46.44.jpeg 1600w\" sizes=\"(max-width: 1024px) 100vw, 1024px\" \/><\/figure>\n\n\n\n<figure class=\"wp-block-image size-large\"><img decoding=\"async\" width=\"1024\" height=\"768\" data-id=\"93410\" src=\"https:\/\/infotorrent.es\/wp-content\/uploads\/2026\/03\/WhatsApp-Image-2026-03-09-at-09.46.45-1-1024x768.jpeg\" alt=\"\" class=\"wp-image-93410\" srcset=\"https:\/\/infotorrent.es\/wp-content\/uploads\/2026\/03\/WhatsApp-Image-2026-03-09-at-09.46.45-1-1024x768.jpeg 1024w, https:\/\/infotorrent.es\/wp-content\/uploads\/2026\/03\/WhatsApp-Image-2026-03-09-at-09.46.45-1-300x225.jpeg 300w, https:\/\/infotorrent.es\/wp-content\/uploads\/2026\/03\/WhatsApp-Image-2026-03-09-at-09.46.45-1-768x576.jpeg 768w, https:\/\/infotorrent.es\/wp-content\/uploads\/2026\/03\/WhatsApp-Image-2026-03-09-at-09.46.45-1-1536x1152.jpeg 1536w, https:\/\/infotorrent.es\/wp-content\/uploads\/2026\/03\/WhatsApp-Image-2026-03-09-at-09.46.45-1.jpeg 1600w\" sizes=\"(max-width: 1024px) 100vw, 1024px\" \/><\/figure>\n\n\n\n<figure class=\"wp-block-image size-large\"><img loading=\"lazy\" decoding=\"async\" width=\"1024\" height=\"768\" data-id=\"93408\" src=\"https:\/\/infotorrent.es\/wp-content\/uploads\/2026\/03\/WhatsApp-Image-2026-03-09-at-09.46.46-1024x768.jpeg\" alt=\"\" class=\"wp-image-93408\" srcset=\"https:\/\/infotorrent.es\/wp-content\/uploads\/2026\/03\/WhatsApp-Image-2026-03-09-at-09.46.46-1024x768.jpeg 1024w, https:\/\/infotorrent.es\/wp-content\/uploads\/2026\/03\/WhatsApp-Image-2026-03-09-at-09.46.46-300x225.jpeg 300w, https:\/\/infotorrent.es\/wp-content\/uploads\/2026\/03\/WhatsApp-Image-2026-03-09-at-09.46.46-768x576.jpeg 768w, https:\/\/infotorrent.es\/wp-content\/uploads\/2026\/03\/WhatsApp-Image-2026-03-09-at-09.46.46-1536x1152.jpeg 1536w, https:\/\/infotorrent.es\/wp-content\/uploads\/2026\/03\/WhatsApp-Image-2026-03-09-at-09.46.46.jpeg 1600w\" sizes=\"(max-width: 1024px) 100vw, 1024px\" \/><\/figure>\n\n\n\n<figure class=\"wp-block-image size-large\"><img loading=\"lazy\" decoding=\"async\" width=\"1024\" height=\"768\" data-id=\"93406\" src=\"https:\/\/infotorrent.es\/wp-content\/uploads\/2026\/03\/WhatsApp-Image-2026-03-09-at-09.46.46-2-1024x768.jpeg\" alt=\"\" class=\"wp-image-93406\" srcset=\"https:\/\/infotorrent.es\/wp-content\/uploads\/2026\/03\/WhatsApp-Image-2026-03-09-at-09.46.46-2-1024x768.jpeg 1024w, https:\/\/infotorrent.es\/wp-content\/uploads\/2026\/03\/WhatsApp-Image-2026-03-09-at-09.46.46-2-300x225.jpeg 300w, https:\/\/infotorrent.es\/wp-content\/uploads\/2026\/03\/WhatsApp-Image-2026-03-09-at-09.46.46-2-768x576.jpeg 768w, https:\/\/infotorrent.es\/wp-content\/uploads\/2026\/03\/WhatsApp-Image-2026-03-09-at-09.46.46-2-1536x1152.jpeg 1536w, https:\/\/infotorrent.es\/wp-content\/uploads\/2026\/03\/WhatsApp-Image-2026-03-09-at-09.46.46-2.jpeg 1600w\" sizes=\"(max-width: 1024px) 100vw, 1024px\" \/><\/figure>\n\n\n\n<figure class=\"wp-block-image size-large\"><img loading=\"lazy\" decoding=\"async\" width=\"1024\" height=\"768\" data-id=\"93404\" src=\"https:\/\/infotorrent.es\/wp-content\/uploads\/2026\/03\/WhatsApp-Image-2026-03-09-at-09.46.46-1-1024x768.jpeg\" alt=\"\" class=\"wp-image-93404\" srcset=\"https:\/\/infotorrent.es\/wp-content\/uploads\/2026\/03\/WhatsApp-Image-2026-03-09-at-09.46.46-1-1024x768.jpeg 1024w, https:\/\/infotorrent.es\/wp-content\/uploads\/2026\/03\/WhatsApp-Image-2026-03-09-at-09.46.46-1-300x225.jpeg 300w, https:\/\/infotorrent.es\/wp-content\/uploads\/2026\/03\/WhatsApp-Image-2026-03-09-at-09.46.46-1-768x576.jpeg 768w, https:\/\/infotorrent.es\/wp-content\/uploads\/2026\/03\/WhatsApp-Image-2026-03-09-at-09.46.46-1-1536x1152.jpeg 1536w, https:\/\/infotorrent.es\/wp-content\/uploads\/2026\/03\/WhatsApp-Image-2026-03-09-at-09.46.46-1.jpeg 1600w\" sizes=\"(max-width: 1024px) 100vw, 1024px\" \/><\/figure>\n<\/figure>\n","protected":false},"excerpt":{"rendered":"<p>L\u2019associaci\u00f3 ADISTO, entitat que treballa a Torrent amb persones amb discapacitat intel\u00b7lectual i del desenvolupament, va celebrar este diumenge el seu gran dia faller al carrer La Marina, davant de la seua seu, en una jornada festiva que va reunir nombrosos socis, familiars i representants de la societat torrentina. La celebraci\u00f3 va comen\u00e7ar a primera [&hellip;]<\/p>\n","protected":false},"author":21,"featured_media":93412,"comment_status":"open","ping_status":"open","sticky":false,"template":"","format":"standard","meta":{"_acf_changed":false,"footnotes":""},"categories":[122,128,1143,1171],"tags":[],"class_list":["post-93417","post","type-post","status-publish","format-standard","has-post-thumbnail","hentry","category-benestar-social","category-bienestar-social-2","category-bienestar-social-noticias-ca","category-fallas-ca"],"acf":[],"_links":{"self":[{"href":"https:\/\/infotorrent.es\/ca\/wp-json\/wp\/v2\/posts\/93417","targetHints":{"allow":["GET"]}}],"collection":[{"href":"https:\/\/infotorrent.es\/ca\/wp-json\/wp\/v2\/posts"}],"about":[{"href":"https:\/\/infotorrent.es\/ca\/wp-json\/wp\/v2\/types\/post"}],"author":[{"embeddable":true,"href":"https:\/\/infotorrent.es\/ca\/wp-json\/wp\/v2\/users\/21"}],"replies":[{"embeddable":true,"href":"https:\/\/infotorrent.es\/ca\/wp-json\/wp\/v2\/comments?post=93417"}],"version-history":[{"count":1,"href":"https:\/\/infotorrent.es\/ca\/wp-json\/wp\/v2\/posts\/93417\/revisions"}],"predecessor-version":[{"id":93419,"href":"https:\/\/infotorrent.es\/ca\/wp-json\/wp\/v2\/posts\/93417\/revisions\/93419"}],"wp:featuredmedia":[{"embeddable":true,"href":"https:\/\/infotorrent.es\/ca\/wp-json\/wp\/v2\/media\/93412"}],"wp:attachment":[{"href":"https:\/\/infotorrent.es\/ca\/wp-json\/wp\/v2\/media?parent=93417"}],"wp:term":[{"taxonomy":"category","embeddable":true,"href":"https:\/\/infotorrent.es\/ca\/wp-json\/wp\/v2\/categories?post=93417"},{"taxonomy":"post_tag","embeddable":true,"href":"https:\/\/infotorrent.es\/ca\/wp-json\/wp\/v2\/tags?post=93417"}],"curies":[{"name":"wp","href":"https:\/\/api.w.org\/{rel}","templated":true}]}}