{"id":93297,"date":"2026-03-07T10:02:49","date_gmt":"2026-03-07T09:02:49","guid":{"rendered":"https:\/\/infotorrent.es\/?p=93297"},"modified":"2026-03-07T10:02:53","modified_gmt":"2026-03-07T09:02:53","slug":"esportistes-torrentinas-compartixen-la-seua-experiencia-trencant-barreres-en-el-colloqui-elles-compten-de-la-setmana-de-la-dona","status":"publish","type":"post","link":"https:\/\/infotorrent.es\/ca\/alcaldia-2\/esportistes-torrentinas-compartixen-la-seua-experiencia-trencant-barreres-en-el-colloqui-elles-compten-de-la-setmana-de-la-dona\/","title":{"rendered":"Esportistes torrentinas compartixen la seua experi\u00e8ncia trencant barreres en el col\u00b7loqui \u201cElles compten\u201d de la Setmana de la Dona"},"content":{"rendered":"\n<p><strong>La Casa de la Dona acull una trobada amb dones referents del tir amb arc, el ciclisme i el futbol femen\u00ed que reflexionen sobre l&#8217;evoluci\u00f3 del paper de la dona en l&#8217;esport<\/strong><\/p>\n\n\n\n<p>La Casa de la Dona de Torrent va acollir ahir a la vesprada el col\u00b7loqui \u201cElles compten. Dones esportistes. Dones que trenquen barreres\u201d, una trobada que va reunir esportistes locals per a compartir les seues experi\u00e8ncies personals en l&#8217;\u00e0mbit esportiu i reflexionar sobre l&#8217;evoluci\u00f3 del paper de la dona en disciplines tradicionalment dominades per h\u00f2mens.<\/p>\n\n\n\n<p>L&#8217;activitat, celebrada en la sala d&#8217;actes de la Casa de la Dona, forma part de la programaci\u00f3 de la Setmana de la Dona 2026, organitzada per l&#8217;Ajuntament de Torrent amb motiu del 8 de mar\u00e7, Dia Internacional de la Dona, i va comptar amb la pres\u00e8ncia de l&#8217;alcaldessa de Torrent, acompanyada per la regidora de Dona i responsable de la Casa de la Dona, Amparo Chust, aix\u00ed com membres de la corporaci\u00f3 municipal.<\/p>\n\n\n\n<p><strong>Dones que obrin cam\u00ed en l&#8217;esport<\/strong><\/p>\n\n\n\n<p>El col\u00b7loqui va reunir esportistes de diferents clubs locals que han destacat en les seues respectives disciplines:<\/p>\n\n\n\n<p>\u2022&nbsp;&nbsp;&nbsp;&nbsp;&nbsp;&nbsp;&nbsp; Isabel Ferrera, del Club de Tir amb Arc Auroach<\/p>\n\n\n\n<p>\u2022&nbsp;&nbsp;&nbsp;&nbsp;&nbsp;&nbsp;&nbsp; Rosario Roda, del Club de Tir amb Arc Auroach<\/p>\n\n\n\n<p>\u2022&nbsp;&nbsp;&nbsp;&nbsp;&nbsp;&nbsp;&nbsp; Mari Carmen Cerqueira, de la Penya Ciclista Torrent<\/p>\n\n\n\n<p>\u2022&nbsp;&nbsp;&nbsp;&nbsp;&nbsp;&nbsp;&nbsp; Mariemy Azor\u00edn, de la Penya Ciclista Torrent<\/p>\n\n\n\n<p>\u2022&nbsp;&nbsp;&nbsp;&nbsp;&nbsp;&nbsp;&nbsp; Desir\u00e9e Exp\u00f3sito, del Club Futbol Femen\u00ed L&#8217;Horta Sud<\/p>\n\n\n\n<p>\u2022&nbsp;&nbsp;&nbsp;&nbsp;&nbsp;&nbsp;&nbsp; Leire Cerd\u00e1n, del Club Futbol Femen\u00ed L&#8217;Horta Sud<\/p>\n\n\n\n<p>Durant la trobada, les participants van compartir amb el p\u00fablic com van ser els seus inicis en l&#8217;esport, les dificultats que van trobar en obrir-se pas en disciplines on la pres\u00e8ncia femenina era menor i els canvis que s&#8217;han produ\u00eft amb el pas del temps.<\/p>\n\n\n\n<p>Les esportistes van coincidir a destacar que l&#8217;esport femen\u00ed ha experimentat un avan\u00e7 important en les \u00faltimes d\u00e8cades, si b\u00e9 encara existixen reptes relacionats amb la visibilitat, el suport institucional, el patrocini i les oportunitats per a les noves generacions.<\/p>\n\n\n\n<p><strong>Experi\u00e8ncies personals i referents per a les noves generacions<\/strong><\/p>\n\n\n\n<p>Al llarg del col\u00b7loqui, les participants van explicar com van comen\u00e7ar a practicar esport, en molts casos impulsades per la passi\u00f3 personal i l&#8217;esfor\u00e7 constant, aix\u00ed com el paper que han tingut els clubs esportius en el seu desenrotllament.<\/p>\n\n\n\n<p>En este sentit, van destacar tamb\u00e9 la import\u00e0ncia del suport de les seues parelles en els inicis de la seua traject\u00f2ria esportiva, especialment en moments en els quals compatibilitzar entrenaments, competicions i responsabilitats personals suposava un esfor\u00e7 afegit.<\/p>\n\n\n\n<p>Aix\u00ed mateix, van posar en valor l&#8217;impacte positiu de l&#8217;esport en la vida personal, destacant valors com el treball en equip, la const\u00e0ncia, la superaci\u00f3 personal i la igualtat d&#8217;oportunitats.<\/p>\n\n\n\n<p>La trobada va permetre generar un espai de di\u00e0leg, on es van abordar q\u00fcestions com la conciliaci\u00f3, l&#8217;evoluci\u00f3 de la participaci\u00f3 femenina en l&#8217;esport i la import\u00e0ncia de continuar visibilitzant referents femenins en totes les disciplines esportives.<\/p>\n\n\n\n<p><strong>L&#8217;esport com a ferramenta d&#8217;igualtat<\/strong><\/p>\n\n\n\n<p>Durant l&#8217;acte, l&#8217;alcaldessa de Torrent va voler agrair la participaci\u00f3 de les esportistes i posar en valor el seu paper com a referents per a la societat, <strong>\u201cdonar-vos les gr\u00e0cies a totes pel que ens heu aportat. Ens emportem reflexions molt importants sobre l&#8217;esfor\u00e7, el treball i el cam\u00ed que heu obert per a les generacions que venen darrere\u201d.<\/strong><\/p>\n\n\n\n<p>L&#8217;alcaldessa va destacar tamb\u00e9 la import\u00e0ncia de continuar impulsant l&#8217;esport des de les institucions i millorar les infraestructures esportives de la ciutat, <strong>\u201cfa falta continuar treballant per a comptar amb m\u00e9s instal\u00b7lacions esportives. Som una ciutat que s&#8217;acosta als 100.000 habitants i cada vegada hi ha m\u00e9s persones que volen practicar esport. Hem de continuar generant m\u00e9s espais per a disciplines tan diverses com el futbol, el tir amb arc, l&#8217;atletisme o la nataci\u00f3\u201d.<\/strong><\/p>\n\n\n\n<p>Aix\u00ed mateix, va subratllar l&#8217;avan\u00e7 que ha experimentat la igualtat entre h\u00f2mens i dones al llarg del temps, <strong>\u201cquan escoltem les generacions m\u00e9s j\u00f3vens veiem com s&#8217;ha anat avan\u00e7ant. Fa anys no era tan normal que les dones es plantejaren unes certes coses. Eixe progr\u00e9s \u00e9s fruit del treball i la lluita de moltes generacions que ens han precedit\u201d.<\/strong><\/p>\n\n\n\n<p>L&#8217;alcaldessa va concloure destacant la import\u00e0ncia de continuar visibilitzant l&#8217;esport femen\u00ed, <strong>\u201chem de continuar donant visibilitat a l&#8217;esport femen\u00ed i posar en valor tot el que feu. \u00c9s fonamental que l&#8217;esport tinga suport, que existisca patrocini i que es reconega el treball que realitzen les esportistes\u201d.<\/strong><\/p>\n\n\n\n<p><strong>Un espai de di\u00e0leg dins de la Setmana de la Dona<\/strong><\/p>\n\n\n\n<p>La regidora de Dona i responsable de la Casa de la Dona, Amparo Chust, va assenyalar despr\u00e9s de la trobada que la inclusi\u00f3 de l&#8217;esport dins de la programaci\u00f3 de la Setmana de la Dona respon a la voluntat de visibilitzar el paper de les dones en tots els \u00e0mbits de la societat, tamb\u00e9 en aquells on hist\u00f2ricament han tingut menor pres\u00e8ncia.<\/p>\n\n\n\n<p>En este sentit, va posar en valor la traject\u00f2ria de les esportistes participants i l&#8217;exemple que representen per a les noves generacions, destacant que l&#8217;esport constitu\u00efx una ferramenta clau per a fomentar valors com la igualtat, la superaci\u00f3 i el treball en equip.<\/p>\n\n\n\n<p>Aix\u00ed mateix, ha va subratllar que des de la Casa de la Dona es continuar\u00e0 impulsant espais de trobada i di\u00e0leg que permeten donar visibilitat al talent, a l&#8217;esfor\u00e7 i a la traject\u00f2ria de dones referents, contribuint a generar referents per a xiquetes i j\u00f3vens i a avan\u00e7ar cap a una societat m\u00e9s igualit\u00e0ria.<\/p>\n\n\n\n<p><strong>La Setmana de la Dona continua a Torrent<\/strong><\/p>\n\n\n\n<p>Este col\u00b7loqui forma part de la programaci\u00f3 organitzada per l&#8217;Ajuntament de Torrent per a commemorar el Dia Internacional de la Dona, una agenda que inclou activitats culturals, educatives, esportives i de sensibilitzaci\u00f3 amb l&#8217;objectiu de continuar avan\u00e7ant cap a una societat m\u00e9s igualit\u00e0ria.<\/p>\n\n\n\n<p>La Setmana de la Dona continua durant els pr\u00f2xims dies amb diferents propostes obertes a la ciutadania, reafirmant el comprom\u00eds de Torrent amb la igualtat i amb el reconeixement del paper de les dones en tots els \u00e0mbits de la societat.<\/p>\n\n\n\n<figure class=\"wp-block-image size-large\"><img fetchpriority=\"high\" decoding=\"async\" width=\"1024\" height=\"537\" src=\"https:\/\/infotorrent.es\/wp-content\/uploads\/2026\/03\/7-3-1024x537.jpg\" alt=\"\" class=\"wp-image-93298\" srcset=\"https:\/\/infotorrent.es\/wp-content\/uploads\/2026\/03\/7-3-1024x537.jpg 1024w, https:\/\/infotorrent.es\/wp-content\/uploads\/2026\/03\/7-3-300x157.jpg 300w, https:\/\/infotorrent.es\/wp-content\/uploads\/2026\/03\/7-3-768x402.jpg 768w, https:\/\/infotorrent.es\/wp-content\/uploads\/2026\/03\/7-3-1536x805.jpg 1536w, https:\/\/infotorrent.es\/wp-content\/uploads\/2026\/03\/7-3.jpg 2048w\" sizes=\"(max-width: 1024px) 100vw, 1024px\" \/><\/figure>\n\n\n\n<figure class=\"wp-block-gallery has-nested-images columns-default is-cropped wp-block-gallery-1 is-layout-flex wp-block-gallery-is-layout-flex\">\n<figure class=\"wp-block-image size-large\"><img decoding=\"async\" width=\"1024\" height=\"537\" data-id=\"93300\" src=\"https:\/\/infotorrent.es\/wp-content\/uploads\/2026\/03\/2-3-1024x537.jpg\" alt=\"\" class=\"wp-image-93300\" srcset=\"https:\/\/infotorrent.es\/wp-content\/uploads\/2026\/03\/2-3-1024x537.jpg 1024w, https:\/\/infotorrent.es\/wp-content\/uploads\/2026\/03\/2-3-300x157.jpg 300w, https:\/\/infotorrent.es\/wp-content\/uploads\/2026\/03\/2-3-768x402.jpg 768w, https:\/\/infotorrent.es\/wp-content\/uploads\/2026\/03\/2-3-1536x805.jpg 1536w, https:\/\/infotorrent.es\/wp-content\/uploads\/2026\/03\/2-3.jpg 2048w\" sizes=\"(max-width: 1024px) 100vw, 1024px\" \/><\/figure>\n\n\n\n<figure class=\"wp-block-image size-large\"><img decoding=\"async\" width=\"1024\" height=\"537\" data-id=\"93302\" src=\"https:\/\/infotorrent.es\/wp-content\/uploads\/2026\/03\/4-1-1024x537.jpg\" alt=\"\" class=\"wp-image-93302\" srcset=\"https:\/\/infotorrent.es\/wp-content\/uploads\/2026\/03\/4-1-1024x537.jpg 1024w, https:\/\/infotorrent.es\/wp-content\/uploads\/2026\/03\/4-1-300x157.jpg 300w, https:\/\/infotorrent.es\/wp-content\/uploads\/2026\/03\/4-1-768x402.jpg 768w, https:\/\/infotorrent.es\/wp-content\/uploads\/2026\/03\/4-1-1536x805.jpg 1536w, https:\/\/infotorrent.es\/wp-content\/uploads\/2026\/03\/4-1.jpg 2048w\" sizes=\"(max-width: 1024px) 100vw, 1024px\" \/><\/figure>\n\n\n\n<figure class=\"wp-block-image size-large\"><img loading=\"lazy\" decoding=\"async\" width=\"1024\" height=\"537\" data-id=\"93304\" src=\"https:\/\/infotorrent.es\/wp-content\/uploads\/2026\/03\/6-1-1024x537.jpg\" alt=\"\" class=\"wp-image-93304\" srcset=\"https:\/\/infotorrent.es\/wp-content\/uploads\/2026\/03\/6-1-1024x537.jpg 1024w, https:\/\/infotorrent.es\/wp-content\/uploads\/2026\/03\/6-1-300x157.jpg 300w, https:\/\/infotorrent.es\/wp-content\/uploads\/2026\/03\/6-1-768x402.jpg 768w, https:\/\/infotorrent.es\/wp-content\/uploads\/2026\/03\/6-1-1536x805.jpg 1536w, https:\/\/infotorrent.es\/wp-content\/uploads\/2026\/03\/6-1.jpg 2048w\" sizes=\"(max-width: 1024px) 100vw, 1024px\" \/><\/figure>\n<\/figure>\n\n\n\n<figure class=\"wp-block-gallery has-nested-images columns-default is-cropped wp-block-gallery-2 is-layout-flex wp-block-gallery-is-layout-flex\">\n<figure class=\"wp-block-image size-large\"><img loading=\"lazy\" decoding=\"async\" width=\"1024\" height=\"537\" data-id=\"93306\" src=\"https:\/\/infotorrent.es\/wp-content\/uploads\/2026\/03\/3-1-1024x537.jpg\" alt=\"\" class=\"wp-image-93306\" srcset=\"https:\/\/infotorrent.es\/wp-content\/uploads\/2026\/03\/3-1-1024x537.jpg 1024w, https:\/\/infotorrent.es\/wp-content\/uploads\/2026\/03\/3-1-300x157.jpg 300w, https:\/\/infotorrent.es\/wp-content\/uploads\/2026\/03\/3-1-768x402.jpg 768w, https:\/\/infotorrent.es\/wp-content\/uploads\/2026\/03\/3-1-1536x805.jpg 1536w, https:\/\/infotorrent.es\/wp-content\/uploads\/2026\/03\/3-1.jpg 2048w\" sizes=\"(max-width: 1024px) 100vw, 1024px\" \/><\/figure>\n\n\n\n<figure class=\"wp-block-image size-large\"><img loading=\"lazy\" decoding=\"async\" width=\"1024\" height=\"537\" data-id=\"93308\" src=\"https:\/\/infotorrent.es\/wp-content\/uploads\/2026\/03\/5-1-1024x537.jpg\" alt=\"\" class=\"wp-image-93308\" srcset=\"https:\/\/infotorrent.es\/wp-content\/uploads\/2026\/03\/5-1-1024x537.jpg 1024w, https:\/\/infotorrent.es\/wp-content\/uploads\/2026\/03\/5-1-300x157.jpg 300w, https:\/\/infotorrent.es\/wp-content\/uploads\/2026\/03\/5-1-768x402.jpg 768w, https:\/\/infotorrent.es\/wp-content\/uploads\/2026\/03\/5-1-1536x805.jpg 1536w, https:\/\/infotorrent.es\/wp-content\/uploads\/2026\/03\/5-1.jpg 2048w\" sizes=\"(max-width: 1024px) 100vw, 1024px\" \/><\/figure>\n<\/figure>\n\n\n\n<figure class=\"wp-block-gallery has-nested-images columns-default is-cropped wp-block-gallery-3 is-layout-flex wp-block-gallery-is-layout-flex\">\n<figure class=\"wp-block-image size-large\"><img loading=\"lazy\" decoding=\"async\" width=\"1024\" height=\"537\" data-id=\"93312\" src=\"https:\/\/infotorrent.es\/wp-content\/uploads\/2026\/03\/9-1-1024x537.jpg\" alt=\"\" class=\"wp-image-93312\" srcset=\"https:\/\/infotorrent.es\/wp-content\/uploads\/2026\/03\/9-1-1024x537.jpg 1024w, https:\/\/infotorrent.es\/wp-content\/uploads\/2026\/03\/9-1-300x157.jpg 300w, https:\/\/infotorrent.es\/wp-content\/uploads\/2026\/03\/9-1-768x402.jpg 768w, https:\/\/infotorrent.es\/wp-content\/uploads\/2026\/03\/9-1-1536x805.jpg 1536w, https:\/\/infotorrent.es\/wp-content\/uploads\/2026\/03\/9-1.jpg 2048w\" sizes=\"(max-width: 1024px) 100vw, 1024px\" \/><\/figure>\n\n\n\n<figure class=\"wp-block-image size-large\"><img loading=\"lazy\" decoding=\"async\" width=\"1024\" height=\"537\" data-id=\"93310\" src=\"https:\/\/infotorrent.es\/wp-content\/uploads\/2026\/03\/10-2-1024x537.jpg\" alt=\"\" class=\"wp-image-93310\" srcset=\"https:\/\/infotorrent.es\/wp-content\/uploads\/2026\/03\/10-2-1024x537.jpg 1024w, https:\/\/infotorrent.es\/wp-content\/uploads\/2026\/03\/10-2-300x157.jpg 300w, https:\/\/infotorrent.es\/wp-content\/uploads\/2026\/03\/10-2-768x402.jpg 768w, https:\/\/infotorrent.es\/wp-content\/uploads\/2026\/03\/10-2-1536x805.jpg 1536w, https:\/\/infotorrent.es\/wp-content\/uploads\/2026\/03\/10-2.jpg 2048w\" sizes=\"(max-width: 1024px) 100vw, 1024px\" \/><\/figure>\n<\/figure>\n\n\n\n<figure class=\"wp-block-image size-large\"><img loading=\"lazy\" decoding=\"async\" width=\"1024\" height=\"537\" src=\"https:\/\/infotorrent.es\/wp-content\/uploads\/2026\/03\/8-1-1024x537.jpg\" alt=\"\" class=\"wp-image-93315\" srcset=\"https:\/\/infotorrent.es\/wp-content\/uploads\/2026\/03\/8-1-1024x537.jpg 1024w, https:\/\/infotorrent.es\/wp-content\/uploads\/2026\/03\/8-1-300x157.jpg 300w, https:\/\/infotorrent.es\/wp-content\/uploads\/2026\/03\/8-1-768x402.jpg 768w, https:\/\/infotorrent.es\/wp-content\/uploads\/2026\/03\/8-1-1536x805.jpg 1536w, https:\/\/infotorrent.es\/wp-content\/uploads\/2026\/03\/8-1.jpg 2048w\" sizes=\"(max-width: 1024px) 100vw, 1024px\" \/><\/figure>\n\n\n\n<figure class=\"wp-block-image size-large\"><img loading=\"lazy\" decoding=\"async\" width=\"1024\" height=\"537\" src=\"https:\/\/infotorrent.es\/wp-content\/uploads\/2026\/03\/1-1-1024x537.jpg\" alt=\"\" class=\"wp-image-93317\" srcset=\"https:\/\/infotorrent.es\/wp-content\/uploads\/2026\/03\/1-1-1024x537.jpg 1024w, https:\/\/infotorrent.es\/wp-content\/uploads\/2026\/03\/1-1-300x157.jpg 300w, https:\/\/infotorrent.es\/wp-content\/uploads\/2026\/03\/1-1-768x402.jpg 768w, https:\/\/infotorrent.es\/wp-content\/uploads\/2026\/03\/1-1-1536x805.jpg 1536w, https:\/\/infotorrent.es\/wp-content\/uploads\/2026\/03\/1-1.jpg 2048w\" sizes=\"(max-width: 1024px) 100vw, 1024px\" \/><\/figure>\n","protected":false},"excerpt":{"rendered":"<p>La Casa de la Dona acull una trobada amb dones referents del tir amb arc, el ciclisme i el futbol femen\u00ed que reflexionen sobre l&#8217;evoluci\u00f3 del paper de la dona en l&#8217;esport La Casa de la Dona de Torrent va acollir ahir a la vesprada el col\u00b7loqui \u201cElles compten. Dones esportistes. Dones que trenquen barreres\u201d, [&hellip;]<\/p>\n","protected":false},"author":20,"featured_media":93314,"comment_status":"open","ping_status":"open","sticky":false,"template":"","format":"standard","meta":{"_acf_changed":false,"footnotes":""},"categories":[141,1162],"tags":[],"class_list":["post-93297","post","type-post","status-publish","format-standard","has-post-thumbnail","hentry","category-alcaldia-2","category-casa-de-la-dona-ca"],"acf":[],"_links":{"self":[{"href":"https:\/\/infotorrent.es\/ca\/wp-json\/wp\/v2\/posts\/93297","targetHints":{"allow":["GET"]}}],"collection":[{"href":"https:\/\/infotorrent.es\/ca\/wp-json\/wp\/v2\/posts"}],"about":[{"href":"https:\/\/infotorrent.es\/ca\/wp-json\/wp\/v2\/types\/post"}],"author":[{"embeddable":true,"href":"https:\/\/infotorrent.es\/ca\/wp-json\/wp\/v2\/users\/20"}],"replies":[{"embeddable":true,"href":"https:\/\/infotorrent.es\/ca\/wp-json\/wp\/v2\/comments?post=93297"}],"version-history":[{"count":1,"href":"https:\/\/infotorrent.es\/ca\/wp-json\/wp\/v2\/posts\/93297\/revisions"}],"predecessor-version":[{"id":93319,"href":"https:\/\/infotorrent.es\/ca\/wp-json\/wp\/v2\/posts\/93297\/revisions\/93319"}],"wp:featuredmedia":[{"embeddable":true,"href":"https:\/\/infotorrent.es\/ca\/wp-json\/wp\/v2\/media\/93314"}],"wp:attachment":[{"href":"https:\/\/infotorrent.es\/ca\/wp-json\/wp\/v2\/media?parent=93297"}],"wp:term":[{"taxonomy":"category","embeddable":true,"href":"https:\/\/infotorrent.es\/ca\/wp-json\/wp\/v2\/categories?post=93297"},{"taxonomy":"post_tag","embeddable":true,"href":"https:\/\/infotorrent.es\/ca\/wp-json\/wp\/v2\/tags?post=93297"}],"curies":[{"name":"wp","href":"https:\/\/api.w.org\/{rel}","templated":true}]}}