{"id":93235,"date":"2026-03-06T09:51:19","date_gmt":"2026-03-06T08:51:19","guid":{"rendered":"https:\/\/infotorrent.es\/?p=93235"},"modified":"2026-03-06T09:59:15","modified_gmt":"2026-03-06T08:59:15","slug":"torrent-celebrara-el-proxim-24-de-maig-la-xi-edicio-de-la-10k-ciutat-de-torrent","status":"publish","type":"post","link":"https:\/\/infotorrent.es\/ca\/deporte-ca\/torrent-celebrara-el-proxim-24-de-maig-la-xi-edicio-de-la-10k-ciutat-de-torrent\/","title":{"rendered":"Torrent celebrar\u00e0 el pr\u00f2xim 24 de maig la XI edici\u00f3 de la 10K Ciutat de Torrent"},"content":{"rendered":"\n<p><strong>La prova popular partir\u00e0 a les 9.30 hores des de la pista d&#8217;atletisme de Parc Central i recorrer\u00e0 un circuit urb\u00e0 de 10 quil\u00f2metres per diferents punts de la ciutat<\/strong><\/p>\n\n\n\n<p><strong>Incsripciones en:&nbsp;<\/strong><a href=\"https:\/\/www.cronorunner.com\/evento.php?ref=222-2203\" target=\"_blank\" rel=\"noreferrer noopener\"><strong>https:\/\/www.cronorunner.com\/evento.php?ref=222-2203<\/strong><\/a><strong><\/strong><\/p>\n\n\n\n<p>Torrent tornar\u00e0 a convertir-se en punt de trobada per als amants del running amb la celebraci\u00f3 de la XI edici\u00f3 de la 10K Ciutat de Torrent, que tindr\u00e0 lloc diumenge que ve 24 de maig de 2026, amb eixida a les 9.30 hores des de la Pista d&#8217;Atletisme del Parc Central \u2013 Ciutat de l\u2019Esport.<\/p>\n\n\n\n<p>La carrera, organitzada per la Fundaci\u00f3 Esportiva Municipal de l&#8217;Ajuntament de Torrent, es consolida un any m\u00e9s com una de les cites esportives m\u00e9s destacades del calendari local, reunint corredors de Torrent i de tota la prov\u00edncia en una jornada que combina esport, conviv\u00e8ncia i promoci\u00f3 d&#8217;h\u00e0bits de vida saludables.<\/p>\n\n\n\n<p>La prova comptar\u00e0 amb un circuit urb\u00e0 homologat de 10 quil\u00f2metres, amb eixida i meta en Parc Central, que recorrer\u00e0 diferents carrers i avingudes del municipi, permetent als participants gaudir d&#8217;un recorregut din\u00e0mic i atractiu per alguns dels principals espais de la ciutat.<\/p>\n\n\n\n<p>Entre els punts de l&#8217;itinerari destaquen vies com l&#8217;avinguda al Vedat, Reina Sofia, Joan Pau II, l&#8217;entorn del barranc de Picassent o l&#8217;avinguda Ol\u00edmpica, abans de tornar a la pista d&#8217;atletisme del Parc Central, on se situar\u00e0 la l\u00ednia de meta.<\/p>\n\n\n\n<p><strong>Una carrera oberta a corredors de tots els nivells<\/strong><\/p>\n\n\n\n<p>La 10K Ciutat de Torrent est\u00e0 oberta a la participaci\u00f3 de corredors de diferents edats i nivells esportius, des d&#8217;atletes experimentats fins a aficionats al running que desitgen gaudir d&#8217;una prova popular en un entorn segur i perfectament organitzat.<\/p>\n\n\n\n<p>La carrera comptar\u00e0 amb cronometratge mitjan\u00e7ant xip, control de temps, senyalitzaci\u00f3 del recorregut i un complet dispositiu de seguretat i assist\u00e8ncia per a garantir el bon desenrotllament de la prova.<\/p>\n\n\n\n<p>Aix\u00ed mateix, s&#8217;habilitar\u00e0 un punt d&#8217;avituallament en el quil\u00f2metre 5 i un altre en meta, on els participants podran reposar forces despr\u00e9s de completar el recorregut. A m\u00e9s, tots els corredors inscrits disposaran d&#8217;avituallament isot\u00f2nic i s\u00f2lid en finalitzar la carrera, i els 700 primers inscrits rebran tamb\u00e9 una samarreta commemorativa de la prova.<\/p>\n\n\n\n<p>L&#8217;organitzaci\u00f3 tamb\u00e9 posar\u00e0 a la disposici\u00f3 dels corredors servici m\u00e8dic, ambul\u00e0ncia, vestuaris, aparcament i guarda-roba en les instal\u00b7lacions esportives del Parc Central, facilitant aix\u00ed totes les condicions necess\u00e0ries per a la pr\u00e0ctica esportiva amb garanties.<\/p>\n\n\n\n<p><strong>Inscripcions obertes amb tarifes especials per als ve\u00efns de Torrent<\/strong><\/p>\n\n\n\n<p>Les inscripcions per a participar en la XI 10K Ciutat de Torrent ja es troben obertes i podran realitzar-se a trav\u00e9s de la plataforma especialitzada de cronometratge esportiu&nbsp;<a href=\"https:\/\/www.cronorunner.com\/evento.php?ref=222-2203\" target=\"_blank\" rel=\"noreferrer noopener\">https:\/\/www.cronorunner.com\/evento.php?ref=222-2203<\/a>&nbsp;.<\/p>\n\n\n\n<p>El preu de la inscripci\u00f3 general ser\u00e0 de 8 euros, mentres que els corredors empadronats a Torrent abans del 2 de gener de 2026 podran beneficiar-se d&#8217;una tarifa redu\u00efda de 4 euros, amb l&#8217;objectiu de fomentar la participaci\u00f3 dels ve\u00efns i l&#8217;esport local.<\/p>\n\n\n\n<p>El termini d&#8217;inscripci\u00f3 romandr\u00e0 obert fins al dimecres 20 de maig a les 23.59 hores, exclusivament de manera en l\u00ednia, ja que no s&#8217;admetran inscripcions el mateix dia de la prova.<\/p>\n\n\n\n<p>La retirada de dorsals es realitzar\u00e0 el mateix dia de la carrera, entre les 8.15 i les 9.15 hores, en l&#8217;espai habilitat per l&#8217;organitzaci\u00f3 en les instal\u00b7lacions de Parc Central.<\/p>\n\n\n\n<p><strong>Categories i premis<\/strong><\/p>\n\n\n\n<p>La competici\u00f3 comptar\u00e0 amb diferents categories masculines i femenines, adaptades a les edats dels participants: J\u00fanior, Promesa, S\u00e8nior, M\u00e0ster 40, M\u00e0ster 50 i M\u00e0ster 60, a m\u00e9s d&#8217;una classificaci\u00f3 per a corredors locals i una altra per a atletes amb diversitat funcional.<\/p>\n\n\n\n<p>S&#8217;entregaran trofeus als tres primers classificats de cada categoria, aix\u00ed com reconeixements als primers corredors locals en cada una d&#8217;elles. El lliurament de premis tindr\u00e0 lloc aproximadament 30 minuts despr\u00e9s de la publicaci\u00f3 dels resultats oficials.<\/p>\n\n\n\n<p>M\u00aa \u00c1ngeles Lerma, regidor de l&#8217;\u00e0rea d&#8217;Esports, ha destacat que&nbsp;<strong>\u201cla 10K Ciutat de Torrent s&#8217;ha consolidat com una de les grans cites del calendari esportiu local, una prova que cada any reunix a centenars de corredors i que reflectix el comprom\u00eds de Torrent amb l&#8217;esport popular, la vida saludable i la participaci\u00f3 ciutadana\u201d.<\/strong><\/p>\n\n\n\n<p>Aix\u00ed mateix, la regidora ha subratllat que&nbsp;<strong>\u201cdes de la Fundaci\u00f3 Esportiva Municipal continuem treballant per a oferir esdeveniments esportius de qualitat, oberts a corredors de tots els nivells, que permeten gaudir de l&#8217;esport en un entorn segur, ben organitzat i amb un gran ambient de conviv\u00e8ncia\u201d.<\/strong><\/p>\n\n\n\n<p>Lerma tamb\u00e9 ha animat a la participaci\u00f3 en esta nova edici\u00f3 assenyalant que&nbsp;<strong>\u201cconvidem a tots els ve\u00efns i als aficionats al running de tota la prov\u00edncia a sumar-se a esta XI edici\u00f3 de la 10K Ciutat de Torrent, una oportunitat perfecta per a gaudir de l&#8217;esport, rec\u00f3rrer la nostra ciutat i viure una jornada esportiva que ja forma part de la identitat esportiva de Torrent\u201d.<\/strong><\/p>\n\n\n\n<p><strong>Esport, ciutat i participaci\u00f3<\/strong><\/p>\n\n\n\n<p>La celebraci\u00f3 de la 10K Ciutat de Torrent forma part del comprom\u00eds de l&#8217;Ajuntament de Torrent i de la Fundaci\u00f3 Esportiva Municipal per promoure l&#8217;esport popular i la participaci\u00f3 ciutadana, consolidant un esdeveniment que cada any reunix a centenars de corredors i que contribu\u00efx a projectar la ciutat com un referent en l&#8217;organitzaci\u00f3 de proves esportives.<\/p>\n\n\n\n<p>La carrera s&#8217;ha convertit amb el pas de les edicions en una cita molt esperada pels aficionats al running, que troben a Torrent un recorregut atractiu, una organitzaci\u00f3 consolidada i un ambient esportiu que combina competici\u00f3, superaci\u00f3 personal i conviv\u00e8ncia.<\/p>\n\n\n\n<figure class=\"wp-block-image size-large is-resized\"><img fetchpriority=\"high\" decoding=\"async\" width=\"723\" height=\"1024\" src=\"https:\/\/infotorrent.es\/wp-content\/uploads\/2026\/03\/Cartel-6-723x1024.jpg\" alt=\"\" class=\"wp-image-93232\" style=\"width:792px;height:auto\" srcset=\"https:\/\/infotorrent.es\/wp-content\/uploads\/2026\/03\/Cartel-6-723x1024.jpg 723w, https:\/\/infotorrent.es\/wp-content\/uploads\/2026\/03\/Cartel-6-212x300.jpg 212w, https:\/\/infotorrent.es\/wp-content\/uploads\/2026\/03\/Cartel-6-768x1088.jpg 768w, https:\/\/infotorrent.es\/wp-content\/uploads\/2026\/03\/Cartel-6.jpg 864w\" sizes=\"(max-width: 723px) 100vw, 723px\" \/><\/figure>\n\n\n\n<figure class=\"wp-block-image size-full\"><img decoding=\"async\" width=\"1008\" height=\"933\" src=\"https:\/\/infotorrent.es\/wp-content\/uploads\/2026\/03\/Recorrido.jpg\" alt=\"\" class=\"wp-image-93230\" srcset=\"https:\/\/infotorrent.es\/wp-content\/uploads\/2026\/03\/Recorrido.jpg 1008w, https:\/\/infotorrent.es\/wp-content\/uploads\/2026\/03\/Recorrido-300x278.jpg 300w, https:\/\/infotorrent.es\/wp-content\/uploads\/2026\/03\/Recorrido-768x711.jpg 768w\" sizes=\"(max-width: 1008px) 100vw, 1008px\" \/><\/figure>\n","protected":false},"excerpt":{"rendered":"<p>La prova popular partir\u00e0 a les 9.30 hores des de la pista d&#8217;atletisme de Parc Central i recorrer\u00e0 un circuit urb\u00e0 de 10 quil\u00f2metres per diferents punts de la ciutat Incsripciones en:&nbsp;https:\/\/www.cronorunner.com\/evento.php?ref=222-2203 Torrent tornar\u00e0 a convertir-se en punt de trobada per als amants del running amb la celebraci\u00f3 de la XI edici\u00f3 de la 10K [&hellip;]<\/p>\n","protected":false},"author":21,"featured_media":93232,"comment_status":"open","ping_status":"open","sticky":false,"template":"","format":"standard","meta":{"_acf_changed":false,"footnotes":""},"categories":[1186],"tags":[],"class_list":["post-93235","post","type-post","status-publish","format-standard","has-post-thumbnail","hentry","category-deporte-ca"],"acf":[],"_links":{"self":[{"href":"https:\/\/infotorrent.es\/ca\/wp-json\/wp\/v2\/posts\/93235","targetHints":{"allow":["GET"]}}],"collection":[{"href":"https:\/\/infotorrent.es\/ca\/wp-json\/wp\/v2\/posts"}],"about":[{"href":"https:\/\/infotorrent.es\/ca\/wp-json\/wp\/v2\/types\/post"}],"author":[{"embeddable":true,"href":"https:\/\/infotorrent.es\/ca\/wp-json\/wp\/v2\/users\/21"}],"replies":[{"embeddable":true,"href":"https:\/\/infotorrent.es\/ca\/wp-json\/wp\/v2\/comments?post=93235"}],"version-history":[{"count":1,"href":"https:\/\/infotorrent.es\/ca\/wp-json\/wp\/v2\/posts\/93235\/revisions"}],"predecessor-version":[{"id":93237,"href":"https:\/\/infotorrent.es\/ca\/wp-json\/wp\/v2\/posts\/93235\/revisions\/93237"}],"wp:featuredmedia":[{"embeddable":true,"href":"https:\/\/infotorrent.es\/ca\/wp-json\/wp\/v2\/media\/93232"}],"wp:attachment":[{"href":"https:\/\/infotorrent.es\/ca\/wp-json\/wp\/v2\/media?parent=93235"}],"wp:term":[{"taxonomy":"category","embeddable":true,"href":"https:\/\/infotorrent.es\/ca\/wp-json\/wp\/v2\/categories?post=93235"},{"taxonomy":"post_tag","embeddable":true,"href":"https:\/\/infotorrent.es\/ca\/wp-json\/wp\/v2\/tags?post=93235"}],"curies":[{"name":"wp","href":"https:\/\/api.w.org\/{rel}","templated":true}]}}