{"id":93207,"date":"2026-03-05T10:05:29","date_gmt":"2026-03-05T09:05:29","guid":{"rendered":"https:\/\/infotorrent.es\/?p=93207"},"modified":"2026-03-05T10:07:08","modified_gmt":"2026-03-05T09:07:08","slug":"les-28-comissions-falleres-de-torrent-ja-compten-amb-criteris-clars-davant-pluges-vent-o-calor-extrema","status":"publish","type":"post","link":"https:\/\/infotorrent.es\/ca\/fallas-ca\/les-28-comissions-falleres-de-torrent-ja-compten-amb-criteris-clars-davant-pluges-vent-o-calor-extrema\/","title":{"rendered":"Les 28 comissions falleres de Torrent ja compten amb criteris clars davant pluges, vent o calor extrema"},"content":{"rendered":"\n<p><strong>La Policia Local de Torrent ha elaborat una guia de recomanacions a les falles per a saber com actuar en cas d\u2019alertes meteorol\u00f2giques groga, taronja o roja durant la setmana fallera<\/strong><\/p>\n\n\n\n<p>Torrent ja calfa motors per a la setmana fallera i ho fa posant el focus en la coordinaci\u00f3 i la prevenci\u00f3. L\u2019Ajuntament ha celebrat esta setmana una reuni\u00f3 t\u00e8cnica de seguretat amb l\u2019objectiu d\u2019ultimar el dispositiu especial de cara als dies grans de les festes josefines i als actes multitudinaris que se celebraran a la ciutat, sobretot condicionats per la reducci\u00f3 de la mobilitat als carrers per la instal\u00b7laci\u00f3 de les carpes i monuments, la qual cosa exigix una major coordinaci\u00f3 entre els efectius de seguretat a l\u2019hora d\u2019haver d\u2019acudir a una emerg\u00e8ncia.<\/p>\n\n\n\n<p>En la trobada van participar el comissari cap de la Policia Local de Torrent, Jos\u00e9 Pascual Mart\u00ednez; l\u2019inspector Salvador Gallardo i el comissari Felipe Lluch, en representaci\u00f3 de la Policia Nacional; el cap de Protecci\u00f3 Civil, Francisco Lona; la regidora de Seguretat, Sonia Roca; el regidor de Falles, Aitor S\u00e1nchez; la regidora de Mobilitat i Protecci\u00f3 Civil, Adelina Gonz\u00e1lez; el cap de Gabinet d\u2019Alcaldia i t\u00e8cnics municipals de diferents \u00e0rees implicades en l\u2019organitzaci\u00f3 dels actes.<\/p>\n\n\n\n<p>La reuni\u00f3 ha servit per a coordinar efectius i protocols d\u2019actuaci\u00f3 en mat\u00e8ria de seguretat ciutadana, mobilitat, prevenci\u00f3 d\u2019incendis i protecci\u00f3 civil durant la setmana fallera. Per\u00f2, a m\u00e9s, ha tingut com a prioritari l\u2019elaboraci\u00f3 i la posada en com\u00fa d\u2019una guia de recomanacions dirigida a la Junta Local Fallera i a les 28 comissions falleres de la ciutat davant la possibilitat que s\u2019activen avisos meteorol\u00f2gics de l\u2019Ag\u00e8ncia Estatal de Meteorologia (AEMET) o alertes del Centre de Coordinaci\u00f3 d\u2019Emerg\u00e8ncies de la Generalitat Valenciana.<\/p>\n\n\n\n<p><strong>Una guia clara davant cada nivell d\u2019alerta<\/strong><\/p>\n\n\n\n<p>La guia, elaborada per la Policia Local de Torrent, es basa en la \u201cGuia de Recomanacions als ajuntaments per a la presa de decisions preventives davant fen\u00f2mens meteorol\u00f2gics adversos\u201d de la Generalitat i seguix les directrius dels Plans d\u2019Actuaci\u00f3 Municipal. El document establix criteris concrets per a la Junta Local Fallera (JLF) i per a les pr\u00f2pies comissions en funci\u00f3 del nivell d\u2019alerta \u2014groga, taronja o roja\u2014 i del tipus de fenomen previst: pluges intenses, tempestes, vent fort o onades de calor o de fred.<\/p>\n\n\n\n<p>Amb alerta groga, la Junta Local Fallera informar\u00e0 cada comissi\u00f3 per al seu coneixement i vigil\u00e0ncia, refor\u00e7ant l\u2019atenci\u00f3 sobre possibles canvis en la situaci\u00f3 meteorol\u00f2gica. En este nivell no es contempla cap suspensi\u00f3 autom\u00e0tica d\u2019actes, per\u00f2 s\u00ed que es recomana extremar les precaucions i seguir l\u2019evoluci\u00f3 dels avisos oficials d\u2019AEMET i el 112, o d\u2019un possible CECOPAL.<\/p>\n\n\n\n<p>En cas d\u2019alerta taronja per pluges, el CECOPAL o l\u2019autoritat competent valoraria la suspensi\u00f3 o no dels actes previstos en funci\u00f3 de la previsi\u00f3, encara que el normal \u00e9s que se suspenguen els actes propis del consistori i de la JLF a l\u2019aire lliure. Si l\u2019alerta per pluja arribara al nivell roig, a m\u00e9s de suspendre\u2019s tota activitat exterior, tamb\u00e9 es paralitzarien les activitats previstes a l\u2019interior dels casals, prioritzant la seguretat dels fallers i evitant els despla\u00e7aments.<\/p>\n\n\n\n<p>Respecte al vent, un dels factors de major risc per la pres\u00e8ncia de carpes, monuments i elements decoratius, la guia establix que amb alerta taronja se suspendran els actes a la via p\u00fablica i en estructures temporals; es recomana a les comissions tancar les carpes per a protegir tant els b\u00e9ns materials com les persones. Si l\u2019alerta \u00e9s roja per vent, s\u2019insta al desallotjament immediat de les zones de risc.<\/p>\n\n\n\n<p><strong>Protocols davant la calor i la Crem\u00e0<\/strong><\/p>\n\n\n\n<p>El document tamb\u00e9 contempla escenaris d\u2019altes temperatures. Davant una alerta taronja per onada de calor, es reduirien els actes en les hores de major intensitat t\u00e8rmica, es garantiria l\u2019acc\u00e9s a aigua i fonts, es refor\u00e7aria l\u2019assist\u00e8ncia sanit\u00e0ria davant possibles lipot\u00edmies i s\u2019advertiria especialment la poblaci\u00f3 vulnerable, com persones majors i xiquets. En cas d\u2019alerta roja per calor, se suspendrien directament els actes previstos.<\/p>\n\n\n\n<p>Estes recomanacions han sigut traslladades esta mateixa setmana als presidents de les comissions falleres en una reuni\u00f3 espec\u00edfica. Aix\u00ed mateix, es va entregar el protocol d\u2019actuaci\u00f3 elaborat pel departament de prevenci\u00f3 operativa del Consorci Provincial de Bombers per a la nit de la Crem\u00e0, que inclou indicacions concretes davant el risc de vent.<\/p>\n\n\n\n<p><strong>Aprendre d\u2019experi\u00e8ncies recents<\/strong><\/p>\n\n\n\n<p>Des del consistori recorden que les alertes meteorol\u00f2giques \u201chan vingut per a quedar-se\u201d, especialment despr\u00e9s dels efectes de la dana del 29 d\u2019octubre de 2024 a la Comunitat Valenciana. Arran d\u2019aquell episodi, l\u2019administraci\u00f3 local considera fonamental que tant les entitats organitzadores com la ciutadania estiguen familiaritzades amb els avisos que emet AEMET i amb les alertes del Centre de Coordinaci\u00f3 d\u2019Emerg\u00e8ncies.<\/p>\n\n\n\n<p>Encara que les decisions finals en situacions d\u2019emerg\u00e8ncia a la ciutat corresponen al CECOPAL, l\u2019Ajuntament insistix que la poblaci\u00f3 ha de con\u00e9ixer per endavant quines mesures s\u2019adopten en cada cas segons el color de l\u2019alerta. En esdeveniments multitudinaris com les Falles, on milers de persones participen en actes a la via p\u00fablica, l\u2019anticipaci\u00f3 i la informaci\u00f3 clara resulten essencials.<\/p>\n\n\n\n<p>El regidor de Falles, Aitor S\u00e1nchez, ha subratllat la import\u00e0ncia d\u2019esta planificaci\u00f3 preventiva. \u201cEl nostre desig \u00e9s que puguem gaudir d\u2019unes Falles tranquil\u00b7les tamb\u00e9 des del punt de vista meteorol\u00f2gic i que no siga necessari aplicar cap d\u2019estes mesures\u201d, ha assenyalat. \u201cPer\u00f2 l\u2019experi\u00e8ncia ens diu que hem d\u2019estar preparats. \u00c9s fonamental que els presidents i les comissions s\u00e0pien com actuar i que la informaci\u00f3 flu\u00efsca amb rapidesa i claredat\u201d.<\/p>\n\n\n\n<p>S\u00e1nchez ha afegit que \u201cla responsabilitat \u00faltima dins de cada comissi\u00f3 recau en el seu president, per la qual cosa dotar-los d\u2019eines i criteris objectius davant cada nivell d\u2019alerta \u00e9s una forma de refor\u00e7ar la seguretat col\u00b7lectiva\u201d. En este sentit, ha agra\u00eft el treball conjunt de la Policia Local, la Policia Nacional, els Bombers, Protecci\u00f3 Civil i la resta d\u2019\u00e0rees municipals implicades.<\/p>\n\n\n\n<p>Amb la distribuci\u00f3 d\u2019esta guia a trav\u00e9s de la Junta Local Fallera, l\u2019Ajuntament de Torrent pret\u00e9n que les 28 comissions disposen d\u2019una base d\u2019actuaci\u00f3 comuna i homog\u00e8nia. La meta \u00e9s que, davant qualsevol fenomen meteorol\u00f2gic advers que puga coincidir amb la setmana fallera o amb la nit de la Crem\u00e0, existisca una resposta \u00fanica, coordinada, r\u00e0pida i efica\u00e7.<\/p>\n\n\n\n<p>Torrent es prepara aix\u00ed per a viure intensament les seues festes grans, combinant tradici\u00f3, p\u00f3lvora i conviv\u00e8ncia amb una planificaci\u00f3 rigorosa que situa la seguretat i la prevenci\u00f3 com a prioritats absolutes.<\/p>\n\n\n\n<figure class=\"wp-block-image size-large\"><img fetchpriority=\"high\" decoding=\"async\" width=\"1024\" height=\"682\" src=\"https:\/\/infotorrent.es\/wp-content\/uploads\/2026\/03\/WhatsApp-Image-2026-03-03-at-12.49.22-1024x682.jpeg\" alt=\"\" class=\"wp-image-93199\" srcset=\"https:\/\/infotorrent.es\/wp-content\/uploads\/2026\/03\/WhatsApp-Image-2026-03-03-at-12.49.22-1024x682.jpeg 1024w, https:\/\/infotorrent.es\/wp-content\/uploads\/2026\/03\/WhatsApp-Image-2026-03-03-at-12.49.22-300x200.jpeg 300w, https:\/\/infotorrent.es\/wp-content\/uploads\/2026\/03\/WhatsApp-Image-2026-03-03-at-12.49.22-768x512.jpeg 768w, https:\/\/infotorrent.es\/wp-content\/uploads\/2026\/03\/WhatsApp-Image-2026-03-03-at-12.49.22-1536x1023.jpeg 1536w, https:\/\/infotorrent.es\/wp-content\/uploads\/2026\/03\/WhatsApp-Image-2026-03-03-at-12.49.22.jpeg 1600w\" sizes=\"(max-width: 1024px) 100vw, 1024px\" \/><\/figure>\n\n\n\n<figure class=\"wp-block-gallery has-nested-images columns-default is-cropped wp-block-gallery-1 is-layout-flex wp-block-gallery-is-layout-flex\">\n<figure class=\"wp-block-image size-large\"><img decoding=\"async\" width=\"1024\" height=\"615\" data-id=\"93201\" src=\"https:\/\/infotorrent.es\/wp-content\/uploads\/2026\/03\/WhatsApp-Image-2026-03-05-at-09.52.06-1024x615.jpeg\" alt=\"\" class=\"wp-image-93201\" srcset=\"https:\/\/infotorrent.es\/wp-content\/uploads\/2026\/03\/WhatsApp-Image-2026-03-05-at-09.52.06-1024x615.jpeg 1024w, https:\/\/infotorrent.es\/wp-content\/uploads\/2026\/03\/WhatsApp-Image-2026-03-05-at-09.52.06-300x180.jpeg 300w, https:\/\/infotorrent.es\/wp-content\/uploads\/2026\/03\/WhatsApp-Image-2026-03-05-at-09.52.06-768x461.jpeg 768w, https:\/\/infotorrent.es\/wp-content\/uploads\/2026\/03\/WhatsApp-Image-2026-03-05-at-09.52.06-1536x922.jpeg 1536w, https:\/\/infotorrent.es\/wp-content\/uploads\/2026\/03\/WhatsApp-Image-2026-03-05-at-09.52.06.jpeg 1569w\" sizes=\"(max-width: 1024px) 100vw, 1024px\" \/><\/figure>\n<\/figure>\n","protected":false},"excerpt":{"rendered":"<p>La Policia Local de Torrent ha elaborat una guia de recomanacions a les falles per a saber com actuar en cas d\u2019alertes meteorol\u00f2giques groga, taronja o roja durant la setmana fallera Torrent ja calfa motors per a la setmana fallera i ho fa posant el focus en la coordinaci\u00f3 i la prevenci\u00f3. L\u2019Ajuntament ha celebrat [&hellip;]<\/p>\n","protected":false},"author":21,"featured_media":93199,"comment_status":"open","ping_status":"open","sticky":false,"template":"","format":"standard","meta":{"_acf_changed":false,"footnotes":""},"categories":[1190,1171],"tags":[],"class_list":["post-93207","post","type-post","status-publish","format-standard","has-post-thumbnail","hentry","category-ayuntamiento-de-torrent-ca","category-fallas-ca"],"acf":[],"_links":{"self":[{"href":"https:\/\/infotorrent.es\/ca\/wp-json\/wp\/v2\/posts\/93207","targetHints":{"allow":["GET"]}}],"collection":[{"href":"https:\/\/infotorrent.es\/ca\/wp-json\/wp\/v2\/posts"}],"about":[{"href":"https:\/\/infotorrent.es\/ca\/wp-json\/wp\/v2\/types\/post"}],"author":[{"embeddable":true,"href":"https:\/\/infotorrent.es\/ca\/wp-json\/wp\/v2\/users\/21"}],"replies":[{"embeddable":true,"href":"https:\/\/infotorrent.es\/ca\/wp-json\/wp\/v2\/comments?post=93207"}],"version-history":[{"count":1,"href":"https:\/\/infotorrent.es\/ca\/wp-json\/wp\/v2\/posts\/93207\/revisions"}],"predecessor-version":[{"id":93209,"href":"https:\/\/infotorrent.es\/ca\/wp-json\/wp\/v2\/posts\/93207\/revisions\/93209"}],"wp:featuredmedia":[{"embeddable":true,"href":"https:\/\/infotorrent.es\/ca\/wp-json\/wp\/v2\/media\/93199"}],"wp:attachment":[{"href":"https:\/\/infotorrent.es\/ca\/wp-json\/wp\/v2\/media?parent=93207"}],"wp:term":[{"taxonomy":"category","embeddable":true,"href":"https:\/\/infotorrent.es\/ca\/wp-json\/wp\/v2\/categories?post=93207"},{"taxonomy":"post_tag","embeddable":true,"href":"https:\/\/infotorrent.es\/ca\/wp-json\/wp\/v2\/tags?post=93207"}],"curies":[{"name":"wp","href":"https:\/\/api.w.org\/{rel}","templated":true}]}}