{"id":93195,"date":"2026-03-05T10:30:00","date_gmt":"2026-03-05T09:30:00","guid":{"rendered":"https:\/\/infotorrent.es\/?p=93195"},"modified":"2026-03-05T18:52:55","modified_gmt":"2026-03-05T17:52:55","slug":"agenda-de-la-ciudad-del-5-al-8-de-marc","status":"publish","type":"post","link":"https:\/\/infotorrent.es\/ca\/agenda-2-ca\/agenda-de-la-ciudad-del-5-al-8-de-marc\/","title":{"rendered":"Agenda de la Ciudad (Del 5 al 8 de Mar\u00e7)"},"content":{"rendered":"\n<h4 class=\"wp-block-heading\">La ciutat de Torrent es prepara per a viure un cap de setmana ple d\u2019esdeveniments per a tots els p\u00fablics, amb propostes culturals, esportives, musicals i tradicionals organitzades per associacions locals, falles, col\u00b7lectius ve\u00efnals i el mateix Ajuntament. a continuaci\u00f3, tots els actes detallats amb lloc i hora<\/h4>\n\n\n\n<p>\ud83d\udcc5 <strong>DIJOUS, 5 DE MAR\u00c7<\/strong><\/p>\n\n\n\n<p><br>\ud83d\udd55 17:00 h | \ud83d\udc83 Ball dels Majors<br>\ud83d\udccd Centre de Majors Bellido<br>\ud83d\udc65 Organitza: Ajuntament de Torrent<\/p>\n\n\n\n<p>\ud83d\udd55 18:30 h | \ud83c\udfa4 Presentaci\u00f3 del primer llibre de Lina Pastor. <em>Destino Robado<\/em><br>\ud83d\udccd Casa de la Dona<br>\ud83d\udc65 Organitza: Regidoria de la Dona<\/p>\n\n\n\n<p>\ud83d\udd55 20:00 h | \ud83c\udfa4 Gala liter\u00e0ria de Falles<br>\ud83d\udccd Sal\u00f3 d\u2019actes de l\u2019Ajuntament<br>\ud83d\udc65 Organitza: Junta Local Fallera<\/p>\n\n\n\n<hr class=\"wp-block-separator has-alpha-channel-opacity\"\/>\n\n\n\n<p>\ud83d\udcc5 <strong>DIVENDRES, 6 DE MAR\u00c7<\/strong><\/p>\n\n\n\n<p><br>\ud83d\udd62 17:00 h | \ud83d\udc83 Ball dels Majors<br>\ud83d\udccd Sant Gregori<br>\ud83d\udc65 Organitza: Ajuntament de Torrent<\/p>\n\n\n\n<p>\ud83d\udd62 18:30 h | \ud83c\udfa4 Col\u00b7loqui \u201cElles Compten, dones esportistes\u201d<br>\ud83d\udccd Casa de la Dona<br>\ud83d\udc65 Organitza: Regidoria de la Dona<\/p>\n\n\n\n<p>\ud83d\udd55 19:30 h | \ud83c\udfa4Entrega de recompenses Fulles de Llorer<br>\ud83d\udccd Sal\u00f3 d\u2019actes de l\u2019Ajuntament<br>\ud83d\udc65 Organitza: Junta Local Fallera<\/p>\n\n\n\n<hr class=\"wp-block-separator has-alpha-channel-opacity\"\/>\n\n\n\n<p><strong>\ud83d\udcc5<\/strong>DISSABTE, 7 DE MAR\u00c7<\/p>\n\n\n\n<p>\ud83d\udd55 17:30 h | \ud83d\udc83 Ball dels Majors<br>\ud83d\udccd Centre Comercia les Americas<br>\ud83d\udc65 Organitza: Ajuntament de Torrent<\/p>\n\n\n\n<p>\ud83d\udd55 19:00 h | \ud83c\udfad Continu\u00eftat en els Parcs, una com\u00e8dia explosiva<br>\ud83d\udccd Sal\u00f3 d\u2019actes de l\u2019Ajuntament<br>\ud83d\udc65 Organitza: AECC i col\u00b7labora l\u2019Ajuntament de Torrent<\/p>\n\n\n\n<p>\ud83d\udd55 19:00 h | \ud83c\udfad Paisatges Humans<br>\ud83d\udccd Auditori de Torrent<br>\ud83d\udc65 Organitza: Auditori de Torrent<\/p>\n\n\n\n<p>\ud83d\udd17 Entrades: <a href=\"https:\/\/www.auditoritorrent.com\/\" target=\"_blank\" rel=\"noopener\">https:\/\/www.auditoritorrent.com\/<\/a><br>\ud83c\udf9f\ufe0f Tamb\u00e9 disponibles des de 2 hores abans de cada funci\u00f3 fins a l\u2019inici d\u2019esta en taquilla.<\/p>\n\n\n\n<hr class=\"wp-block-separator has-alpha-channel-opacity\"\/>\n\n\n\n<p>\ud83d\udcc5 <strong>DIUMENGE, 8 DE MAR\u00c7<\/strong><\/p>\n\n\n\n<p><br>\ud83d\udd64 11:00 h a 13:30 h | \ud83c\udf0d\ud83c\udf31 Activitats i tallers ambientals<br>\ud83d\udccd Hort de Trenor<br>\ud83d\udc65 Organitza: Ajuntament de Torrent<\/p>\n\n\n\n<p>\ud83d\udd55 12:00 h | \u26bd Partit de futbol Torrent &#8211; UE Porreres<br>\ud83d\udccd Camp de futbol Sant Gregori<br>\ud83d\udc65 Organitza: 2a REFF<\/p>\n\n\n\n<p>\ud83d\udd55 12:00 h | \ud83c\udf38 Cercavila i Ofrena<br>\ud83d\udccd Seu d\u2019Adisto<br>\ud83d\udc65 Organitza: Adisto<\/p>\n\n\n\n<p>\ud83d\udd55 17:00 h | \ud83d\udd25 Crem\u00e0 de la Falla<br>\ud83d\udccd Seu d\u2019Adisto<br>\ud83d\udc65 Organitza: Adisto<\/p>\n\n\n\n<p>\ud83d\udd55 17:30 h | \ud83d\udc83 Ball dels Majors<br>\ud83d\udccd Centre Comercial Les Am\u00e9ricas<br>\ud83d\udc65 Organitza: Ajuntament de Torrent<\/p>\n\n\n\n<p>\ud83d\udd55 18:00 h | \ud83c\udfa4 Concert especial a c\u00e0rrec de la Banda S\u00e8nior de la Uni\u00f3 Musical<br>\ud83d\udccd Uni\u00f3 Musical de Torrent<br>\ud83d\udc65 Organitza: Regidoria de la Dona<\/p>\n\n\n\n<p>\ud83d\udd55 19:00 h | \ud83c\udfad Mara Aranda. <em>Geografies de la di\u00e0spora<\/em><br>\ud83d\udccd Auditori de Torrent<br>\ud83d\udc65 Organitza: Auditori de Torrent<\/p>\n\n\n\n<p>\ud83d\udd17 Entrades: <a href=\"https:\/\/www.auditoritorrent.com\/\" target=\"_blank\" rel=\"noopener\">https:\/\/www.auditoritorrent.com\/<\/a><br>\ud83c\udf9f\ufe0f Tamb\u00e9 disponibles des de 2 hores abans de cada funci\u00f3 fins a l\u2019inici d\u2019esta en taquilla.<\/p>\n\n\n\n<hr class=\"wp-block-separator has-alpha-channel-opacity\"\/>\n\n\n\n<figure class=\"wp-block-image size-large\"><img fetchpriority=\"high\" decoding=\"async\" width=\"819\" height=\"1024\" src=\"https:\/\/infotorrent.es\/wp-content\/uploads\/2026\/03\/FORMATO-AGENDA-del-5-al-8-marzo-819x1024.png\" alt=\"\" class=\"wp-image-93191\" srcset=\"https:\/\/infotorrent.es\/wp-content\/uploads\/2026\/03\/FORMATO-AGENDA-del-5-al-8-marzo-819x1024.png 819w, https:\/\/infotorrent.es\/wp-content\/uploads\/2026\/03\/FORMATO-AGENDA-del-5-al-8-marzo-240x300.png 240w, https:\/\/infotorrent.es\/wp-content\/uploads\/2026\/03\/FORMATO-AGENDA-del-5-al-8-marzo-768x960.png 768w, https:\/\/infotorrent.es\/wp-content\/uploads\/2026\/03\/FORMATO-AGENDA-del-5-al-8-marzo.png 1080w\" sizes=\"(max-width: 819px) 100vw, 819px\" \/><\/figure>\n","protected":false},"excerpt":{"rendered":"<p>La ciutat de Torrent es prepara per a viure un cap de setmana ple d\u2019esdeveniments per a tots els p\u00fablics, amb propostes culturals, esportives, musicals i tradicionals organitzades per associacions locals, falles, col\u00b7lectius ve\u00efnals i el mateix Ajuntament. a continuaci\u00f3, tots els actes detallats amb lloc i hora \ud83d\udcc5 DIJOUS, 5 DE MAR\u00c7 \ud83d\udd55 17:00 [&hellip;]<\/p>\n","protected":false},"author":22,"featured_media":93191,"comment_status":"open","ping_status":"open","sticky":false,"template":"","format":"standard","meta":{"_acf_changed":false,"footnotes":""},"categories":[1157,1190],"tags":[],"class_list":["post-93195","post","type-post","status-publish","format-standard","has-post-thumbnail","hentry","category-agenda-2-ca","category-ayuntamiento-de-torrent-ca"],"acf":[],"_links":{"self":[{"href":"https:\/\/infotorrent.es\/ca\/wp-json\/wp\/v2\/posts\/93195","targetHints":{"allow":["GET"]}}],"collection":[{"href":"https:\/\/infotorrent.es\/ca\/wp-json\/wp\/v2\/posts"}],"about":[{"href":"https:\/\/infotorrent.es\/ca\/wp-json\/wp\/v2\/types\/post"}],"author":[{"embeddable":true,"href":"https:\/\/infotorrent.es\/ca\/wp-json\/wp\/v2\/users\/22"}],"replies":[{"embeddable":true,"href":"https:\/\/infotorrent.es\/ca\/wp-json\/wp\/v2\/comments?post=93195"}],"version-history":[{"count":3,"href":"https:\/\/infotorrent.es\/ca\/wp-json\/wp\/v2\/posts\/93195\/revisions"}],"predecessor-version":[{"id":93226,"href":"https:\/\/infotorrent.es\/ca\/wp-json\/wp\/v2\/posts\/93195\/revisions\/93226"}],"wp:featuredmedia":[{"embeddable":true,"href":"https:\/\/infotorrent.es\/ca\/wp-json\/wp\/v2\/media\/93191"}],"wp:attachment":[{"href":"https:\/\/infotorrent.es\/ca\/wp-json\/wp\/v2\/media?parent=93195"}],"wp:term":[{"taxonomy":"category","embeddable":true,"href":"https:\/\/infotorrent.es\/ca\/wp-json\/wp\/v2\/categories?post=93195"},{"taxonomy":"post_tag","embeddable":true,"href":"https:\/\/infotorrent.es\/ca\/wp-json\/wp\/v2\/tags?post=93195"}],"curies":[{"name":"wp","href":"https:\/\/api.w.org\/{rel}","templated":true}]}}