{"id":9318,"date":"2018-03-08T18:06:28","date_gmt":"2018-03-08T18:06:28","guid":{"rendered":"https:\/\/infotorrent.es\/uncategorized\/el-granerer-de-butxaca-recull-tota-la-informacio-de-les-falles-en-una-versio-reduida-del-llibre-oficial\/"},"modified":"2018-03-08T18:06:28","modified_gmt":"2018-03-08T18:06:28","slug":"el-granerer-de-butxaca-recull-tota-la-informacio-de-les-falles-en-una-versio-reduida-del-llibre-oficial","status":"publish","type":"post","link":"https:\/\/infotorrent.es\/ca\/noticies\/el-granerer-de-butxaca-recull-tota-la-informacio-de-les-falles-en-una-versio-reduida-del-llibre-oficial\/","title":{"rendered":"El Granerer de butxaca recull tota la informaci\u00f3 de les Falles en una versi\u00f3 redu\u00efda del llibre oficial"},"content":{"rendered":"<p>Este setmana s&#8217;ha donat a con\u00e9ixer l&#8217;edici\u00f3 de butxaca d&#8217;El Granerer, la revista oficial de les Falles de Torrent. Esta versi\u00f3 redu\u00efda del llibre fester inclou els esbossos dels monuments de les 29 comissions aix\u00ed com el programa oficial d&#8217;actes. Tamb\u00e9 cant\u00f3, en les p\u00e0gines centrals, un pl\u00e0nol de la ciutat amb les falles i altres ubicacions \u00fatils per al seguiment de la festa. D&#8217;altra banda, s&#8217;han presentat les tovalloneres i els gots amb missatges feministes de la campanya \u201cFestes a Torrent: un espai d\u2019igualtat i respecte envers les dones. Sempre!\u201d que, amb motiu del Dia de la Dona, es repartiran a les comissions falleres i, m\u00e9s endavant, tamb\u00e9 a les festes patronals. En este sentit, tamb\u00e9 s&#8217;han donat a con\u00e9ixer els v\u00eddeos en favor de la igualtat de la campanya &#8220;El canvi est\u00e0 en tu&#8221;, del Gabinet de Comunicaci\u00f3 de l\u2019Ajuntament, que es poden veure en Infotorrent.es i el canal de Youtube de l&#8217;Ajuntament.<img fetchpriority=\"high\" decoding=\"async\" class=\"alignright size-full wp-image-11478\" src=\"https:\/\/www.infotorrent.es\/wp-content\/uploads\/2018\/03\/presentacio_granerer-2.jpg\" alt=\"\" width=\"4800\" height=\"3200\" \/><\/p>\n","protected":false},"excerpt":{"rendered":"<p>Este setmana s&#8217;ha donat a con\u00e9ixer l&#8217;edici\u00f3 de butxaca d&#8217;El Granerer, la revista oficial de les Falles de Torrent. Esta versi\u00f3 redu\u00efda del llibre fester inclou els esbossos dels monuments de les 29 comissions aix\u00ed com el programa oficial d&#8217;actes. Tamb\u00e9 cant\u00f3, en les p\u00e0gines centrals, un pl\u00e0nol de la ciutat amb les falles i [&hellip;]<\/p>\n","protected":false},"author":3,"featured_media":9320,"comment_status":"closed","ping_status":"open","sticky":false,"template":"","format":"standard","meta":{"_acf_changed":false,"footnotes":""},"categories":[117,116],"tags":[376],"class_list":["post-9318","post","type-post","status-publish","format-standard","has-post-thumbnail","hentry","category-cultura","category-noticies","tag-falles-2018"],"acf":[],"_links":{"self":[{"href":"https:\/\/infotorrent.es\/ca\/wp-json\/wp\/v2\/posts\/9318","targetHints":{"allow":["GET"]}}],"collection":[{"href":"https:\/\/infotorrent.es\/ca\/wp-json\/wp\/v2\/posts"}],"about":[{"href":"https:\/\/infotorrent.es\/ca\/wp-json\/wp\/v2\/types\/post"}],"author":[{"embeddable":true,"href":"https:\/\/infotorrent.es\/ca\/wp-json\/wp\/v2\/users\/3"}],"replies":[{"embeddable":true,"href":"https:\/\/infotorrent.es\/ca\/wp-json\/wp\/v2\/comments?post=9318"}],"version-history":[{"count":0,"href":"https:\/\/infotorrent.es\/ca\/wp-json\/wp\/v2\/posts\/9318\/revisions"}],"wp:featuredmedia":[{"embeddable":true,"href":"https:\/\/infotorrent.es\/ca\/wp-json\/wp\/v2\/media\/9320"}],"wp:attachment":[{"href":"https:\/\/infotorrent.es\/ca\/wp-json\/wp\/v2\/media?parent=9318"}],"wp:term":[{"taxonomy":"category","embeddable":true,"href":"https:\/\/infotorrent.es\/ca\/wp-json\/wp\/v2\/categories?post=9318"},{"taxonomy":"post_tag","embeddable":true,"href":"https:\/\/infotorrent.es\/ca\/wp-json\/wp\/v2\/tags?post=9318"}],"curies":[{"name":"wp","href":"https:\/\/api.w.org\/{rel}","templated":true}]}}