{"id":93149,"date":"2026-03-03T17:07:30","date_gmt":"2026-03-03T16:07:30","guid":{"rendered":"https:\/\/infotorrent.es\/?p=93149"},"modified":"2026-03-03T17:07:33","modified_gmt":"2026-03-03T16:07:33","slug":"torrent-celebra-el-martisor-simbol-de-la-primavera-romanesa-en-un-acte-a-la-casa-de-la-dona","status":"publish","type":"post","link":"https:\/\/infotorrent.es\/ca\/seguridad-ciudadana-y-mobilidad\/torrent-celebra-el-martisor-simbol-de-la-primavera-romanesa-en-un-acte-a-la-casa-de-la-dona\/","title":{"rendered":"Torrent celebra el M\u0103r\u021bi\u0219or, s\u00edmbol de la primavera romanesa, en un acte a la Casa de la Dona"},"content":{"rendered":"\n<p><strong>Conciliaci\u00f3, di\u00e0leg i proximitat: el paper de la Unitat de Mediaci\u00f3 i Enlla\u00e7 Comunitari (MEC) en la cohesi\u00f3 social de la ciutat<\/strong><\/p>\n\n\n\n<p>La ciutat de Torrent va acollir el passat 1 de mar\u00e7 la celebraci\u00f3 de la tradicional festa romanesa del M\u0103r\u021bi\u0219or, una jornada carregada de simbolisme, cultura i integraci\u00f3 que va reunir m\u00e9s d&#8217;un centenar de persones a la Casa de la Dona de l&#8217;Ajuntament de l&#8217;Ajuntament de Torrent.<\/p>\n\n\n\n<p>L&#8217;acte va ser organitzat per la Parr\u00f2quia Ortodoxa \u201cSf. Efrem cel Nou\u201d i l&#8217;Associaci\u00f3 Hisp\u00e0-Romanesa Pro Datina Val\u00e8ncia, amb la col\u00b7laboraci\u00f3 de l&#8217;Ajuntament de Torrent i la Unitat de Mediaci\u00f3 i Enlla\u00e7 Comunitari (MEC) de la Policia Local de Torrent. La jornada va comptar amb la pres\u00e8ncia de la regidora de Seguretat Ciutadana, Sonia Roca acompanyada per l&#8217;inspector de la Policia Local de Torrent i responsable de la Unitat de Mediaci\u00f3 i Enlla\u00e7 Comunitari de la Policia Local de Torrent, Venancio Avi\u00f1\u00f3 i la vicec\u00f2nsol de Romania, Donya Cosmina Beatrice Dumitrache, el representant de l&#8217;Esgl\u00e9sia Ortodoxa, Do Vasile Pop, a m\u00e9s de nombrosos ve\u00efns i representants d&#8217;associacions.<\/p>\n\n\n\n<p><strong>Una tradici\u00f3 mil\u00b7len\u00e0ria que simbolitza el ren\u00e0ixer<\/strong><\/p>\n\n\n\n<p>El M\u0103r\u021bi\u0219or marca a Romania l&#8217;inici simb\u00f2lic de la primavera i \u00e9s considerat el \u201cAny Nou de la Naturalesa\u201d. Es tracta d&#8217;una tradici\u00f3 ancestral que combina hist\u00f2ria, mitologia i un fort component social.<\/p>\n\n\n\n<p>L&#8217;element central \u00e9s un xicotet amulet decoratiu acompanyat per un fil trenat roig i blanc. El roig simbolitza la vida, l&#8217;energia i el renaixement; el blanc representa la puresa i el final de l&#8217;hivern. Tradicionalment, els h\u00f2mens regalen estos amulets a les dones, que els llu\u00efxen presos a la roba, prop del cor, encara que en algunes regions com Mold\u00e0via la tradici\u00f3 s&#8217;invertix.<\/p>\n\n\n\n<p>En finalitzar el mes de mar\u00e7, el fil es lliga a la branca d&#8217;un arbre fruiter mentres es formula un desig, simbolitzant l&#8217;esperan\u00e7a que, amb l&#8217;arribada dels fruits, tamb\u00e9 es complisquen els anhels personals.<\/p>\n\n\n\n<p>Amb el pas del temps, el M\u0103r\u021bi\u0219or ha evolucionat des del seu car\u00e0cter protector fins a convertir-se tamb\u00e9 en una expressi\u00f3 art\u00edstica i un gest de cortesia social. Actualment s&#8217;elaboren amb materials molt diversos, des de peces artesanals tradicionals fins a dissenys contemporanis, reflectint l&#8217;adaptaci\u00f3 de la tradici\u00f3 al segle XXI.<\/p>\n\n\n\n<p><strong>Patrimoni Cultural Immaterial de la Humanitat<\/strong><\/p>\n\n\n\n<p>Lluny de ser un costum a\u00efllat, el M\u0103r\u021bi\u0219or forma part del patrimoni cultural compartit en diversos pa\u00efsos de l&#8217;est d&#8217;Europa, com Bulg\u00e0ria (Martenitsa), Mold\u00e0via i Maced\u00f2nia del Nord. La seua rellev\u00e0ncia social va portar a la UNESCO a incloure-ho en 2017 en la llista del Patrimoni Cultural Immaterial de la Humanitat, reconeixent no sols la bellesa de l&#8217;objecte, sin\u00f3 la seua capacitat per a enfortir els vincles comunitaris.<\/p>\n\n\n\n<p>Durant la jornada celebrada a Torrent es va realitzar una presentaci\u00f3 explicativa sobre l&#8217;origen i significat d&#8217;esta tradici\u00f3, aix\u00ed com un taller de creaci\u00f3 dirigit tant a xiquets com a adults, fomentant la participaci\u00f3 intergeneracional i l&#8217;intercanvi cultural.<\/p>\n\n\n\n<p><strong>Un acte de conviv\u00e8ncia i integraci\u00f3 a Torrent<\/strong><\/p>\n\n\n\n<p>La regidora de Seguretat Ciutadana, Sonia Roca, va destacar durant la seua intervenci\u00f3 que <strong>\u201cTorrent \u00e9s una ciutat oberta, diversa i orgullosa de la riquesa cultural que aporten les diferents comunitats que conviuen en ella. Celebracions com el M\u0103r\u021bi\u0219or ens permeten con\u00e9ixer-nos millor, compartir tradicions i enfortir la cohesi\u00f3 social\u201d.<\/strong><\/p>\n\n\n\n<p>Roca va subratllar a m\u00e9s que <strong>\u201cla integraci\u00f3 es constru\u00efx tamb\u00e9 des del respecte a les arrels i des del reconeixement institucional de tradicions que formen part de la identitat dels nostres ve\u00efns i ve\u00efnes\u201d.<\/strong><\/p>\n\n\n\n<p>Per part seua, l&#8217;inspector Venancio Avi\u00f1\u00f3 va destacar que <strong>\u201cdes de la Unitat de Mediaci\u00f3 i Enlla\u00e7 Comunitari treballem di\u00e0riament per a acostar la Policia Local als diferents col\u00b7lectius de la ciutat, generant espais de di\u00e0leg, confian\u00e7a i col\u00b7laboraci\u00f3. El MEC no sols interv\u00e9 en la resoluci\u00f3 de conflictes, sin\u00f3 que impulsa iniciatives que enfortixen la conviv\u00e8ncia i la integraci\u00f3 real en els nostres barris\u201d.<\/strong><\/p>\n\n\n\n<p>L&#8217;inspector del PLT i responsable del MEC, va posar en valor <strong>\u201cla import\u00e0ncia d&#8217;estos espais de trobada per a refor\u00e7ar la conviv\u00e8ncia i la confian\u00e7a entre ciutadania i institucions\u201d<\/strong>, assenyalant que <strong>\u201cla cultura \u00e9s una ferramenta fonamental per a crear ciutat i generar entorns m\u00e9s cohesionats, m\u00e9s participatius i m\u00e9s humans\u201d.<\/strong><\/p>\n\n\n\n<p><strong>Un s\u00edmbol d&#8217;esperan\u00e7a que transcendix fronteres<\/strong><\/p>\n\n\n\n<p>El M\u0103r\u021bi\u0219or ha sobreviscut a segles d&#8217;hist\u00f2ria, transformacions socials i modernitat perqu\u00e8 representa un valor universal: l&#8217;esperan\u00e7a que la llum sempre ven\u00e7 a la foscor i que, despr\u00e9s de cada hivern, la vida torna a florir.<\/p>\n\n\n\n<p>La celebraci\u00f3 a la Casa de la Dona no sols va permetre acostar esta tradici\u00f3 a la ciutadania de Torrent, sin\u00f3 que va refor\u00e7ar els lla\u00e7os entre cultures, consolidant a la ciutat com un espai de conviv\u00e8ncia, respecte i enriquiment mutu.<\/p>\n\n\n\n<p>Amb m\u00e9s de 100 assistents, l&#8217;acte va demostrar la vitalitat de la comunitat romanesa a Torrent i l&#8217;aposta municipal per promoure iniciatives que fomenten la diversitat cultural com a element d&#8217;uni\u00f3 i fortalesa social.<\/p>\n\n\n\n<figure class=\"wp-block-image size-large\"><img fetchpriority=\"high\" decoding=\"async\" width=\"1024\" height=\"577\" src=\"https:\/\/infotorrent.es\/wp-content\/uploads\/2026\/03\/13-1-1024x577.jpg\" alt=\"\" class=\"wp-image-93150\" srcset=\"https:\/\/infotorrent.es\/wp-content\/uploads\/2026\/03\/13-1-1024x577.jpg 1024w, https:\/\/infotorrent.es\/wp-content\/uploads\/2026\/03\/13-1-300x169.jpg 300w, https:\/\/infotorrent.es\/wp-content\/uploads\/2026\/03\/13-1-768x432.jpg 768w, https:\/\/infotorrent.es\/wp-content\/uploads\/2026\/03\/13-1-1536x865.jpg 1536w, https:\/\/infotorrent.es\/wp-content\/uploads\/2026\/03\/13-1.jpg 2000w\" sizes=\"(max-width: 1024px) 100vw, 1024px\" \/><\/figure>\n\n\n\n<figure class=\"wp-block-image size-large\"><img decoding=\"async\" width=\"1024\" height=\"577\" src=\"https:\/\/infotorrent.es\/wp-content\/uploads\/2026\/03\/7-1-1024x577.jpg\" alt=\"\" class=\"wp-image-93155\" srcset=\"https:\/\/infotorrent.es\/wp-content\/uploads\/2026\/03\/7-1-1024x577.jpg 1024w, https:\/\/infotorrent.es\/wp-content\/uploads\/2026\/03\/7-1-300x169.jpg 300w, https:\/\/infotorrent.es\/wp-content\/uploads\/2026\/03\/7-1-768x432.jpg 768w, https:\/\/infotorrent.es\/wp-content\/uploads\/2026\/03\/7-1-1536x865.jpg 1536w, https:\/\/infotorrent.es\/wp-content\/uploads\/2026\/03\/7-1.jpg 2000w\" sizes=\"(max-width: 1024px) 100vw, 1024px\" \/><\/figure>\n\n\n\n<figure class=\"wp-block-gallery has-nested-images columns-default is-cropped wp-block-gallery-1 is-layout-flex wp-block-gallery-is-layout-flex\">\n<figure class=\"wp-block-image size-large\"><img decoding=\"async\" width=\"1024\" height=\"577\" data-id=\"93153\" src=\"https:\/\/infotorrent.es\/wp-content\/uploads\/2026\/03\/2-1-1024x577.jpg\" alt=\"\" class=\"wp-image-93153\" srcset=\"https:\/\/infotorrent.es\/wp-content\/uploads\/2026\/03\/2-1-1024x577.jpg 1024w, https:\/\/infotorrent.es\/wp-content\/uploads\/2026\/03\/2-1-300x169.jpg 300w, https:\/\/infotorrent.es\/wp-content\/uploads\/2026\/03\/2-1-768x432.jpg 768w, https:\/\/infotorrent.es\/wp-content\/uploads\/2026\/03\/2-1-1536x865.jpg 1536w, https:\/\/infotorrent.es\/wp-content\/uploads\/2026\/03\/2-1.jpg 2000w\" sizes=\"(max-width: 1024px) 100vw, 1024px\" \/><\/figure>\n<\/figure>\n\n\n\n<figure class=\"wp-block-image size-large\"><img loading=\"lazy\" decoding=\"async\" width=\"1024\" height=\"577\" src=\"https:\/\/infotorrent.es\/wp-content\/uploads\/2026\/03\/21-1-1024x577.jpg\" alt=\"\" class=\"wp-image-93157\" srcset=\"https:\/\/infotorrent.es\/wp-content\/uploads\/2026\/03\/21-1-1024x577.jpg 1024w, https:\/\/infotorrent.es\/wp-content\/uploads\/2026\/03\/21-1-300x169.jpg 300w, https:\/\/infotorrent.es\/wp-content\/uploads\/2026\/03\/21-1-768x432.jpg 768w, https:\/\/infotorrent.es\/wp-content\/uploads\/2026\/03\/21-1-1536x865.jpg 1536w, https:\/\/infotorrent.es\/wp-content\/uploads\/2026\/03\/21-1.jpg 2000w\" sizes=\"(max-width: 1024px) 100vw, 1024px\" \/><\/figure>\n\n\n\n<figure class=\"wp-block-image size-large\"><img loading=\"lazy\" decoding=\"async\" width=\"1024\" height=\"577\" src=\"https:\/\/infotorrent.es\/wp-content\/uploads\/2026\/03\/23-1-1024x577.jpg\" alt=\"\" class=\"wp-image-93159\" srcset=\"https:\/\/infotorrent.es\/wp-content\/uploads\/2026\/03\/23-1-1024x577.jpg 1024w, https:\/\/infotorrent.es\/wp-content\/uploads\/2026\/03\/23-1-300x169.jpg 300w, https:\/\/infotorrent.es\/wp-content\/uploads\/2026\/03\/23-1-768x432.jpg 768w, https:\/\/infotorrent.es\/wp-content\/uploads\/2026\/03\/23-1-1536x865.jpg 1536w, https:\/\/infotorrent.es\/wp-content\/uploads\/2026\/03\/23-1.jpg 2000w\" sizes=\"(max-width: 1024px) 100vw, 1024px\" \/><\/figure>\n","protected":false},"excerpt":{"rendered":"<p>Conciliaci\u00f3, di\u00e0leg i proximitat: el paper de la Unitat de Mediaci\u00f3 i Enlla\u00e7 Comunitari (MEC) en la cohesi\u00f3 social de la ciutat La ciutat de Torrent va acollir el passat 1 de mar\u00e7 la celebraci\u00f3 de la tradicional festa romanesa del M\u0103r\u021bi\u0219or, una jornada carregada de simbolisme, cultura i integraci\u00f3 que va reunir m\u00e9s d&#8217;un [&hellip;]<\/p>\n","protected":false},"author":20,"featured_media":93152,"comment_status":"open","ping_status":"open","sticky":false,"template":"","format":"standard","meta":{"_acf_changed":false,"footnotes":""},"categories":[142,1190],"tags":[],"class_list":["post-93149","post","type-post","status-publish","format-standard","has-post-thumbnail","hentry","category-seguridad-ciudadana-y-mobilidad","category-ayuntamiento-de-torrent-ca"],"acf":[],"_links":{"self":[{"href":"https:\/\/infotorrent.es\/ca\/wp-json\/wp\/v2\/posts\/93149","targetHints":{"allow":["GET"]}}],"collection":[{"href":"https:\/\/infotorrent.es\/ca\/wp-json\/wp\/v2\/posts"}],"about":[{"href":"https:\/\/infotorrent.es\/ca\/wp-json\/wp\/v2\/types\/post"}],"author":[{"embeddable":true,"href":"https:\/\/infotorrent.es\/ca\/wp-json\/wp\/v2\/users\/20"}],"replies":[{"embeddable":true,"href":"https:\/\/infotorrent.es\/ca\/wp-json\/wp\/v2\/comments?post=93149"}],"version-history":[{"count":1,"href":"https:\/\/infotorrent.es\/ca\/wp-json\/wp\/v2\/posts\/93149\/revisions"}],"predecessor-version":[{"id":93161,"href":"https:\/\/infotorrent.es\/ca\/wp-json\/wp\/v2\/posts\/93149\/revisions\/93161"}],"wp:featuredmedia":[{"embeddable":true,"href":"https:\/\/infotorrent.es\/ca\/wp-json\/wp\/v2\/media\/93152"}],"wp:attachment":[{"href":"https:\/\/infotorrent.es\/ca\/wp-json\/wp\/v2\/media?parent=93149"}],"wp:term":[{"taxonomy":"category","embeddable":true,"href":"https:\/\/infotorrent.es\/ca\/wp-json\/wp\/v2\/categories?post=93149"},{"taxonomy":"post_tag","embeddable":true,"href":"https:\/\/infotorrent.es\/ca\/wp-json\/wp\/v2\/tags?post=93149"}],"curies":[{"name":"wp","href":"https:\/\/api.w.org\/{rel}","templated":true}]}}