{"id":9268,"date":"2018-02-27T14:53:24","date_gmt":"2018-02-27T14:53:24","guid":{"rendered":"https:\/\/infotorrent.es\/uncategorized\/el-centre-rociero-andalus-de-torrent-celebra-el-dia-dandalusia\/"},"modified":"2018-02-27T14:54:52","modified_gmt":"2018-02-27T14:54:52","slug":"el-centre-rociero-andalus-de-torrent-celebra-el-dia-dandalusia","status":"publish","type":"post","link":"https:\/\/infotorrent.es\/ca\/noticies\/el-centre-rociero-andalus-de-torrent-celebra-el-dia-dandalusia\/","title":{"rendered":"El Centre Rociero de Torrent celebra el Dia d&#8217;Andalusia"},"content":{"rendered":"<p style=\"text-align: justify;\">El Centre Cultural Rociero Andal\u00fas de Torrent va participar en l&#8217;acte multitudinari de la celebraci\u00f3 del Dia d&#8217;Andalusia de la Federaci\u00f3 d&#8217;Entitats Andaluses de la Comunitat Valenciana (FECA). El quadre major del centre torrent\u00ed va actuar per a tots els assistents, acompanyats en tot moment per representants de la corporaci\u00f3 municipal.<\/p>\n","protected":false},"excerpt":{"rendered":"<p>El Centre Cultural Rociero Andal\u00fas de Torrent va participar en l&#8217;acte multitudinari de la celebraci\u00f3 del Dia d&#8217;Andalusia de la Federaci\u00f3 d&#8217;Entitats Andaluses de la Comunitat Valenciana (FECA). El quadre major del centre torrent\u00ed va actuar per a tots els assistents, acompanyats en tot moment per representants de la corporaci\u00f3 municipal.<\/p>\n","protected":false},"author":9,"featured_media":1137,"comment_status":"closed","ping_status":"open","sticky":false,"template":"","format":"standard","meta":{"_acf_changed":false,"footnotes":""},"categories":[156,116],"tags":[856],"class_list":["post-9268","post","type-post","status-publish","format-standard","has-post-thumbnail","hentry","category-festes-i-tradicions-2","category-noticies","tag-centre-rociero-andaluscentro-rociero-andaluzdia-dandalusiatorrent"],"acf":[],"_links":{"self":[{"href":"https:\/\/infotorrent.es\/ca\/wp-json\/wp\/v2\/posts\/9268","targetHints":{"allow":["GET"]}}],"collection":[{"href":"https:\/\/infotorrent.es\/ca\/wp-json\/wp\/v2\/posts"}],"about":[{"href":"https:\/\/infotorrent.es\/ca\/wp-json\/wp\/v2\/types\/post"}],"author":[{"embeddable":true,"href":"https:\/\/infotorrent.es\/ca\/wp-json\/wp\/v2\/users\/9"}],"replies":[{"embeddable":true,"href":"https:\/\/infotorrent.es\/ca\/wp-json\/wp\/v2\/comments?post=9268"}],"version-history":[{"count":0,"href":"https:\/\/infotorrent.es\/ca\/wp-json\/wp\/v2\/posts\/9268\/revisions"}],"wp:featuredmedia":[{"embeddable":true,"href":"https:\/\/infotorrent.es\/ca\/wp-json\/wp\/v2\/media\/1137"}],"wp:attachment":[{"href":"https:\/\/infotorrent.es\/ca\/wp-json\/wp\/v2\/media?parent=9268"}],"wp:term":[{"taxonomy":"category","embeddable":true,"href":"https:\/\/infotorrent.es\/ca\/wp-json\/wp\/v2\/categories?post=9268"},{"taxonomy":"post_tag","embeddable":true,"href":"https:\/\/infotorrent.es\/ca\/wp-json\/wp\/v2\/tags?post=9268"}],"curies":[{"name":"wp","href":"https:\/\/api.w.org\/{rel}","templated":true}]}}