{"id":9260,"date":"2018-02-26T17:25:44","date_gmt":"2018-02-26T17:25:44","guid":{"rendered":"https:\/\/infotorrent.es\/uncategorized\/torrent-ja-esta-en-falles\/"},"modified":"2018-02-26T17:13:31","modified_gmt":"2018-02-26T17:13:31","slug":"torrent-ja-esta-en-falles","status":"publish","type":"post","link":"https:\/\/infotorrent.es\/ca\/noticies\/torrent-ja-esta-en-falles\/","title":{"rendered":"Torrent ja est\u00e0 en Falles"},"content":{"rendered":"<p style=\"text-align: justify;\"><strong>Elevades davant de la Torre i enfront de milers de fallers i falleres, Mar\u00eda Jes\u00fas Rinc\u00f3n i Alexia Manzano proclamaren l&#8217;inici de les falles a Torrent<\/strong><\/p>\n<p style=\"text-align: justify;\">Milers de persones es van acostar dissabte a la Torre per a donar el tret d&#8217;eixida a les Falles de Torrent 2018. Amb una Torre engalanada per a l&#8217;ocasi\u00f3, la m\u00fasica de les xarangues, l&#8217;alegria dels fallers i falleres, llums i pancartes esperaven amb emoci\u00f3 el moment de la Crida. A les 20h, Mar\u00eda Jes\u00fas Rinc\u00f3n i Alexia Manzano com a falleres majors i al capdavant de les seus corts d&#8217;honor, pujaren a fer la Crida al m\u00f3n faller torrent\u00ed.<\/p>\n<p><a href=\"https:\/\/www.infotorrent.es\/wp-content\/uploads\/2018\/02\/crida_fallas-1.jpg\"><img fetchpriority=\"high\" decoding=\"async\" class=\"size-full wp-image-11025 aligncenter\" src=\"https:\/\/www.infotorrent.es\/wp-content\/uploads\/2018\/02\/crida_fallas-1.jpg\" alt=\"\" width=\"1074\" height=\"716\" \/><\/a><\/p>\n<p style=\"text-align: justify;\">L&#8217;acte es va obrir amb un v\u00eddeo en qu\u00e8 es retia homenatge al proc\u00e9s de creaci\u00f3 del monument al mateix temps que les comissions van treballant durant tot l&#8217;any als carrers i als casals amb la gran varietat d&#8217;activitats que duen a terme. Mar\u00eda Jes\u00fas va agrair el treball incansable dels fallers i falleres<strong> \u201csou l&#8217;ess\u00e8ncia de la nostra festa, el sacrifici i el treball que les falles necessiten\u201d<\/strong>, a m\u00e9s va voler animar a fer que este sentiment no decaiga i siga m\u00e9s fort cada dia <strong>\u201cvos convide a continuar fent falla, esta hist\u00f2ria tamb\u00e9 \u00e9s de totes les persones que ja no estan i que ens van inculcar el vertader esperit faller\u201d<\/strong>.<\/p>\n<p style=\"text-align: justify;\">Per la seua banda, Alexia Manzano com a m\u00e0xima representant del m\u00f3n faller infantil va voler animar tots els fallers i falleres a <strong>\u201cenriquir-nos del que els majors ens han pogut transmetre i viure les falles durant tot l&#8217;any\u201d<\/strong>.<\/p>\n<p><a href=\"https:\/\/www.infotorrent.es\/wp-content\/uploads\/2018\/02\/crida_fallas-2.jpg\"><img decoding=\"async\" class=\"size-full wp-image-11027 aligncenter\" src=\"https:\/\/www.infotorrent.es\/wp-content\/uploads\/2018\/02\/crida_fallas-2.jpg\" alt=\"\" width=\"1074\" height=\"806\" \/><\/a><\/p>\n<p style=\"text-align: justify;\">L&#8217;alcalde Jes\u00fas Ros i el regidor de Festes, Jos\u00e9 Antonio Castillejo, van voler acompanyar Mar\u00eda Jes\u00fas i Alexia en esta crida al m\u00f3n faller. L&#8217;alcalde els va entregar les claus de la ciutat i va tindre paraules d&#8217;afecte per a tots els fallers i falleres <strong>\u201cTorrent \u00e9s una ciutat entranyable, que creu en el que \u00e9s seu i que treballa per la seua cultura, tradicions i festes. Per aix\u00f2, obrirem les nostres portes i els nostres cors. Gr\u00e0cies per tot el que feu per les falles i per Torrent\u201d<\/strong>.<\/p>\n<p style=\"text-align: left;\"><a href=\"https:\/\/www.infotorrent.es\/wp-content\/uploads\/2018\/02\/crida_fallas-3.jpg\"><img decoding=\"async\" class=\"size-full wp-image-11029 aligncenter\" src=\"https:\/\/www.infotorrent.es\/wp-content\/uploads\/2018\/02\/crida_fallas-3.jpg\" alt=\"\" width=\"1074\" height=\"716\" \/><\/a><\/p>\n<p style=\"text-align: justify;\">Finalment, i abans d&#8217;escoltar els himnes de Torrent i de la Comunitat Valenciana, Mar\u00eda Jes\u00fas i Alexia pronunciaren el missatge m\u00e9s esperat de la nit per a proclamar l&#8217;inici de les falles <strong>&#8220;Feu tremolar la ciutat i que s\u00e0pia el m\u00f3n sencer que Torrent ja est\u00e0 en Falles&#8221;<\/strong><\/p>\n<p style=\"text-align: justify;\">Comencen aix\u00ed tres intenses setmanes d&#8217;activitat fallera amb les cavalcades, l&#8217;Exposici\u00f3 del Ninot, el Cant de l&#8217;Estoreta i els actes de la setmana fallera. Quasi un mes d&#8217;activitat que omplir\u00e0 els nostres carrers de m\u00fasica, p\u00f3lvora i color.<\/p>\n<p style=\"text-align: left;\">\n","protected":false},"excerpt":{"rendered":"<p>Elevades davant de la Torre i enfront de milers de fallers i falleres, Mar\u00eda Jes\u00fas Rinc\u00f3n i Alexia Manzano proclamaren l&#8217;inici de les falles a Torrent Milers de persones es van acostar dissabte a la Torre per a donar el tret d&#8217;eixida a les Falles de Torrent 2018. Amb una Torre engalanada per a l&#8217;ocasi\u00f3, [&hellip;]<\/p>\n","protected":false},"author":4,"featured_media":9262,"comment_status":"closed","ping_status":"open","sticky":false,"template":"","format":"standard","meta":{"_acf_changed":false,"footnotes":""},"categories":[156,116],"tags":[408],"class_list":["post-9260","post","type-post","status-publish","format-standard","has-post-thumbnail","hentry","category-festes-i-tradicions-2","category-noticies","tag-ajuntament-detorrenttorrent"],"acf":[],"_links":{"self":[{"href":"https:\/\/infotorrent.es\/ca\/wp-json\/wp\/v2\/posts\/9260","targetHints":{"allow":["GET"]}}],"collection":[{"href":"https:\/\/infotorrent.es\/ca\/wp-json\/wp\/v2\/posts"}],"about":[{"href":"https:\/\/infotorrent.es\/ca\/wp-json\/wp\/v2\/types\/post"}],"author":[{"embeddable":true,"href":"https:\/\/infotorrent.es\/ca\/wp-json\/wp\/v2\/users\/4"}],"replies":[{"embeddable":true,"href":"https:\/\/infotorrent.es\/ca\/wp-json\/wp\/v2\/comments?post=9260"}],"version-history":[{"count":0,"href":"https:\/\/infotorrent.es\/ca\/wp-json\/wp\/v2\/posts\/9260\/revisions"}],"wp:featuredmedia":[{"embeddable":true,"href":"https:\/\/infotorrent.es\/ca\/wp-json\/wp\/v2\/media\/9262"}],"wp:attachment":[{"href":"https:\/\/infotorrent.es\/ca\/wp-json\/wp\/v2\/media?parent=9260"}],"wp:term":[{"taxonomy":"category","embeddable":true,"href":"https:\/\/infotorrent.es\/ca\/wp-json\/wp\/v2\/categories?post=9260"},{"taxonomy":"post_tag","embeddable":true,"href":"https:\/\/infotorrent.es\/ca\/wp-json\/wp\/v2\/tags?post=9260"}],"curies":[{"name":"wp","href":"https:\/\/api.w.org\/{rel}","templated":true}]}}